{"id":196182,"date":"2019-08-26T15:02:32","date_gmt":"2019-08-26T12:02:32","guid":{"rendered":"http:\/\/www.tvturk.com\/index.php\/yeni-malatyaspora-gokhan-toreden-kotu-haber\/"},"modified":"2019-08-26T15:02:32","modified_gmt":"2019-08-26T12:02:32","slug":"yeni-malatyaspora-gokhan-toreden-kotu-haber","status":"publish","type":"post","link":"http:\/\/www.tvturk.com\/index.php\/yeni-malatyaspora-gokhan-toreden-kotu-haber\/","title":{"rendered":"Yeni Malatyaspor\u2019a G\u00f6khan T\u00f6re\u2019den k\u00f6t\u00fc haber"},"content":{"rendered":"<p>Trabzonspor ma\u00e7\u0131nda arka adalesinden sakatlanan G\u00f6khan T\u00f6re\u2019nin ligin 3. haftas\u0131ndaki Alanyaspor ma\u00e7\u0131nda forma giyemeyece\u011fi belirtildi.<\/p>\n<p>Yeni Malatyaspor\u2019a Trabzonspor ma\u00e7\u0131nda oyuna girdikten sonra arka adalesinden sakatlanan G\u00f6khan T\u00f6re\u2019den k\u00f6t\u00fc haber geldi. Sakatl\u0131klarla ba\u015f\u0131 dertten kurtulmayan ba\u015far\u0131l\u0131 orta saha oyuncusu Trabzonspor ma\u00e7\u0131nda oyuna girdikten sonra sakatlanarak tekrar \u00e7\u0131kmak zorunda kalm\u0131\u015ft\u0131.<\/p>\n<p>\u0130lk kontrol sonras\u0131 arka adale y\u0131rt\u0131\u011f\u0131 \u015f\u00fcphesi te\u015fhisi konulan G\u00f6khan T\u00f6re\u2019nin ligin 3. haftas\u0131nda 1 Eyl\u00fcl Pazar g\u00fcn\u00fc oynanacak Alanya ma\u00e7\u0131nda oynayamayaca\u011f\u0131 ifade edildi. Bu arada sakatl\u0131klar\u0131ndan dolay\u0131 Trabzonspor m\u00fcsabakas\u0131nda forma giyemeyen sa\u011f bek Issam Chebake ve orta saha oyuncusu Murat Y\u0131ld\u0131r\u0131m\u2019\u0131n ise tedavilerinin tamamland\u0131\u011f\u0131, Alanyaspor ma\u00e7\u0131nda g\u00f6rev verilmesi halinde oynayabilecekleri belirtildi.<\/p>\n<p>Tak\u0131m\u0131n yeni transferi Ganal\u0131 orta saha oyuncusu Afriyie Acquah\u2019\u0131n da Alanyaspor ma\u00e7\u0131 haz\u0131rl\u0131klar\u0131nda yer alaca\u011f\u0131 bildirildi.<\/p>\n","protected":false},"excerpt":{"rendered":"<p>TRABZONSPOR MA\u00c7INDA ARKA ADALES\u0130NDEN SAKATLANAN G\u00d6KHAN T\u00d6RE\u2019N\u0130N L\u0130G\u0130N 3. HAFTASINDAK\u0130 ALANYASPOR MA\u00c7INDA FORMA G\u0130YEMEYECE\u011e\u0130 BEL\u0130RT\u0130LD\u0130.<\/p>\n","protected":false},"author":1,"featured_media":196183,"comment_status":"closed","ping_status":"open","sticky":false,"template":"","format":"standard","meta":{"jetpack_post_was_ever_published":false,"_jetpack_newsletter_access":"","_jetpack_dont_email_post_to_subs":false,"_jetpack_newsletter_tier_id":0,"_jetpack_memberships_contains_paywalled_content":false,"_jetpack_memberships_contains_paid_content":false,"footnotes":"","jetpack_publicize_message":"","jetpack_publicize_feature_enabled":true,"jetpack_social_post_already_shared":true,"jetpack_social_options":{"image_generator_settings":{"template":"highway","default_image_id":0,"font":"","enabled":false},"version":2}},"categories":[657],"tags":[8562,6218,1545,3916,26868,87],"class_list":["post-196182","post","type-post","status-publish","format-standard","has-post-thumbnail","hentry","category-spor","tag-kotu","tag-gokhan","tag-haber","tag-malatyaspora","tag-toreden","tag-yeni"],"jetpack_publicize_connections":[],"jetpack_featured_media_url":"https:\/\/i0.wp.com\/www.tvturk.com\/wp-content\/uploads\/2019\/08\/yeni-malatyaspora-gokhan-toreden-kotu-haber_b9d935d.jpg?fit=1000%2C666","jetpack_sharing_enabled":true,"jetpack_shortlink":"https:\/\/wp.me\/paKIfm-P2e","_links":{"self":[{"href":"http:\/\/www.tvturk.com\/index.php\/wp-json\/wp\/v2\/posts\/196182","targetHints":{"allow":["GET"]}}],"collection":[{"href":"http:\/\/www.tvturk.com\/index.php\/wp-json\/wp\/v2\/posts"}],"about":[{"href":"http:\/\/www.tvturk.com\/index.php\/wp-json\/wp\/v2\/types\/post"}],"author":[{"embeddable":true,"href":"http:\/\/www.tvturk.com\/index.php\/wp-json\/wp\/v2\/users\/1"}],"replies":[{"embeddable":true,"href":"http:\/\/www.tvturk.com\/index.php\/wp-json\/wp\/v2\/comments?post=196182"}],"version-history":[{"count":0,"href":"http:\/\/www.tvturk.com\/index.php\/wp-json\/wp\/v2\/posts\/196182\/revisions"}],"wp:featuredmedia":[{"embeddable":true,"href":"http:\/\/www.tvturk.com\/index.php\/wp-json\/wp\/v2\/media\/196183"}],"wp:attachment":[{"href":"http:\/\/www.tvturk.com\/index.php\/wp-json\/wp\/v2\/media?parent=196182"}],"wp:term":[{"taxonomy":"category","embeddable":true,"href":"http:\/\/www.tvturk.com\/index.php\/wp-json\/wp\/v2\/categories?post=196182"},{"taxonomy":"post_tag","embeddable":true,"href":"http:\/\/www.tvturk.com\/index.php\/wp-json\/wp\/v2\/tags?post=196182"}],"curies":[{"name":"wp","href":"https:\/\/api.w.org\/{rel}","templated":true}]}}