{"id":196212,"date":"2019-08-26T16:01:49","date_gmt":"2019-08-26T13:01:49","guid":{"rendered":"http:\/\/www.tvturk.com\/index.php\/avukatlardan-emine-bulutun-katledilisini-ceken-kisi-hakkinda-suc-duyurusu\/"},"modified":"2019-08-26T16:01:49","modified_gmt":"2019-08-26T13:01:49","slug":"avukatlardan-emine-bulutun-katledilisini-ceken-kisi-hakkinda-suc-duyurusu","status":"publish","type":"post","link":"http:\/\/www.tvturk.com\/index.php\/avukatlardan-emine-bulutun-katledilisini-ceken-kisi-hakkinda-suc-duyurusu\/","title":{"rendered":"Avukatlardan Emine Bulut\u2019un katledili\u015fini \u00e7eken ki\u015fi hakk\u0131nda su\u00e7 duyurusu"},"content":{"rendered":"<p>K\u0131r\u0131kkale\u2019de 10 ya\u015f\u0131ndaki k\u0131z\u0131n\u0131n yan\u0131nda vah\u015fice b\u0131\u00e7aklanarak \u00f6ld\u00fcr\u00fclen Emine Bulut i\u00e7in adliye \u00f6n\u00fcnde toplanan bir grup avukat, \u015fiddet i\u00e7erikli g\u00f6r\u00fcnt\u00fcleri \u00e7eken ki\u015fi hakk\u0131nda su\u00e7 duyurusunda bulundu.<\/p>\n<p>K\u0131r\u0131kkale Barosu Kad\u0131n Haklar\u0131 Komisyonu \u00fcyeleri, adliye \u00f6n\u00fcnde &#8220;Kad\u0131na \u015eiddete Hay\u0131r&#8221; ad\u0131 alt\u0131nda &#8220;Anne l\u00fctfen \u00f6lme&#8230; #Emine Bulut&#8221; yaz\u0131l\u0131 pankart a\u00e7arak ya\u015fananlar\u0131 protesto etti. Emine Bulut\u2019u vah\u015fice k\u0131z\u0131n\u0131n g\u00f6zleri \u00f6n\u00fcnde \u00f6ld\u00fcren eski kocas\u0131n\u0131n en a\u011f\u0131r cezay\u0131 almas\u0131 i\u00e7in hukuki s\u00fcre\u00e7 ba\u015flatt\u0131klar\u0131n\u0131 ifade eden Kad\u0131n Haklar\u0131 Komisyonu Ba\u015fkan\u0131 Tu\u011f\u00e7e G\u00fcner, &#8220;Emine Bulut cinayetiyle ilgili video \u00e7ekerek payla\u015fan, olay an\u0131nda yard\u0131m \u00e7a\u011f\u0131rmayan, foto\u011fraf\u0131n\u0131 \u00e7ekerek yay\u0131n yasa\u011f\u0131na ra\u011fmen su\u00e7 ve su\u00e7luyu \u00f6ven payla\u015f\u0131mda bulunan ki\u015filer hakk\u0131nda komisyonumuz taraf\u0131ndan su\u00e7 duyurusunda bulunulmu\u015ftur&#8221; dedi.<\/p>\n<p>&#8220;Video \u00e7eken ki\u015fi hakk\u0131nda su\u00e7 duyurusunda bulunduk&#8221;<\/p>\n<p>G\u00fcner, &#8220;Su\u00e7lu kim? Su\u00e7lu hepimiz de\u011fil miyiz? Cinayetleri g\u00f6rmezden geliyoruz. En b\u00fcy\u00fck eksikli\u011fimiz ise bu vah\u015fi cinayetlerin g\u00f6z g\u00f6re g\u00f6re geliyorum demesine engel olam\u0131yoruz. \u015e\u00f6yle ki Emine Bulut onu katleden cani e\u015fi ile 2006 y\u0131l\u0131nda evlenmi\u015f, bo\u015fand\u0131\u011f\u0131 2013 y\u0131l\u0131na kadar aral\u0131ks\u0131z \u015fiddet g\u00f6rm\u00fc\u015ft\u00fcr. Hatta 2013 y\u0131l\u0131nda bo\u015fanmalar\u0131na ra\u011fmen 2014 y\u0131l\u0131nda katil koca hakaret ve tehditlerine devam etmi\u015f, bo\u015fanmakta bir kurtulu\u015f yolu olmam\u0131\u015ft\u0131r. Bo\u015fand\u0131\u011f\u0131 e\u015fi hakk\u0131nda su\u00e7 duyurusunda bulunmu\u015f, akabinde 2014 y\u0131l\u0131nda K\u0131r\u0131kkale Aile Mahkemesince uzakla\u015ft\u0131rma karar\u0131 verilmi\u015ftir. Yine ayn\u0131 y\u0131l K\u0131r\u0131kkale Asliye Ceza Mahkemesinde a\u00e7\u0131lan ceza dosyas\u0131, Emine Bulut\u2019un \u2019ne olursa olsun k\u0131z\u0131m\u0131n babas\u0131, i\u015fsiz kalmas\u0131n\u2019 d\u00fc\u015f\u00fcncesiyle \u015fikayetten vazge\u00e7me neticesinde kapanm\u0131\u015ft\u0131r. Bir yanda y\u0131llarca \u015fiddet g\u00f6rd\u00fc\u011f\u00fc ki\u015finin i\u015ften \u00e7\u0131kar\u0131lmas\u0131na vicdan\u0131 el vermeyen Emine Bulut, di\u011fer yanda ise \u00e7ocu\u011funun \u2019Anne ne olur \u00f6lme\u2019 serzeni\u015fleriyle g\u00f6z\u00fc \u00f6n\u00fcnde katleden cani eski koca. Biz K\u0131r\u0131kkale Barosu Kad\u0131n Haklar\u0131 Komisyonu olarak bug\u00fcn itibar\u0131 ile kat\u0131lma talebimizi bildirdik. Yarg\u0131laman\u0131n sonuna kadar yan\u0131nday\u0131z. En a\u011f\u0131r cezay\u0131 almas\u0131 i\u00e7in elimizden geleni yapaca\u011f\u0131z. Bunun neticesinde video \u00e7eken ki\u015filer var, su\u00e7 duyurusunda bulunduk&#8221; \u015feklinde konu\u015ftu.<\/p>\n","protected":false},"excerpt":{"rendered":"<p>KIRIKKALE&#8217;DE B\u0130R GRUP AVUKAT, EM\u0130NE BULUT&#8217;UN  \u0130\u00c7\u0130N ADL\u0130YE \u00d6N\u00dcNDE TOPLANAN B\u0130R GRUP AVUKAT, EM\u0130NE BULUT&#8217;UN KATLED\u0130L\u0130\u015e\u0130N\u0130 \u00c7EKEN K\u0130\u015e\u0130 HAKKINDA SU\u00c7 DUYURUSUNDA BULUNDU<\/p>\n","protected":false},"author":1,"featured_media":196213,"comment_status":"closed","ping_status":"open","sticky":false,"template":"","format":"standard","meta":{"jetpack_post_was_ever_published":false,"_jetpack_newsletter_access":"","_jetpack_dont_email_post_to_subs":false,"_jetpack_newsletter_tier_id":0,"_jetpack_memberships_contains_paywalled_content":false,"_jetpack_memberships_contains_paid_content":false,"footnotes":"","jetpack_publicize_message":"","jetpack_publicize_feature_enabled":true,"jetpack_social_post_already_shared":true,"jetpack_social_options":{"image_generator_settings":{"template":"highway","default_image_id":0,"font":"","enabled":false},"version":2}},"categories":[1],"tags":[49275,19358,4597,17270,3444,6661,49276,1012,769],"class_list":["post-196212","post","type-post","status-publish","format-standard","has-post-thumbnail","hentry","category-genel","tag-avukatlardan","tag-bulutun","tag-ceken","tag-duyurusu","tag-emine","tag-hakkinda","tag-katledilisini","tag-kisi","tag-suc"],"jetpack_publicize_connections":[],"jetpack_featured_media_url":"https:\/\/i0.wp.com\/www.tvturk.com\/wp-content\/uploads\/2019\/08\/avukatlardan-emine-bulutun-katledilisini-ceken-kisi-hakkinda-suc-duyurusu_74998f5.jpg?fit=1000%2C562","jetpack_sharing_enabled":true,"jetpack_shortlink":"https:\/\/wp.me\/paKIfm-P2I","_links":{"self":[{"href":"http:\/\/www.tvturk.com\/index.php\/wp-json\/wp\/v2\/posts\/196212","targetHints":{"allow":["GET"]}}],"collection":[{"href":"http:\/\/www.tvturk.com\/index.php\/wp-json\/wp\/v2\/posts"}],"about":[{"href":"http:\/\/www.tvturk.com\/index.php\/wp-json\/wp\/v2\/types\/post"}],"author":[{"embeddable":true,"href":"http:\/\/www.tvturk.com\/index.php\/wp-json\/wp\/v2\/users\/1"}],"replies":[{"embeddable":true,"href":"http:\/\/www.tvturk.com\/index.php\/wp-json\/wp\/v2\/comments?post=196212"}],"version-history":[{"count":0,"href":"http:\/\/www.tvturk.com\/index.php\/wp-json\/wp\/v2\/posts\/196212\/revisions"}],"wp:featuredmedia":[{"embeddable":true,"href":"http:\/\/www.tvturk.com\/index.php\/wp-json\/wp\/v2\/media\/196213"}],"wp:attachment":[{"href":"http:\/\/www.tvturk.com\/index.php\/wp-json\/wp\/v2\/media?parent=196212"}],"wp:term":[{"taxonomy":"category","embeddable":true,"href":"http:\/\/www.tvturk.com\/index.php\/wp-json\/wp\/v2\/categories?post=196212"},{"taxonomy":"post_tag","embeddable":true,"href":"http:\/\/www.tvturk.com\/index.php\/wp-json\/wp\/v2\/tags?post=196212"}],"curies":[{"name":"wp","href":"https:\/\/api.w.org\/{rel}","templated":true}]}}