{"id":196226,"date":"2019-08-26T16:46:06","date_gmt":"2019-08-26T13:46:06","guid":{"rendered":"http:\/\/www.tvturk.com\/index.php\/merkel-iranla-diplomatik-kanallarin-acik-tutulmasini-istedi\/"},"modified":"2019-08-26T16:46:06","modified_gmt":"2019-08-26T13:46:06","slug":"merkel-iranla-diplomatik-kanallarin-acik-tutulmasini-istedi","status":"publish","type":"post","link":"http:\/\/www.tvturk.com\/index.php\/merkel-iranla-diplomatik-kanallarin-acik-tutulmasini-istedi\/","title":{"rendered":"Merkel, \u0130ran\u2019la diplomatik kanallar\u0131n a\u00e7\u0131k tutulmas\u0131n\u0131 istedi"},"content":{"rendered":"<p>Almanya Ba\u015fbakan\u0131 Angela Merkel, G7 Zirvesi s\u0131ras\u0131nda ger\u00e7ekle\u015ftirilen g\u00f6r\u00fc\u015fmeler hakk\u0131nda de\u011ferlendirmede bulundu. Merkel, \u0130ran konusunda b\u00fcy\u00fck ad\u0131mlar at\u0131ld\u0131\u011f\u0131n\u0131 ve \u00e7\u00f6z\u00fcm i\u00e7in diplomatik kanallar\u0131n a\u00e7\u0131k tutulmas\u0131n\u0131n \u00f6nemli oldu\u011funu belirtti.<\/p>\n<p>Bu y\u0131l 45\u2019incisi d\u00fczenlenen G7 Zirvesi kapsam\u0131nda Fransa\u2019n\u0131n Biarritz kentinde bulunan Almanya Ba\u015fbakan\u0131 Angela Merkel, zirvede Suriye, Libya, Ukrayna gibi s\u0131k\u0131nt\u0131l\u0131 b\u00f6lgeler hakk\u0131nda di\u011fer liderlerle g\u00f6r\u00fc\u015f al\u0131\u015fveri\u015finde bulundu\u011funu a\u00e7\u0131klad\u0131. Zirve hakk\u0131nda olumlu de\u011ferlendirmelerde bulunan Almanya \u015eans\u00f6lyesi, uluslararas\u0131 toplumun \u0130ran konusunda ileriye do\u011fru b\u00fcy\u00fck bir ad\u0131m att\u0131\u011f\u0131n\u0131 ve uluslararas\u0131 diyalog sayesinde \u0130ran krizinin a\u015f\u0131laca\u011f\u0131n\u0131 belirtti. Merkel,  \u0130ran meselesinin \u00e7\u00f6z\u00fcm\u00fcn\u00fcn h\u0131zl\u0131 olmas\u0131n\u0131 beklemediklerini ve bunun \u00e7ok k\u0131r\u0131lgan bir s\u00fcre\u00e7 oldu\u011funu ifade ederken diyalog i\u00e7in diplomatik ileti\u015fim kanallar\u0131n\u0131n a\u00e7\u0131k b\u0131rak\u0131lmas\u0131n\u0131n \u00f6nemli oldu\u011funun alt\u0131n\u0131 \u00e7izdi.<\/p>\n","protected":false},"excerpt":{"rendered":"<p>ALMANYA BA\u015eBAKANI ANGELA MERKEL, G7 Z\u0130RVES\u0130 SIRASINDA GER\u00c7EKLE\u015eT\u0130R\u0130LEN G\u00d6R\u00dc\u015eMELER HAKKINDA DE\u011eERLEND\u0130RMEDE BULUNDU. MERKEL, \u0130RAN KONUSUNDA B\u00dcY\u00dcK ADIMLAR ATILDI\u011eINI VE \u00c7\u00d6Z\u00dcM \u0130\u00c7\u0130N D\u0130PLOMAT\u0130K KANALLARIN A\u00c7IK TUTULMASININ \u00d6NEML\u0130 OLDU\u011eUNU BEL\u0130RTT\u0130.<\/p>\n","protected":false},"author":1,"featured_media":196227,"comment_status":"closed","ping_status":"open","sticky":false,"template":"","format":"standard","meta":{"jetpack_post_was_ever_published":false,"_jetpack_newsletter_access":"","_jetpack_dont_email_post_to_subs":false,"_jetpack_newsletter_tier_id":0,"_jetpack_memberships_contains_paywalled_content":false,"_jetpack_memberships_contains_paid_content":false,"footnotes":"","jetpack_publicize_message":"","jetpack_publicize_feature_enabled":true,"jetpack_social_post_already_shared":true,"jetpack_social_options":{"image_generator_settings":{"template":"highway","default_image_id":0,"font":"","enabled":false},"version":2}},"categories":[10],"tags":[9804,28959,25890,2411,49280,14460,9790],"class_list":["post-196226","post","type-post","status-publish","format-standard","has-post-thumbnail","hentry","category-dunya","tag-acik","tag-diplomatik","tag-iranla","tag-istedi","tag-kanallarin","tag-merkel","tag-tutulmasini"],"jetpack_publicize_connections":[],"jetpack_featured_media_url":"https:\/\/i0.wp.com\/www.tvturk.com\/wp-content\/uploads\/2019\/08\/merkel-iranla-diplomatik-kanallarin-acik-tutulmasini-istedi_d7fbadf.jpg?fit=1000%2C720","jetpack_sharing_enabled":true,"jetpack_shortlink":"https:\/\/wp.me\/paKIfm-P2W","_links":{"self":[{"href":"http:\/\/www.tvturk.com\/index.php\/wp-json\/wp\/v2\/posts\/196226","targetHints":{"allow":["GET"]}}],"collection":[{"href":"http:\/\/www.tvturk.com\/index.php\/wp-json\/wp\/v2\/posts"}],"about":[{"href":"http:\/\/www.tvturk.com\/index.php\/wp-json\/wp\/v2\/types\/post"}],"author":[{"embeddable":true,"href":"http:\/\/www.tvturk.com\/index.php\/wp-json\/wp\/v2\/users\/1"}],"replies":[{"embeddable":true,"href":"http:\/\/www.tvturk.com\/index.php\/wp-json\/wp\/v2\/comments?post=196226"}],"version-history":[{"count":0,"href":"http:\/\/www.tvturk.com\/index.php\/wp-json\/wp\/v2\/posts\/196226\/revisions"}],"wp:featuredmedia":[{"embeddable":true,"href":"http:\/\/www.tvturk.com\/index.php\/wp-json\/wp\/v2\/media\/196227"}],"wp:attachment":[{"href":"http:\/\/www.tvturk.com\/index.php\/wp-json\/wp\/v2\/media?parent=196226"}],"wp:term":[{"taxonomy":"category","embeddable":true,"href":"http:\/\/www.tvturk.com\/index.php\/wp-json\/wp\/v2\/categories?post=196226"},{"taxonomy":"post_tag","embeddable":true,"href":"http:\/\/www.tvturk.com\/index.php\/wp-json\/wp\/v2\/tags?post=196226"}],"curies":[{"name":"wp","href":"https:\/\/api.w.org\/{rel}","templated":true}]}}