{"id":196260,"date":"2019-08-26T17:31:24","date_gmt":"2019-08-26T14:31:24","guid":{"rendered":"http:\/\/www.tvturk.com\/index.php\/idlibten-kacanlar-guvenli-bolgeye-geliyor\/"},"modified":"2019-08-26T17:31:24","modified_gmt":"2019-08-26T14:31:24","slug":"idlibten-kacanlar-guvenli-bolgeye-geliyor","status":"publish","type":"post","link":"http:\/\/www.tvturk.com\/index.php\/idlibten-kacanlar-guvenli-bolgeye-geliyor\/","title":{"rendered":"\u0130dlib\u2019ten ka\u00e7anlar g\u00fcvenli b\u00f6lgeye geliyor"},"content":{"rendered":"<p>Suriye\u2019de Esad rejimi taraf\u0131ndan bombalanan \u0130dlib\u2019ten ka\u00e7an Suriyeliler, T\u00fcrkiye\u2019nin g\u00fcvenli hale getirdi\u011fi Afrin ve Azez\u2019e geliyor.<\/p>\n<p>Esad rejimi ve Rus sava\u015f u\u00e7aklar\u0131 taraf\u0131ndan, bu ay\u0131n ba\u015f\u0131ndan itibaren bombalanan Suriye\u2019nin \u0130dlip kentinde ya\u015fayan Suriyeliler, b\u00f6lgeden ka\u00e7maya ba\u015flad\u0131. Yo\u011fun sald\u0131r\u0131lara dayanamayan b\u00f6lge halk\u0131, T\u00fcrkiye\u2019nin Zeytin Dal\u0131 hareketiyle g\u00fcvenli hale getirdi\u011fi b\u00f6lgelere g\u00f6\u00e7 ediyor.<\/p>\n<p>E\u015fyalar\u0131n\u0131 kamyonlara y\u00fckleyen \u0130dlib halk\u0131, can havliyle kenti terk ederek T\u00fcrkiye destekli \u00d6zg\u00fcr Suriye Ordusu\u2019nun elinde bulunan Afrin ve Azez il\u00e7elerine geliyor. Sabah saatlerinden itibaren yakla\u015f\u0131k 100 aile, hava sald\u0131r\u0131lar\u0131na maruz kalmamak i\u00e7in kenti terk ederek g\u00fcvenli b\u00f6lgelere gidiyor.<\/p>\n<p>\u00d6SO unsurlar\u0131 \u0130dlip\u2019ten g\u00f6\u00e7 edenleri, Afrin\u2019in g\u00fcney bat\u0131 y\u00f6n\u00fcnde son noktas\u0131 olan Basuta b\u00f6lgesinde kimlik kontrol\u00fcnden ge\u00e7iriyor. Kimlik kontrol\u00fcnden ge\u00e7en Suriyeliler, g\u00fcvenli b\u00f6lgelerde ya\u015fayan akrabalar\u0131n\u0131n yanlar\u0131na gidiyor.<\/p>\n<p>Son bir ayda 125 sivilin hayat\u0131n\u0131 kaybetti\u011fi \u0130dlip\u2019te, Esad rejiminin bombard\u0131man\u0131 s\u00fcr\u00fcyor.<\/p>\n","protected":false},"excerpt":{"rendered":"<p>SUR\u0130YE\u2019DE ESAD REJ\u0130M\u0130 TARAFINDAN BOMBALANAN \u0130DL\u0130B\u2019TEN KA\u00c7AN SUR\u0130YEL\u0130LER, T\u00dcRK\u0130YE\u2019N\u0130N G\u00dcVENL\u0130 HALE GET\u0130RD\u0130\u011e\u0130 AFR\u0130N VE AZEZ\u2019E GEL\u0130YOR.<\/p>\n","protected":false},"author":1,"featured_media":196261,"comment_status":"closed","ping_status":"open","sticky":false,"template":"","format":"standard","meta":{"jetpack_post_was_ever_published":false,"_jetpack_newsletter_access":"","_jetpack_dont_email_post_to_subs":false,"_jetpack_newsletter_tier_id":0,"_jetpack_memberships_contains_paywalled_content":false,"_jetpack_memberships_contains_paid_content":false,"footnotes":"","jetpack_publicize_message":"","jetpack_publicize_feature_enabled":true,"jetpack_social_post_already_shared":true,"jetpack_social_options":{"image_generator_settings":{"template":"highway","default_image_id":0,"font":"","enabled":false},"version":2}},"categories":[10],"tags":[27153,3927,83,34939,49283],"class_list":["post-196260","post","type-post","status-publish","format-standard","has-post-thumbnail","hentry","category-dunya","tag-bolgeye","tag-geliyor","tag-guvenli","tag-idlibten","tag-kacanlar"],"jetpack_publicize_connections":[],"jetpack_featured_media_url":"https:\/\/i0.wp.com\/www.tvturk.com\/wp-content\/uploads\/2019\/08\/idlibten-kacanlar-guvenli-bolgeye-geliyor_2fb694d.jpg?fit=1000%2C562","jetpack_sharing_enabled":true,"jetpack_shortlink":"https:\/\/wp.me\/paKIfm-P3u","_links":{"self":[{"href":"http:\/\/www.tvturk.com\/index.php\/wp-json\/wp\/v2\/posts\/196260","targetHints":{"allow":["GET"]}}],"collection":[{"href":"http:\/\/www.tvturk.com\/index.php\/wp-json\/wp\/v2\/posts"}],"about":[{"href":"http:\/\/www.tvturk.com\/index.php\/wp-json\/wp\/v2\/types\/post"}],"author":[{"embeddable":true,"href":"http:\/\/www.tvturk.com\/index.php\/wp-json\/wp\/v2\/users\/1"}],"replies":[{"embeddable":true,"href":"http:\/\/www.tvturk.com\/index.php\/wp-json\/wp\/v2\/comments?post=196260"}],"version-history":[{"count":0,"href":"http:\/\/www.tvturk.com\/index.php\/wp-json\/wp\/v2\/posts\/196260\/revisions"}],"wp:featuredmedia":[{"embeddable":true,"href":"http:\/\/www.tvturk.com\/index.php\/wp-json\/wp\/v2\/media\/196261"}],"wp:attachment":[{"href":"http:\/\/www.tvturk.com\/index.php\/wp-json\/wp\/v2\/media?parent=196260"}],"wp:term":[{"taxonomy":"category","embeddable":true,"href":"http:\/\/www.tvturk.com\/index.php\/wp-json\/wp\/v2\/categories?post=196260"},{"taxonomy":"post_tag","embeddable":true,"href":"http:\/\/www.tvturk.com\/index.php\/wp-json\/wp\/v2\/tags?post=196260"}],"curies":[{"name":"wp","href":"https:\/\/api.w.org\/{rel}","templated":true}]}}