{"id":196272,"date":"2019-08-26T17:47:14","date_gmt":"2019-08-26T14:47:14","guid":{"rendered":"http:\/\/www.tvturk.com\/index.php\/bati-karadeniz-bolgesinde-ilk-kez-karaciger-nakli-yapildi\/"},"modified":"2019-08-26T17:47:14","modified_gmt":"2019-08-26T14:47:14","slug":"bati-karadeniz-bolgesinde-ilk-kez-karaciger-nakli-yapildi","status":"publish","type":"post","link":"http:\/\/www.tvturk.com\/index.php\/bati-karadeniz-bolgesinde-ilk-kez-karaciger-nakli-yapildi\/","title":{"rendered":"Bat\u0131 Karadeniz B\u00f6lgesi\u2019nde ilk kez karaci\u011fer nakli yap\u0131ld\u0131"},"content":{"rendered":"<p>Bat\u0131 Karadeniz B\u00f6lgesi\u2019ndeki ilk karaci\u011fer nakli Zonguldak B\u00fclent Ecevit \u00dcniversitesi Sa\u011fl\u0131k Uygulama ve Ara\u015ft\u0131rma Merkezi\u2019nde 67 ya\u015f\u0131ndaki emekli maden i\u015f\u00e7isine ger\u00e7ekle\u015ftirildi.<\/p>\n<p>Bat\u0131 Karadeniz B\u00f6lgesi\u2019nin sa\u011fl\u0131k \u00fcss\u00fc konumundaki Zonguldak B\u00fclent Ecevit \u00dcniversitesi sa\u011fl\u0131k alan\u0131nda b\u00f6lge genelinde yeni bir ba\u015far\u0131ya daha imza att\u0131. Bu kapsamda Zonguldak ve Bat\u0131 Karadeniz B\u00f6lgesi\u2019ndeki ilk karaci\u011fer nakli ger\u00e7ekle\u015ftirildi.<\/p>\n<p>\u00dcniversite Hastanesi Organ Nakil Merkezi taraf\u0131ndan 22 A\u011fustos Cuma g\u00fcn\u00fc, Sa\u011fl\u0131k Bakanl\u0131\u011f\u0131 Ulusal Organ ve Doku Nakil Koordinasyon Merkezi b\u00fcnyesinde kay\u0131tl\u0131 ve hastanede karaci\u011fer yetmezli\u011fi nedeni ile takip edilen 67 ya\u015f\u0131ndaki \u015eaban \u00d6zdemir\u2019e beyin \u00f6l\u00fcm\u00fc ger\u00e7ekle\u015fen kadavradan al\u0131nan karaci\u011fer ba\u015far\u0131l\u0131 bir operasyonla nakil edildi.<\/p>\n<p>6,5 saatlik ba\u015far\u0131l\u0131 operasyon<\/p>\n<p>Zonguldak B\u00fclent Ecevit \u00dcniversitesi T\u0131p Fak\u00fcltesi Genel Cerrahi Anabilim Dal\u0131 \u00d6\u011fretim \u00dcyesi Dr. Yusuf G\u00fcnay, Dr. Y\u00fccel Karadere, Dr. Aktu\u011f Buzkan, Dr. Emre Karadeniz ve Anesteziyoloji ve Reanimasyon \u00d6\u011fretim \u00dcyesi Dr. Dilek Okyay, Dr. Duygu Kocakulak ve Dr. Bahar Say\u2019dan olu\u015fan ekip, 6,5 saat s\u00fcren ba\u015far\u0131l\u0131 bir operasyonla nakli ger\u00e7ekle\u015ftirildi.<\/p>\n<p>Nakil s\u00fcrecini aktaran Dr. Yusuf G\u00fcnay, \u201cBu hastam\u0131z 67 ya\u015f\u0131nda erkek hasta, sar\u0131l\u0131\u011fa ba\u011fl\u0131 karaci\u011fer yetmezli\u011fi vard\u0131. Biz 4 g\u00fcn \u00f6nce beyin \u00f6l\u00fcm\u00fc ger\u00e7ekle\u015fen bir ki\u015fiden ald\u0131\u011f\u0131m\u0131z organ\u0131 naklettik. Bug\u00fcn d\u00f6rd\u00fcnc\u00fc g\u00fcndeyiz. Hastam\u0131z\u0131n genel durumu olduk\u00e7a iyi. Nakli yapt\u0131\u011f\u0131m\u0131z karaci\u011fer \u00e7al\u0131\u015f\u0131yor. Fonksiyoneldir. \u015eu an hastam\u0131z\u0131n herhangi bir s\u0131k\u0131nt\u0131s\u0131 yok. Her \u015fey b\u00f6yle giderse bir hafta sonra hastam\u0131z\u0131 taburcu edece\u011fiz. Merkezimiz karaci\u011fer ve b\u00f6brek nakline ba\u015flam\u0131\u015ft\u0131r. Bu konuda ba\u015fta Valimiz, Rekt\u00f6r\u00fcm\u00fcz ve ba\u015fhekimimiz olmak \u00fczere herkese te\u015fekk\u00fcr ediyorum\u201d dedi.<\/p>\n<p>Genel Cerrahi B\u00f6l\u00fcm\u00fc \u00d6\u011fretim \u00dcyesi Prof. Dr. Selim Aydemir de \u201cAsl\u0131nda ciddi boyutta bir hizmet veriyoruz. Karaci\u011fer yetmezli\u011finde ciddi medikal tedavilerimiz var art\u0131k. Pek \u00e7ok konuda da ba\u015far\u0131l\u0131y\u0131z. Ama belirli bir noktaya geldikten sonra art\u0131k medikal tedavide fayda sa\u011flayam\u0131yoruz. Bu noktada art\u0131k son evreye geldikten sonra cerrahi nakil gerekiyor\u201d diye ifade etti.<\/p>\n<p>Karaci\u011fer yetmezli\u011fi ya\u015fayanlara umut oldu<\/p>\n<p>ZBE\u00dc Sa\u011fl\u0131k Uygulama ve Ara\u015ft\u0131rma Merkezi Organ Nakil Merkezi M\u00fcd\u00fcr\u00fc Prof. Dr. Ali Borazan yapt\u0131\u011f\u0131 a\u00e7\u0131klamada, uzun zamand\u0131r organ nakliyle ilgili \u00e7al\u0131\u015fmalar yapt\u0131klar\u0131n\u0131 belirterek, karaci\u011fer nakliyle ilgili t\u00fcm \u00e7al\u0131\u015fmalar\u0131 tamamlayarak bu konuda ruhsat\u0131 ald\u0131klar\u0131n\u0131 s\u00f6yledi. Prof. Dr. Borazan, nakil merkezinin, \u00fclkemizde karaci\u011fer yetmezli\u011fi olan hastalara b\u00fcy\u00fck umut oldu\u011funu s\u00f6yledi. Borazan, \u201cB\u00f6lgemizde sa\u011fl\u0131k alan\u0131nda hizmet bekleyen, organ yetmezli\u011fi geli\u015fen hastalar\u0131m\u0131z\u0131n naklini ger\u00e7ekle\u015ftirerek normal sa\u011fl\u0131kl\u0131 bireyler gibi ya\u015famlar\u0131na devam edecektir. Bunun da \u00f6tesinde nakil merkezimizde olmas\u0131ndan dolay\u0131 di\u011fer nakil merkezlerinde olan hastalar\u0131n takibi art\u0131k nakil merkezimizde yap\u0131labilecektir. Bu s\u00fcre\u00e7 uzun bir s\u00fcre\u00e7. Rekt\u00f6r\u00fcm\u00fcz g\u00f6reve ba\u015flad\u0131\u011f\u0131ndan beri bizzat yak\u0131n takip ve ilgileriyle s\u00fcreci h\u0131zland\u0131rd\u0131k. Nakil bekleyen di\u011fer hastalar\u0131m\u0131z\u0131n da nakil i\u00e7in s\u0131raya girmelerini bekliyoruz. Emin ve g\u00fcvenli bir \u015fekilde di\u011fer illerdeki hastalar\u0131m\u0131z rahatl\u0131kla buraya s\u0131ralar\u0131n\u0131 ald\u0131rabilirler\u201d \u015feklinde konu\u015ftu.<\/p>\n<p>\u201cB\u00f6lgemiz i\u00e7in \u00e7ok \u00f6nemli bir geli\u015fme\u201d<\/p>\n<p>Zonguldak B\u00fclent Ecevit \u00dcniversitesi Rekt\u00f6r\u00fc Prof. Dr. Mustafa \u00c7ufal\u0131 da ilk kez ger\u00e7ekle\u015ftirilen karaci\u011fer nakli ile hastanenin bir\u00e7ok hizmette oldu\u011fu gibi organ naklinde de \u00f6nc\u00fc oldu\u011funu ve b\u00f6lgede halk\u0131n sa\u011fl\u0131\u011f\u0131na ciddi katk\u0131lar sa\u011flayaca\u011f\u0131n\u0131 belirterek nitelikli sa\u011fl\u0131k hizmeti sunma gayretlerini s\u00fcrd\u00fcreceklerini s\u00f6yledi.<\/p>\n<p>Prof. Dr. \u00c7ufal\u0131, \u201cHastanemizde organ nakil merkezimiz, ilk defa olarak Bat\u0131 Karadeniz B\u00f6lgesi i\u00e7erisinde karaci\u011fer nakli ger\u00e7ekle\u015ftirdi. Bu nakil merkezimizin a\u00e7\u0131lmas\u0131 i\u00e7in yo\u011fun bir \u00e7aba g\u00f6sterdik. Ekip arkada\u015flar\u0131m\u0131zla beraber a\u00e7\u0131ld\u0131ktan sonra da ruhsatland\u0131rd\u0131ktan sonra da organ verebilecek yak\u0131nlar\u0131 bekledik. Ge\u00e7en hafta bu da ger\u00e7ekle\u015fti. B\u00fct\u00fcn ekibimiz ilk defa bu b\u00f6lgede karaci\u011fer nakli ger\u00e7ekle\u015ftirdi. \u00c7ok \u00f6nemli bir geli\u015fme, hastanemiz i\u00e7in de \u00f6yle. Hastanemiz bir\u00e7ok a\u00e7\u0131dan ilkleri ger\u00e7ekle\u015ftiriyor. Bundan sonra da ger\u00e7ekle\u015ftirmeye devam edecektir\u201d dedi.<\/p>\n<p>Sa\u011fl\u0131k Uygulama ve Ara\u015ft\u0131rma Merkez M\u00fcd\u00fcr\u00fc Prof. Dr. \u015eenay \u00d6zdolap yapt\u0131\u011f\u0131 a\u00e7\u0131klamada, \u2018\u2018Organ ve doku ba\u011f\u0131\u015f\u0131 bilincinin geli\u015ftirilmesi, halk\u0131n bilin\u00e7lendirilmesi ve organ ba\u011f\u0131\u015f\u0131 konusundaki \u00f6nyarg\u0131lar\u0131n\u0131n y\u0131k\u0131lmas\u0131, hem organ ve doku temini seviyesinde hem de organ ve doku nakli hizmetinin s\u00fcrd\u00fcr\u00fclebilmesinde son derece \u00f6nemli rol oynamaktad\u0131r. Merkezimiz organ nakli konusunda ileri d\u00fczey bilgi ve teknoloji gerektiren bir alt yap\u0131ya sahiptir. Bug\u00fcn de bu birikimin hakl\u0131 gururunu sizlerle payla\u015fman\u0131n sevincini ya\u015f\u0131yoruz.  \u015eunu bilmek gerekir ki, ba\u011f\u0131\u015flanan her organ yeni bir hayata verilen cand\u0131r\u2019\u2019 dedi.<\/p>\n<p>\u201cB\u00f6lgemiz ve insan\u0131m\u0131z i\u00e7in gurur vesilesidir\u201d<\/p>\n<p>Organ nakli yap\u0131lan hastay\u0131 ziyaret ederek \u2018ge\u00e7mi\u015f olsun\u2019 dile\u011fini ileten Zonguldak Valisi Erdo\u011fan Bekta\u015f da gazetecilere \u015fu a\u00e7\u0131klamalarda bulundu:<\/p>\n<p>\u201cBat\u0131 Karadeniz B\u00f6lgesi\u2019nde tek organ nakli yap\u0131lan hastane bizim \u00fcniversitemizin t\u0131p fak\u00fcltesinin hastanesi. Geni\u015f\u00e7e bir ekip var. Rekt\u00f6rl\u00fc\u011f\u00fcm\u00fcz ve ba\u015fhekimimizin katk\u0131lar\u0131yla ilk karaci\u011fer nakli ger\u00e7ekle\u015fmi\u015f oldu. Karaci\u011fer nakli benim d\u0131\u015far\u0131dan bilgilerime g\u00f6re olduk\u00e7a zor bir nakildir. Organ nakilleri i\u00e7erisinde zor olanlardan birisidir. Ekibi kutluyoruz. Bu i\u015fin birka\u00e7 y\u00f6n\u00fc var. \u015eehrimize ait bir kurumda b\u00f6yle bir ba\u015far\u0131n\u0131n ortaya \u00e7\u0131kart\u0131lmas\u0131 b\u00f6lgemiz i\u00e7in, \u015fehrimiz ve insan\u0131m\u0131z i\u00e7in bir gurur vesilesidir. Organ bekleyen insanlar\u0131m\u0131z var. Onlara yeni bir \u00e7\u00f6z\u00fcm kap\u0131s\u0131 a\u00e7\u0131lm\u0131\u015f olmas\u0131 da \u00f6nemli. Hep Ankara, \u0130stanbul gibi yerlerde bu i\u015fleri koval\u0131yorken art\u0131k b\u00f6brek ve karaci\u011fer nakli bekleyen hastalar\u0131m\u0131z\u0131n bir g\u00f6z\u00fc bir kula\u011f\u0131 da bu saatten sonra Zonguldak\u2019ta olacak.\u201d<\/p>\n<p>Organ nakli yap\u0131lan hastan\u0131n \u00f6n\u00fcm\u00fczdeki hafta taburcu edilece\u011fi \u00f6\u011frenildi.<\/p>\n","protected":false},"excerpt":{"rendered":"<p>BATI KARADEN\u0130Z B\u00d6LGES\u0130\u2019NDEK\u0130 \u0130LK KARAC\u0130\u011eER NAKL\u0130 ZONGULDAK B\u00dcLENT ECEV\u0130T \u00dcN\u0130VERS\u0130TES\u0130 SA\u011eLIK UYGULAMA VE ARA\u015eTIRMA MERKEZ\u0130\u2019NDE 67 YA\u015eINDAK\u0130 EMEKL\u0130 MADEN \u0130\u015e\u00c7\u0130S\u0130NE GER\u00c7EKLE\u015eT\u0130R\u0130LD\u0130.<\/p>\n","protected":false},"author":1,"featured_media":196273,"comment_status":"closed","ping_status":"open","sticky":false,"template":"","format":"standard","meta":{"jetpack_post_was_ever_published":false,"_jetpack_newsletter_access":"","_jetpack_dont_email_post_to_subs":false,"_jetpack_newsletter_tier_id":0,"_jetpack_memberships_contains_paywalled_content":false,"_jetpack_memberships_contains_paid_content":false,"footnotes":"","jetpack_publicize_message":"","jetpack_publicize_feature_enabled":true,"jetpack_social_post_already_shared":true,"jetpack_social_options":{"image_generator_settings":{"template":"highway","default_image_id":0,"font":"","enabled":false},"version":2}},"categories":[1],"tags":[4018,2028,37,22177,4220,1497,12189,117],"class_list":["post-196272","post","type-post","status-publish","format-standard","has-post-thumbnail","hentry","category-genel","tag-bati","tag-bolgesinde","tag-ilk","tag-karaciger","tag-karadeniz","tag-kez","tag-nakli","tag-yapildi"],"jetpack_publicize_connections":[],"jetpack_featured_media_url":"https:\/\/i0.wp.com\/www.tvturk.com\/wp-content\/uploads\/2019\/08\/bati-karadeniz-bolgesinde-ilk-kez-karaciger-nakli-yapildi_7c9349c.jpg?fit=1000%2C666","jetpack_sharing_enabled":true,"jetpack_shortlink":"https:\/\/wp.me\/paKIfm-P3G","_links":{"self":[{"href":"http:\/\/www.tvturk.com\/index.php\/wp-json\/wp\/v2\/posts\/196272","targetHints":{"allow":["GET"]}}],"collection":[{"href":"http:\/\/www.tvturk.com\/index.php\/wp-json\/wp\/v2\/posts"}],"about":[{"href":"http:\/\/www.tvturk.com\/index.php\/wp-json\/wp\/v2\/types\/post"}],"author":[{"embeddable":true,"href":"http:\/\/www.tvturk.com\/index.php\/wp-json\/wp\/v2\/users\/1"}],"replies":[{"embeddable":true,"href":"http:\/\/www.tvturk.com\/index.php\/wp-json\/wp\/v2\/comments?post=196272"}],"version-history":[{"count":0,"href":"http:\/\/www.tvturk.com\/index.php\/wp-json\/wp\/v2\/posts\/196272\/revisions"}],"wp:featuredmedia":[{"embeddable":true,"href":"http:\/\/www.tvturk.com\/index.php\/wp-json\/wp\/v2\/media\/196273"}],"wp:attachment":[{"href":"http:\/\/www.tvturk.com\/index.php\/wp-json\/wp\/v2\/media?parent=196272"}],"wp:term":[{"taxonomy":"category","embeddable":true,"href":"http:\/\/www.tvturk.com\/index.php\/wp-json\/wp\/v2\/categories?post=196272"},{"taxonomy":"post_tag","embeddable":true,"href":"http:\/\/www.tvturk.com\/index.php\/wp-json\/wp\/v2\/tags?post=196272"}],"curies":[{"name":"wp","href":"https:\/\/api.w.org\/{rel}","templated":true}]}}