{"id":196284,"date":"2019-08-26T18:46:31","date_gmt":"2019-08-26T15:46:31","guid":{"rendered":"http:\/\/www.tvturk.com\/index.php\/buyuk-taarruzun-yildonumunde-duygulandiran-ataturk-silueti\/"},"modified":"2019-08-26T18:46:31","modified_gmt":"2019-08-26T15:46:31","slug":"buyuk-taarruzun-yildonumunde-duygulandiran-ataturk-silueti","status":"publish","type":"post","link":"http:\/\/www.tvturk.com\/index.php\/buyuk-taarruzun-yildonumunde-duygulandiran-ataturk-silueti\/","title":{"rendered":"B\u00fcy\u00fck Taarruz\u2019un y\u0131ld\u00f6n\u00fcm\u00fcnde duyguland\u0131ran Atat\u00fcrk silueti"},"content":{"rendered":"<p>B\u00fcy\u00fck Taarruz\u2019un 97. y\u0131l\u0131, \u0130zmir\u2019in Sel\u00e7uk il\u00e7esinde anlaml\u0131 bir t\u00f6renle kutlan\u0131rken, Atat\u00fcrk\u2019\u00fcn Kurtulu\u015f Yolu An\u0131t\u0131\u2019nda siluetini g\u00f6ren herkes duyguland\u0131.<\/p>\n<p>B\u00fcy\u00fck Taarruz\u2019un \u00fczerinden 97 y\u0131l ge\u00e7ti. \u00dclkenin ba\u011f\u0131ms\u0131zl\u0131k m\u00fccadelesinin d\u00f6n\u00fcm noktalar\u0131ndan olan anlaml\u0131 g\u00fcn i\u00e7inse Sel\u00e7uk il\u00e7esinde t\u00f6ren d\u00fczenlendi. T\u00f6rene \u00e7ok say\u0131da ki\u015fi kat\u0131l\u0131rken, saat 12.30\u2019da Ulu \u00d6nder Mustafa Kemal Atat\u00fcrk\u2019\u00fcn siluetinin Kurtulu\u015f Yolu An\u0131t\u0131\u2019nda g\u00f6r\u00fclmesi herkese duygu dolu anlar ya\u015fatt\u0131. T\u00f6rende, Kurtulu\u015f Yolu An\u0131t\u0131na \u00fczerinde \u201cZaferimiz Kutlu Olsun\u201d yazan \u00e7elenkte konuldu.<\/p>\n<p>Sel\u00e7uk Belediye Ba\u015fkan\u0131 Filiz Cerito\u011flu Sengel, 26 A\u011fustos tarihinin \u00f6nemine dikkat \u00e7ekti. B\u00fcy\u00fck Taarruzun 97. y\u0131l\u0131n\u0131 bir kad\u0131n belediye ba\u015fkan\u0131 olarak kutlamaktan dolay\u0131 mutlulu\u011funu dile getiren Ba\u015fkan Sengel, &#8220;Bug\u00fcn 26 A\u011fustos. Bug\u00fcnden tam 97 y\u0131l \u00f6nce bu vatan\u0131 kurtarmak i\u00e7in b\u00fcy\u00fck ad\u0131mlar atan Ulu \u00d6nder Mustafa Kemal Atat\u00fcrk\u2019\u00fcn o kararl\u0131l\u0131\u011f\u0131n\u0131n g\u00fcn\u00fc bug\u00fcn. Bug\u00fcn 26 A\u011fustos; can\u0131 pahas\u0131na, kan d\u00f6kerek, \u015fuan bizler rahat edelim, ben bir kad\u0131n belediye ba\u015fkan\u0131 olarak bu mikrofonu elime al\u0131p konu\u015fabileyim diye m\u00fccadele edenlerin g\u00fcn\u00fc bug\u00fcn. Bug\u00fcn 26 A\u011fustos; \u2019Zafer bizimdir\u2019 diyenlerin g\u00fcn\u00fcd\u00fcr bug\u00fcn. Bug\u00fcn 26 A\u011fustos; m\u00fccadele etmekten hi\u00e7 \u00e7ekinmeyenlerin g\u00fcn\u00fc bug\u00fcn. Bug\u00fcn 26 A\u011fustos; emperyalizme kar\u015f\u0131 omuz omuza sava\u015fanlar\u0131n g\u00fcn\u00fc bug\u00fcn. Bug\u00fcn 26 A\u011fustos ve biz cumhuriyete sahip \u00e7\u0131kanlar\u0131n, cumhuriyete sahip \u00e7\u0131kmak i\u00e7in nas\u0131l m\u00fccadele etmemiz gerekti\u011fini bir kez daha anlad\u0131\u011f\u0131m\u0131z g\u00fcn bug\u00fcn&#8221; dedi.<\/p>\n<p>T\u00f6ren, Simge \u015eim\u015fek\u2019in Naz\u0131m Hikmet\u2019in Kuvayi Milliye Destan\u0131 ve Davet adl\u0131 \u015fiirini okumas\u0131yla devam etti.<\/p>\n","protected":false},"excerpt":{"rendered":"<p>T\u00d6RENE \u00c7OK SAYIDA K\u0130\u015e\u0130 KATILIRKEN, SAAT 12.30\u2019DA ULU \u00d6NDER MUSTAFA KEMAL ATAT\u00dcRK\u2019\u00dcN S\u0130LUET\u0130N\u0130N KURTULU\u015e YOLU ANITI\u2019NDA G\u00d6R\u00dcLMES\u0130 HERKESE DUYGU DOLU ANLAR YA\u015eATTI.<\/p>\n","protected":false},"author":1,"featured_media":196285,"comment_status":"closed","ping_status":"open","sticky":false,"template":"","format":"standard","meta":{"jetpack_post_was_ever_published":false,"_jetpack_newsletter_access":"","_jetpack_dont_email_post_to_subs":false,"_jetpack_newsletter_tier_id":0,"_jetpack_memberships_contains_paywalled_content":false,"_jetpack_memberships_contains_paid_content":false,"footnotes":"","jetpack_publicize_message":"","jetpack_publicize_feature_enabled":true,"jetpack_social_post_already_shared":true,"jetpack_social_options":{"image_generator_settings":{"template":"highway","default_image_id":0,"font":"","enabled":false},"version":2}},"categories":[1],"tags":[381,545,672,49292,48502,12727],"class_list":["post-196284","post","type-post","status-publish","format-standard","has-post-thumbnail","hentry","category-genel","tag-ataturk","tag-buyuk","tag-duygulandiran","tag-silueti","tag-taarruzun","tag-yildonumunde"],"jetpack_publicize_connections":[],"jetpack_featured_media_url":"https:\/\/i0.wp.com\/www.tvturk.com\/wp-content\/uploads\/2019\/08\/buyuk-taarruzun-yildonumunde-duygulandiran-ataturk-silueti_ec30ad9.jpg?fit=1000%2C666","jetpack_sharing_enabled":true,"jetpack_shortlink":"https:\/\/wp.me\/paKIfm-P3S","_links":{"self":[{"href":"http:\/\/www.tvturk.com\/index.php\/wp-json\/wp\/v2\/posts\/196284","targetHints":{"allow":["GET"]}}],"collection":[{"href":"http:\/\/www.tvturk.com\/index.php\/wp-json\/wp\/v2\/posts"}],"about":[{"href":"http:\/\/www.tvturk.com\/index.php\/wp-json\/wp\/v2\/types\/post"}],"author":[{"embeddable":true,"href":"http:\/\/www.tvturk.com\/index.php\/wp-json\/wp\/v2\/users\/1"}],"replies":[{"embeddable":true,"href":"http:\/\/www.tvturk.com\/index.php\/wp-json\/wp\/v2\/comments?post=196284"}],"version-history":[{"count":0,"href":"http:\/\/www.tvturk.com\/index.php\/wp-json\/wp\/v2\/posts\/196284\/revisions"}],"wp:featuredmedia":[{"embeddable":true,"href":"http:\/\/www.tvturk.com\/index.php\/wp-json\/wp\/v2\/media\/196285"}],"wp:attachment":[{"href":"http:\/\/www.tvturk.com\/index.php\/wp-json\/wp\/v2\/media?parent=196284"}],"wp:term":[{"taxonomy":"category","embeddable":true,"href":"http:\/\/www.tvturk.com\/index.php\/wp-json\/wp\/v2\/categories?post=196284"},{"taxonomy":"post_tag","embeddable":true,"href":"http:\/\/www.tvturk.com\/index.php\/wp-json\/wp\/v2\/tags?post=196284"}],"curies":[{"name":"wp","href":"https:\/\/api.w.org\/{rel}","templated":true}]}}