{"id":196292,"date":"2019-08-26T19:46:29","date_gmt":"2019-08-26T16:46:29","guid":{"rendered":"http:\/\/www.tvturk.com\/index.php\/kadinlar-emine-bulutun-olduruldugu-yere-karanfil-birakti\/"},"modified":"2019-08-26T19:46:29","modified_gmt":"2019-08-26T16:46:29","slug":"kadinlar-emine-bulutun-olduruldugu-yere-karanfil-birakti","status":"publish","type":"post","link":"http:\/\/www.tvturk.com\/index.php\/kadinlar-emine-bulutun-olduruldugu-yere-karanfil-birakti\/","title":{"rendered":"Kad\u0131nlar, Emine Bulut\u2019un \u00f6ld\u00fcr\u00fcld\u00fc\u011f\u00fc yere karanfil b\u0131rakt\u0131"},"content":{"rendered":"<p>K\u0131r\u0131kkale\u2019de 10 ya\u015f\u0131ndaki k\u0131z\u0131n\u0131n yan\u0131nda eski kocas\u0131 taraf\u0131ndan b\u0131\u00e7aklanarak \u00f6ld\u00fcr\u00fclen i\u00e7in toplanan kad\u0131nlar, cinayetin i\u015flendi\u011fi yere karanfil b\u0131rakarak, olay\u0131 protesto etti.<\/p>\n<p>K\u0131r\u0131kkale\u2019de 18 A\u011fustos Pazar g\u00fcn\u00fc eski kocas\u0131 taraf\u0131ndan 10 ya\u015f\u0131ndaki k\u0131z\u0131n\u0131n yan\u0131nda b\u0131\u00e7aklanarak \u00f6ld\u00fcr\u00fclen Emine Bulut i\u00e7in Ankara\u2019dan gelen bir grup kad\u0131n, Menderes Caddesi \u00fczerindeki cinayetin i\u015flendi\u011fi restoran\u0131n \u00f6n\u00fcnde &#8220;\u00d6lmek istemiyoruz&#8221; slogan\u0131yla &#8220;Kad\u0131n cinayetlerini durduraca\u011f\u0131z&#8221; diyerek protesto etti. Ellerinde pankartlarla protesto eden kad\u0131nlar, restoran\u0131n \u00f6n\u00fcne Emine Bulut ve k\u0131z\u0131n\u0131n oldu\u011fu foto\u011fraflar ile karanfil b\u0131rakt\u0131.<\/p>\n<p>Burada kad\u0131nlar ad\u0131na konu\u015fma yapan Engelliler Konfederasyonu Y\u00f6netim Kurulu \u00dcyesi \u015eule Sepin \u0130\u00e7li, &#8220;Biz bug\u00fcn burada Emine Bulut\u2019un ailesi ile dayan\u0131\u015fmak i\u00e7in K\u0131r\u0131kkale\u2019deyiz. Sesimizi y\u00fckseltiyoruz, hayk\u0131r\u0131yoruz. \u015eunu s\u00f6yl\u00fcyoruz; devlet g\u00f6revlileri ve ilgili kurumlar \u015fiddeti \u00f6nleyici \u00e7al\u0131\u015fmalar yaps\u0131nlar. Kad\u0131nlar \u00f6ld\u00fcr\u00fclmesin, kad\u0131n cinayetlerinde \u00f6ld\u00fcr\u00fclen kad\u0131nlarda kesinlikle unutulmas\u0131n. Diyoruz ki; kad\u0131n  cinayetleri olmas\u0131n, kad\u0131nlar \u00f6ld\u00fcr\u00fclmesin, sakat kalmas\u0131n, kad\u0131nlar onurlu bir bi\u00e7imde hak ettikleri ya\u015famda hayatlar\u0131na devam etsinler&#8221; dedi.<\/p>\n","protected":false},"excerpt":{"rendered":"<p>KIRIKKALE&#8217;DE, 10 YA\u015eINDAK\u0130 KIZININ YANINDA ESK\u0130 KOCASI TARAFINDAN BI\u00c7AKLANARAK \u00d6LD\u00dcR\u00dcLEN EM\u0130NE BULUT \u0130\u00c7\u0130N TOPLANAN KADINLAR, C\u0130NAYET\u0130N \u0130\u015eLEND\u0130\u011e\u0130 RESTORANIN \u00d6N\u00dcNDE PROTESTO ED\u0130P, KARANF\u0130L BIRAKTI.<\/p>\n","protected":false},"author":1,"featured_media":196293,"comment_status":"closed","ping_status":"open","sticky":false,"template":"","format":"standard","meta":{"jetpack_post_was_ever_published":false,"_jetpack_newsletter_access":"","_jetpack_dont_email_post_to_subs":false,"_jetpack_newsletter_tier_id":0,"_jetpack_memberships_contains_paywalled_content":false,"_jetpack_memberships_contains_paid_content":false,"footnotes":"","jetpack_publicize_message":"","jetpack_publicize_feature_enabled":true,"jetpack_social_post_already_shared":true,"jetpack_social_options":{"image_generator_settings":{"template":"highway","default_image_id":0,"font":"","enabled":false},"version":2}},"categories":[1],"tags":[4570,19358,3444,3104,12496,6848,1048],"class_list":["post-196292","post","type-post","status-publish","format-standard","has-post-thumbnail","hentry","category-genel","tag-birakti","tag-bulutun","tag-emine","tag-kadinlar","tag-karanfil","tag-olduruldugu","tag-yere"],"jetpack_publicize_connections":[],"jetpack_featured_media_url":"https:\/\/i0.wp.com\/www.tvturk.com\/wp-content\/uploads\/2019\/08\/kadinlar-emine-bulutun-olduruldugu-yere-karanfil-birakti_0e00354.jpg?fit=1000%2C562","jetpack_sharing_enabled":true,"jetpack_shortlink":"https:\/\/wp.me\/paKIfm-P40","_links":{"self":[{"href":"http:\/\/www.tvturk.com\/index.php\/wp-json\/wp\/v2\/posts\/196292","targetHints":{"allow":["GET"]}}],"collection":[{"href":"http:\/\/www.tvturk.com\/index.php\/wp-json\/wp\/v2\/posts"}],"about":[{"href":"http:\/\/www.tvturk.com\/index.php\/wp-json\/wp\/v2\/types\/post"}],"author":[{"embeddable":true,"href":"http:\/\/www.tvturk.com\/index.php\/wp-json\/wp\/v2\/users\/1"}],"replies":[{"embeddable":true,"href":"http:\/\/www.tvturk.com\/index.php\/wp-json\/wp\/v2\/comments?post=196292"}],"version-history":[{"count":0,"href":"http:\/\/www.tvturk.com\/index.php\/wp-json\/wp\/v2\/posts\/196292\/revisions"}],"wp:featuredmedia":[{"embeddable":true,"href":"http:\/\/www.tvturk.com\/index.php\/wp-json\/wp\/v2\/media\/196293"}],"wp:attachment":[{"href":"http:\/\/www.tvturk.com\/index.php\/wp-json\/wp\/v2\/media?parent=196292"}],"wp:term":[{"taxonomy":"category","embeddable":true,"href":"http:\/\/www.tvturk.com\/index.php\/wp-json\/wp\/v2\/categories?post=196292"},{"taxonomy":"post_tag","embeddable":true,"href":"http:\/\/www.tvturk.com\/index.php\/wp-json\/wp\/v2\/tags?post=196292"}],"curies":[{"name":"wp","href":"https:\/\/api.w.org\/{rel}","templated":true}]}}