{"id":196302,"date":"2019-08-26T20:32:36","date_gmt":"2019-08-26T17:32:36","guid":{"rendered":"http:\/\/www.tvturk.com\/index.php\/kayserispor-emmanuel-adebayor-ile-1-yillik-sozlesme-imzaladi\/"},"modified":"2019-08-26T20:32:36","modified_gmt":"2019-08-26T17:32:36","slug":"kayserispor-emmanuel-adebayor-ile-1-yillik-sozlesme-imzaladi","status":"publish","type":"post","link":"http:\/\/www.tvturk.com\/index.php\/kayserispor-emmanuel-adebayor-ile-1-yillik-sozlesme-imzaladi\/","title":{"rendered":"Kayserispor,  Emmanuel Adebayor ile 1 y\u0131ll\u0131k s\u00f6zle\u015fme imzalad\u0131"},"content":{"rendered":"<p>S\u00fcper Lig ekiplerinden \u0130stikbal Mobilya Kayserispor, Emmanuel Adebayor ile 1 y\u0131ll\u0131k s\u00f6zle\u015fme imzalad\u0131.<\/p>\n<p>S\u00fcper Lig ekiplerinden \u0130.M. Kayserispor, transfer \u00e7al\u0131\u015fmalar\u0131na devam ediyor. Sar\u0131-k\u0131rm\u0131z\u0131l\u0131 ekip, ge\u00e7en sezonu Ba\u015fak\u015fehir\u2019de ge\u00e7iren Emmanuel Adebayor ile 1 y\u0131ll\u0131k s\u00f6zle\u015fme imzalad\u0131. Kayserispor\u2019dan yap\u0131lan a\u00e7\u0131klamada, &#8220;S\u00f6zle\u015fmemizin hem kul\u00fcb\u00fcm\u00fcze hem de oyuncumuza hay\u0131rl\u0131 olmas\u0131n\u0131 diliyoruz&#8221; denildi.<\/p>\n","protected":false},"excerpt":{"rendered":"<p>S\u00dcPER L\u0130G EK\u0130PLER\u0130NDEN \u0130ST\u0130KBAL MOB\u0130LYA KAYSER\u0130SPOR, EMMANUEL ADEBAYOR \u0130LE 1 YILLIK S\u00d6ZLE\u015eME \u0130MZALADI.<\/p>\n","protected":false},"author":1,"featured_media":196303,"comment_status":"closed","ping_status":"open","sticky":false,"template":"","format":"standard","meta":{"jetpack_post_was_ever_published":false,"_jetpack_newsletter_access":"","_jetpack_dont_email_post_to_subs":false,"_jetpack_newsletter_tier_id":0,"_jetpack_memberships_contains_paywalled_content":false,"_jetpack_memberships_contains_paid_content":false,"footnotes":"","jetpack_publicize_message":"","jetpack_publicize_feature_enabled":true,"jetpack_social_post_already_shared":true,"jetpack_social_options":{"image_generator_settings":{"template":"highway","default_image_id":0,"font":"","enabled":false},"version":2}},"categories":[657],"tags":[48970,44398,192,2317,2627,4475,710],"class_list":["post-196302","post","type-post","status-publish","format-standard","has-post-thumbnail","hentry","category-spor","tag-adebayor","tag-emmanuel","tag-ile","tag-imzaladi","tag-kayserispor","tag-sozlesme","tag-yillik"],"jetpack_publicize_connections":[],"jetpack_featured_media_url":"https:\/\/i0.wp.com\/www.tvturk.com\/wp-content\/uploads\/2019\/08\/kayserispor-emmanuel-adebayor-ile-1-yillik-sozlesme-imzaladi_2a0880a.jpg?fit=1000%2C666","jetpack_sharing_enabled":true,"jetpack_shortlink":"https:\/\/wp.me\/paKIfm-P4a","_links":{"self":[{"href":"http:\/\/www.tvturk.com\/index.php\/wp-json\/wp\/v2\/posts\/196302","targetHints":{"allow":["GET"]}}],"collection":[{"href":"http:\/\/www.tvturk.com\/index.php\/wp-json\/wp\/v2\/posts"}],"about":[{"href":"http:\/\/www.tvturk.com\/index.php\/wp-json\/wp\/v2\/types\/post"}],"author":[{"embeddable":true,"href":"http:\/\/www.tvturk.com\/index.php\/wp-json\/wp\/v2\/users\/1"}],"replies":[{"embeddable":true,"href":"http:\/\/www.tvturk.com\/index.php\/wp-json\/wp\/v2\/comments?post=196302"}],"version-history":[{"count":0,"href":"http:\/\/www.tvturk.com\/index.php\/wp-json\/wp\/v2\/posts\/196302\/revisions"}],"wp:featuredmedia":[{"embeddable":true,"href":"http:\/\/www.tvturk.com\/index.php\/wp-json\/wp\/v2\/media\/196303"}],"wp:attachment":[{"href":"http:\/\/www.tvturk.com\/index.php\/wp-json\/wp\/v2\/media?parent=196302"}],"wp:term":[{"taxonomy":"category","embeddable":true,"href":"http:\/\/www.tvturk.com\/index.php\/wp-json\/wp\/v2\/categories?post=196302"},{"taxonomy":"post_tag","embeddable":true,"href":"http:\/\/www.tvturk.com\/index.php\/wp-json\/wp\/v2\/tags?post=196302"}],"curies":[{"name":"wp","href":"https:\/\/api.w.org\/{rel}","templated":true}]}}