{"id":196304,"date":"2019-08-26T20:46:08","date_gmt":"2019-08-26T17:46:08","guid":{"rendered":"http:\/\/www.tvturk.com\/index.php\/kosovada-erken-secim-tarihi-belli-oldu\/"},"modified":"2019-08-26T20:46:08","modified_gmt":"2019-08-26T17:46:08","slug":"kosovada-erken-secim-tarihi-belli-oldu","status":"publish","type":"post","link":"http:\/\/www.tvturk.com\/index.php\/kosovada-erken-secim-tarihi-belli-oldu\/","title":{"rendered":"Kosova\u2019da erken se\u00e7im tarihi belli oldu"},"content":{"rendered":"<p>Kosova\u2019 da parlamentonun feshedilmesinin ard\u0131ndan erken se\u00e7imin 6 Ekim tarihinde yap\u0131lmas\u0131 kararla\u015ft\u0131r\u0131ld\u0131.<\/p>\n<p>Kosova\u2019da ge\u00e7ti\u011fimiz per\u015fembe g\u00fcn\u00fc yap\u0131lan oylamayla meclisi, kendini feshetmi\u015f ve erken se\u00e7im karar\u0131 al\u0131nm\u0131\u015ft\u0131. Kosova Cumhurba\u015fkan\u0131 Hashim Tha\u00e7i, erken se\u00e7imin 6 Ekim olaca\u011f\u0131n\u0131 duyurdu. Cumhurba\u015fkan\u0131 Tha\u00e7i, karar\u0131n siyasi parti temsilcileriyle k\u0131sa s\u00fcreli isti\u015farelerinden sonra verildi\u011fini s\u00f6yledi. Cumhurba\u015fkan\u0131 Tha\u00e7i\u2019nin imzalad\u0131\u011f\u0131 kararnamede, \u201cKosova Cumhuriyeti Merkez Se\u00e7im Komisyonuna, bu karar ve ilgili mevzuata uygun olarak Kosova Cumhuriyeti Meclisinde \u00f6rg\u00fctlenme ve se\u00e7im yap\u0131lmas\u0131 i\u00e7in gerekli t\u00fcm \u00f6nlemleri almas\u0131 talimat\u0131 verildi\u201d ifadesi yer ald\u0131.<\/p>\n","protected":false},"excerpt":{"rendered":"<p>CUMHURBA\u015eKANI THA\u00c7\u0130<\/p>\n","protected":false},"author":1,"featured_media":196305,"comment_status":"closed","ping_status":"open","sticky":false,"template":"","format":"standard","meta":{"jetpack_post_was_ever_published":false,"_jetpack_newsletter_access":"","_jetpack_dont_email_post_to_subs":false,"_jetpack_newsletter_tier_id":0,"_jetpack_memberships_contains_paywalled_content":false,"_jetpack_memberships_contains_paid_content":false,"footnotes":"","jetpack_publicize_message":"","jetpack_publicize_feature_enabled":true,"jetpack_social_post_already_shared":true,"jetpack_social_options":{"image_generator_settings":{"template":"highway","default_image_id":0,"font":"","enabled":false},"version":2}},"categories":[10],"tags":[612,4955,5348,77,402,800],"class_list":["post-196304","post","type-post","status-publish","format-standard","has-post-thumbnail","hentry","category-dunya","tag-belli","tag-erken","tag-kosovada","tag-oldu","tag-secim","tag-tarihi"],"jetpack_publicize_connections":[],"jetpack_featured_media_url":"https:\/\/i0.wp.com\/www.tvturk.com\/wp-content\/uploads\/2019\/08\/kosovada-erken-secim-tarihi-belli-oldu_034557e.jpg?fit=1000%2C671","jetpack_sharing_enabled":true,"jetpack_shortlink":"https:\/\/wp.me\/paKIfm-P4c","_links":{"self":[{"href":"http:\/\/www.tvturk.com\/index.php\/wp-json\/wp\/v2\/posts\/196304","targetHints":{"allow":["GET"]}}],"collection":[{"href":"http:\/\/www.tvturk.com\/index.php\/wp-json\/wp\/v2\/posts"}],"about":[{"href":"http:\/\/www.tvturk.com\/index.php\/wp-json\/wp\/v2\/types\/post"}],"author":[{"embeddable":true,"href":"http:\/\/www.tvturk.com\/index.php\/wp-json\/wp\/v2\/users\/1"}],"replies":[{"embeddable":true,"href":"http:\/\/www.tvturk.com\/index.php\/wp-json\/wp\/v2\/comments?post=196304"}],"version-history":[{"count":0,"href":"http:\/\/www.tvturk.com\/index.php\/wp-json\/wp\/v2\/posts\/196304\/revisions"}],"wp:featuredmedia":[{"embeddable":true,"href":"http:\/\/www.tvturk.com\/index.php\/wp-json\/wp\/v2\/media\/196305"}],"wp:attachment":[{"href":"http:\/\/www.tvturk.com\/index.php\/wp-json\/wp\/v2\/media?parent=196304"}],"wp:term":[{"taxonomy":"category","embeddable":true,"href":"http:\/\/www.tvturk.com\/index.php\/wp-json\/wp\/v2\/categories?post=196304"},{"taxonomy":"post_tag","embeddable":true,"href":"http:\/\/www.tvturk.com\/index.php\/wp-json\/wp\/v2\/tags?post=196304"}],"curies":[{"name":"wp","href":"https:\/\/api.w.org\/{rel}","templated":true}]}}