{"id":196326,"date":"2019-08-26T23:01:27","date_gmt":"2019-08-26T20:01:27","guid":{"rendered":"http:\/\/www.tvturk.com\/index.php\/turk-gencler-suyu-temizlemek-icin-yeni-bir-yol-buldu\/"},"modified":"2019-08-26T23:01:27","modified_gmt":"2019-08-26T20:01:27","slug":"turk-gencler-suyu-temizlemek-icin-yeni-bir-yol-buldu","status":"publish","type":"post","link":"http:\/\/www.tvturk.com\/index.php\/turk-gencler-suyu-temizlemek-icin-yeni-bir-yol-buldu\/","title":{"rendered":"T\u00fcrk gen\u00e7ler suyu temizlemek i\u00e7in yeni bir yol buldu"},"content":{"rendered":"<p>D\u00fcnyan\u0131n en b\u00fcy\u00fck su aktivitesi olan Uluslararas\u0131 Su Haftas\u0131\u2019nda d\u00fczenlenen Gen\u00e7lik Su Yar\u0131\u015fmas\u0131\u2019nda T\u00fcrkiye\u2019yi temsil eden Fethiye Fen Lisesi\u2019nden Birsen Beril Bildirici ve Elifnaz Saat\u00e7i, geli\u015ftirdikleri projeyle birincilik i\u00e7in yar\u0131\u015facak.<\/p>\n<p>D\u00fcnyan\u0131n en b\u00fcy\u00fck su aktivitesi olan Uluslararas\u0131 Su Haftas\u0131, \u0130sve\u00e7\u2019in ba\u015fkenti Stockholm\u2019de ba\u015flad\u0131. Stockholm Su Enstit\u00fcs\u00fc taraf\u0131nda d\u00fczenlenen organizasyon, 25-30 A\u011fustos tarihleri devam edecek. Su politikalar\u0131 ve \u00f6nlemlerinin g\u00f6r\u00fc\u015f\u00fcld\u00fc\u011f\u00fc Uluslararas\u0131 Su Haftas\u0131\u2019na 141 \u00fclkeden 3 bini a\u015fk\u0131n kat\u0131l\u0131mc\u0131, d\u00fcnya su sorununu tart\u0131\u015f\u0131yor.<\/p>\n<p>Ayr\u0131ca Uluslararas\u0131 Su Haftas\u0131 kapsam\u0131nda d\u00fczenlenen Gen\u00e7lik Su Yar\u0131\u015fmas\u0131\u2019na bu y\u0131l Fethiye Fen Lisesi\u2019nden Birsen Beril Bildirici ve Elifnaz Saat\u00e7i T\u00fcrkiye\u2019yi temsil ediyor. 17 ya\u015f\u0131ndaki Bildirici ve Saat\u00e7i su kirlili\u011fine \u00e7\u00f6z\u00fcm bulmak i\u00e7in \u00f6zel bir proje geli\u015ftirdiklerini s\u00f6yleyerek, \u201cKe\u00e7i k\u0131l\u0131 ve koyun yapa\u011f\u0131n\u0131 birlikte dokuduk. Bu dokumay\u0131 kirli sularda ve ya\u011fl\u0131 sularda denedik, dokumam\u0131z\u0131n ya\u011f\u0131 emdi\u011fini fark ettik\u201d dedi. Devlet Su \u0130\u015flerinin deste\u011fiyle \u0130sve\u00e7\u2019e geldiklerini ifade eden ikili, projelerinin T\u00fcrkiye\u2019de birinci olmas\u0131yla yar\u0131\u015fmaya hak kazand\u0131klar\u0131n\u0131 s\u00f6yledi.<\/p>\n<p>Yar\u0131\u015fman\u0131n birincisi, 27 A\u011fustos\u2019ta yap\u0131lacak gala ile belirlenecek. 2009\u2019daki Gen\u00e7lik Su Yar\u0131\u015fmas\u0131\u2019nda \u0130stanbul I\u015f\u0131k Lisesi\u2019nden Ceren Bur\u00e7ak Da\u011f birinci olmu\u015f ve \u0130sve\u00e7 Veliaht Prensesi Victoria\u2019n\u0131n elinden 5 bin dolarl\u0131k birincilik \u00f6d\u00fcl\u00fcn\u00fc alm\u0131\u015ft\u0131.<\/p>\n","protected":false},"excerpt":{"rendered":"<p>AYRICA ULUSLARARASI SU HAFTASI KAPSAMINDA D\u00dcZENLENEN GEN\u00c7L\u0130K SU YARI\u015eMASI\u2019NA BU YIL FETH\u0130YE FEN L\u0130SES\u0130&#8217;NDEN B\u0130RSEN BER\u0130L B\u0130LD\u0130R\u0130C\u0130 VE EL\u0130FNAZ SAAT\u00c7\u0130 T\u00dcRK\u0130YE\u2019Y\u0130 TEMS\u0130L ED\u0130YOR.<\/p>\n","protected":false},"author":1,"featured_media":196327,"comment_status":"closed","ping_status":"open","sticky":false,"template":"","format":"standard","meta":{"jetpack_post_was_ever_published":false,"_jetpack_newsletter_access":"","_jetpack_dont_email_post_to_subs":false,"_jetpack_newsletter_tier_id":0,"_jetpack_memberships_contains_paywalled_content":false,"_jetpack_memberships_contains_paid_content":false,"footnotes":"","jetpack_publicize_message":"","jetpack_publicize_feature_enabled":true,"jetpack_social_post_already_shared":true,"jetpack_social_options":{"image_generator_settings":{"template":"highway","default_image_id":0,"font":"","enabled":false},"version":2}},"categories":[10],"tags":[125,5392,1622,44,712,33653,957,87,75],"class_list":["post-196326","post","type-post","status-publish","format-standard","has-post-thumbnail","hentry","category-dunya","tag-bir","tag-buldu","tag-gencler","tag-icin","tag-suyu","tag-temizlemek","tag-turk","tag-yeni","tag-yol"],"jetpack_publicize_connections":[],"jetpack_featured_media_url":"https:\/\/i0.wp.com\/www.tvturk.com\/wp-content\/uploads\/2019\/08\/turk-gencler-suyu-temizlemek-icin-yeni-bir-yol-buldu_b13671a.jpg?fit=1000%2C750","jetpack_sharing_enabled":true,"jetpack_shortlink":"https:\/\/wp.me\/paKIfm-P4y","_links":{"self":[{"href":"http:\/\/www.tvturk.com\/index.php\/wp-json\/wp\/v2\/posts\/196326","targetHints":{"allow":["GET"]}}],"collection":[{"href":"http:\/\/www.tvturk.com\/index.php\/wp-json\/wp\/v2\/posts"}],"about":[{"href":"http:\/\/www.tvturk.com\/index.php\/wp-json\/wp\/v2\/types\/post"}],"author":[{"embeddable":true,"href":"http:\/\/www.tvturk.com\/index.php\/wp-json\/wp\/v2\/users\/1"}],"replies":[{"embeddable":true,"href":"http:\/\/www.tvturk.com\/index.php\/wp-json\/wp\/v2\/comments?post=196326"}],"version-history":[{"count":0,"href":"http:\/\/www.tvturk.com\/index.php\/wp-json\/wp\/v2\/posts\/196326\/revisions"}],"wp:featuredmedia":[{"embeddable":true,"href":"http:\/\/www.tvturk.com\/index.php\/wp-json\/wp\/v2\/media\/196327"}],"wp:attachment":[{"href":"http:\/\/www.tvturk.com\/index.php\/wp-json\/wp\/v2\/media?parent=196326"}],"wp:term":[{"taxonomy":"category","embeddable":true,"href":"http:\/\/www.tvturk.com\/index.php\/wp-json\/wp\/v2\/categories?post=196326"},{"taxonomy":"post_tag","embeddable":true,"href":"http:\/\/www.tvturk.com\/index.php\/wp-json\/wp\/v2\/tags?post=196326"}],"curies":[{"name":"wp","href":"https:\/\/api.w.org\/{rel}","templated":true}]}}