{"id":196349,"date":"2019-08-27T08:31:02","date_gmt":"2019-08-27T05:31:02","guid":{"rendered":"http:\/\/www.tvturk.com\/index.php\/ozel-saglik-mudurunden-kucuk-denizhana-ziyaret\/"},"modified":"2019-08-27T08:31:02","modified_gmt":"2019-08-27T05:31:02","slug":"ozel-saglik-mudurunden-kucuk-denizhana-ziyaret","status":"publish","type":"post","link":"http:\/\/www.tvturk.com\/index.php\/ozel-saglik-mudurunden-kucuk-denizhana-ziyaret\/","title":{"rendered":"(\u00d6zel) Sa\u011fl\u0131k M\u00fcd\u00fcr\u00fc\u2019nden k\u00fc\u00e7\u00fck Denizhan\u2019a ziyaret"},"content":{"rendered":"<p>Bursa \u0130l Sa\u011fl\u0131k M\u00fcd\u00fcr\u00fc Dr. \u00d6zcan Akan, aile hekimi taraf\u0131ndan ila\u00e7 yazmak i\u00e7in sa\u011fl\u0131k oca\u011f\u0131na \u00e7a\u011fr\u0131lan \u00fc\u00e7 makineye ba\u011fl\u0131 k\u00fc\u00e7\u00fck Denizhan\u2019\u0131 evinde ziyaret ederek, ailesine yard\u0131mc\u0131 olma s\u00f6z\u00fc verdi. K\u00fc\u00e7\u00fck \u00e7ocu\u011fa ge\u00e7mi\u015f olsun dileklerinde bulunan \u00d6zcan, doktor hakk\u0131nda inceleme ba\u015flatt\u0131klar\u0131n\u0131 s\u00f6yledi.<\/p>\n<p>\u0130l Sa\u011fl\u0131k M\u00fcd\u00fcr\u00fc Dr. \u00d6zcan Akan, erken do\u011fum sebebiyle serebral palsi hastas\u0131 olan ve 3 makineye ba\u011fl\u0131 olarak ya\u015famas\u0131na ra\u011fmen, ila\u00e7 yazmak i\u00e7in sa\u011fl\u0131k oca\u011f\u0131na \u00e7a\u011fr\u0131lan 14 ya\u015f\u0131ndaki Denizhan Darlas\u2019\u0131 evinde ziyarette bulundu. Denizhan\u2019\u0131n sa\u011fl\u0131k durumu hakk\u0131nda bilgi alan Akan, ailesine yard\u0131mc\u0131 olma s\u00f6z\u00fc verdi. Son ya\u015fanan aile hekimi krizi hakk\u0131nda ailenin ya\u015fad\u0131klar\u0131n\u0131 dinleyen Akhan, soru\u015fturman\u0131n takip\u00e7isi olduklar\u0131n\u0131 dile getirdi.<\/p>\n<p>Denizhan\u2019\u0131 evinde ziyaret ederek ya\u015fanan olaylar\u0131 bizzat aileden dinleyen \u0130l Sa\u011fl\u0131k M\u00fcd\u00fcr\u00fc Dr. \u00d6zcan Akan, &#8220;Bas\u0131nda Denizhan ve aile hekimiyle ilgili birtak\u0131m s\u0131k\u0131nt\u0131lar ya\u015fand\u0131\u011f\u0131na dair haberler yer ald\u0131. Biz de bu olaydan sonra hastam\u0131z\u0131 evinde ziyaret ettik. Denizhan\u2019\u0131n tedavisi 3 y\u0131ld\u0131r yata\u011fa ba\u011fl\u0131 \u015fekilde devam ediyor. \u00c7ocuk hastanesinde her t\u00fcrl\u00fc tedavisi yap\u0131l\u0131yor. Bunun yan\u0131nda aile hekimince ihtiya\u00e7 duydu\u011fu ila\u00e7lar\u0131 yaz\u0131l\u0131yor. Son d\u00f6nemde bu ila\u00e7lar\u0131n yaz\u0131lmas\u0131yla ilgili birtak\u0131m s\u0131k\u0131nt\u0131lar\u0131n ya\u015fand\u0131\u011f\u0131 aile taraf\u0131ndan bildirildi. Biz de bu olaydan sonra hastam\u0131z\u0131 yerinde g\u00f6rmek, sorunlar\u0131 bizzat kendilerinden dinlemek i\u00e7in ziyaret ettik. Burada yap\u0131lan uygulamalar\u0131 aileden dinledik. Bu konuyla ilgili gerekli talimat\u0131 verdik, inceleme ba\u015flatt\u0131k. Bu inceleme sonucunda gerekenler yap\u0131lacakt\u0131r&#8221; diye konu\u015ftu.<\/p>\n","protected":false},"excerpt":{"rendered":"<p>BURSA \u0130L SA\u011eLIK M\u00dcD\u00dcR\u00dc DR. \u00d6ZCAN AKAN, A\u0130LE HEK\u0130M\u0130 TARAFINDAN \u0130LA\u00c7 YAZMAK \u0130\u00c7\u0130N SA\u011eLIK OCA\u011eINA \u00c7A\u011eRILAN \u00dc\u00c7 MAK\u0130NEYE BA\u011eLI K\u00dc\u00c7\u00dcK DEN\u0130ZHAN&#8217;I EV\u0130NDE Z\u0130YARET EDEREK, A\u0130LES\u0130NE YARDIMCI OLMA S\u00d6Z\u00dc VERD\u0130.<\/p>\n","protected":false},"author":1,"featured_media":196350,"comment_status":"closed","ping_status":"open","sticky":false,"template":"","format":"standard","meta":{"jetpack_post_was_ever_published":false,"_jetpack_newsletter_access":"","_jetpack_dont_email_post_to_subs":false,"_jetpack_newsletter_tier_id":0,"_jetpack_memberships_contains_paywalled_content":false,"_jetpack_memberships_contains_paid_content":false,"footnotes":"","jetpack_publicize_message":"","jetpack_publicize_feature_enabled":true,"jetpack_social_post_already_shared":true,"jetpack_social_options":{"image_generator_settings":{"template":"highway","default_image_id":0,"font":"","enabled":false},"version":2}},"categories":[1],"tags":[1073,49299,1166,1728,734,150],"class_list":["post-196349","post","type-post","status-publish","format-standard","has-post-thumbnail","hentry","category-genel","tag-ozel","tag-denizhana","tag-kucuk","tag-mudurunden","tag-saglik","tag-ziyaret"],"jetpack_publicize_connections":[],"jetpack_featured_media_url":"https:\/\/i0.wp.com\/www.tvturk.com\/wp-content\/uploads\/2019\/08\/ozel-saglik-mudurunden-kucuk-denizhana-ziyaret_babae15.jpg?fit=1000%2C562","jetpack_sharing_enabled":true,"jetpack_shortlink":"https:\/\/wp.me\/paKIfm-P4V","_links":{"self":[{"href":"http:\/\/www.tvturk.com\/index.php\/wp-json\/wp\/v2\/posts\/196349","targetHints":{"allow":["GET"]}}],"collection":[{"href":"http:\/\/www.tvturk.com\/index.php\/wp-json\/wp\/v2\/posts"}],"about":[{"href":"http:\/\/www.tvturk.com\/index.php\/wp-json\/wp\/v2\/types\/post"}],"author":[{"embeddable":true,"href":"http:\/\/www.tvturk.com\/index.php\/wp-json\/wp\/v2\/users\/1"}],"replies":[{"embeddable":true,"href":"http:\/\/www.tvturk.com\/index.php\/wp-json\/wp\/v2\/comments?post=196349"}],"version-history":[{"count":0,"href":"http:\/\/www.tvturk.com\/index.php\/wp-json\/wp\/v2\/posts\/196349\/revisions"}],"wp:featuredmedia":[{"embeddable":true,"href":"http:\/\/www.tvturk.com\/index.php\/wp-json\/wp\/v2\/media\/196350"}],"wp:attachment":[{"href":"http:\/\/www.tvturk.com\/index.php\/wp-json\/wp\/v2\/media?parent=196349"}],"wp:term":[{"taxonomy":"category","embeddable":true,"href":"http:\/\/www.tvturk.com\/index.php\/wp-json\/wp\/v2\/categories?post=196349"},{"taxonomy":"post_tag","embeddable":true,"href":"http:\/\/www.tvturk.com\/index.php\/wp-json\/wp\/v2\/tags?post=196349"}],"curies":[{"name":"wp","href":"https:\/\/api.w.org\/{rel}","templated":true}]}}