{"id":196351,"date":"2019-08-27T08:31:09","date_gmt":"2019-08-27T05:31:09","guid":{"rendered":"http:\/\/www.tvturk.com\/index.php\/ozel-antikacilar-bu-mezatta-bulusuyor\/"},"modified":"2019-08-27T08:31:09","modified_gmt":"2019-08-27T05:31:09","slug":"ozel-antikacilar-bu-mezatta-bulusuyor","status":"publish","type":"post","link":"http:\/\/www.tvturk.com\/index.php\/ozel-antikacilar-bu-mezatta-bulusuyor\/","title":{"rendered":"(\u00d6zel) Antikac\u0131lar bu mezatta bulu\u015fuyor"},"content":{"rendered":"<p>Bursa\u2019da her hafta d\u00fczenlenen antika mezad\u0131nda birbirinden de\u011ferli \u00fcr\u00fcnler al\u0131c\u0131 buluyor. Yap\u0131lan a\u00e7\u0131k art\u0131rmada 80 ila 100 y\u0131ll\u0131k aras\u0131nda oldu\u011fu tahmin edilen bir tablo da bin 610 liraya al\u0131c\u0131 buldu.<\/p>\n<p>Bursa Antikac\u0131lar ve Antika Sevenler Derne\u011fi taraf\u0131ndan her per\u015fembe ak\u015fam\u0131 Agora \u00c7ar\u015f\u0131s\u0131\u2019nda, her ay\u0131n \u00fc\u00e7\u00fcnc\u00fc cumartesi ak\u015fam\u0131 de Podyum Park\u2019ta ger\u00e7ekle\u015ftirilen antika mezad\u0131 ra\u011fbet g\u00f6r\u00fcyor. Ayr\u0131ca her ay\u0131n \u00fc\u00e7\u00fcnc\u00fc pazar\u0131 \u0130hsaniye Kapal\u0131 Pazar Yeri\u2019nde kurulan antika pazar\u0131 da kendi alan\u0131nda T\u00fcrkiye\u2019de say\u0131l\u0131 pazarlar aras\u0131nda yer al\u0131yor. Ge\u00e7en per\u015fembe Agora \u00c7ar\u015f\u0131\u2019ndaki dernek binas\u0131 \u00f6n\u00fcnde ger\u00e7ekle\u015ftirilen antika mezad\u0131nda, \u00fczerinde hayvan fig\u00fcrleri yer alan 80 ila 100 y\u0131ll\u0131k oldu\u011fu tahmin edilen Osmanl\u0131 konaklar\u0131na yap\u0131lan, kadife \u00fczerine sim i\u015flemeli, pullarla bezenmi\u015f bir tablo da bin 610 TL\u2019ye al\u0131c\u0131 buldu. Bu t\u00fcr tablolar\u0131n Asyal\u0131lar taraf\u0131ndan yap\u0131ld\u0131\u011f\u0131 biliniyor.<\/p>\n<p>Bursa Antikac\u0131lar ve Antika Sevenler Derne\u011fi Ba\u015fkan\u0131 Erdal Sad\u0131\u00e7, her hafta dernek \u00e7at\u0131s\u0131 alt\u0131nda bu m\u00fczayedenin ger\u00e7ekle\u015ftirildi\u011fini dile getirerek, \u201cDerne\u011fimizin \u00f6n\u00fcnde arkada\u015flar\u0131m\u0131z eski e\u015fyalar\u0131n\u0131 getirip bir aile ortam\u0131nda hem al\u0131p hem sat\u0131yor. Gelen esnaflar\u0131m\u0131z ve misafirlerimiz bundan \u00e7ok memnunlar\u201d dedi.<\/p>\n<p>Yakla\u015f\u0131k 3 seneden beri antika pazar\u0131 a\u00e7t\u0131klar\u0131n\u0131 anlatan Erdal Sad\u0131\u00e7, \u201cHer ay\u0131n 3. pazar g\u00fcn\u00fc tezgahlar\u0131m\u0131z\u0131 kuruyoruz. \u00d6n\u00fcm\u00fczdeki ay pazar kurulma tarihimiz 15 Eyl\u00fcl\u2019d\u00fcr. Bunun yan\u0131 s\u0131ra her per\u015fembe dernek \u00f6n\u00fcnde muntazaman mezat yap\u0131yoruz. Bir\u00e7ok \u00fcr\u00fcn 5 TL\u2019den a\u00e7\u0131k artt\u0131rmaya \u00e7\u0131k\u0131p, 50-100-200 TL gibi rakamlara ula\u015fabiliyor. Bu getirilen \u00fcr\u00fcnlerle de alakal\u0131d\u0131r\u201d diye konu\u015ftu.<\/p>\n<p>\u00dcniversite mezunu antikac\u0131 Berna Karaku\u015f, \u201cAntika merak\u0131m 2-3 y\u0131l \u00f6nce ba\u015flad\u0131. \u00d6nce sat\u0131n alarak ba\u015flad\u0131k. Sonra da sat\u0131\u015f da yapmaya ba\u015flad\u0131k. Antika ba\u011f\u0131ml\u0131l\u0131k yapan bir \u015fey. Buna ba\u015flad\u0131ktan sonra vazge\u00e7emiyorsunuz. Eski \u015feyler \u015fimdiki zaman g\u00f6re daha kaliteli ve ya\u015fanm\u0131\u015fl\u0131klar\u0131 oluyor. Manev\u00ee a\u00e7\u0131dan da sizi \u00e7ok etkiliyor. Buras\u0131 buna en g\u00fczel \u00f6rneklerden bir yer. B\u00fct\u00fcn antikac\u0131lar\u0131n topland\u0131\u011f\u0131 bir alan. Hep birlikte bulu\u015farak kaliteli zaman ge\u00e7iriyoruz. Kendimiz koleksiyon da yap\u0131yoruz. Ho\u015fumuza giden \u015feyler oluyor. Pullar, eski arabalar, eski paralar, yeni bas\u0131m paralar, bir\u00e7ok \u015fey biriktiriyoruz Ayn\u0131 zamanda buradaki eski ustalar sayesinde tecb\u00fcremiz art\u0131yor\u201d ifadelerini kulland\u0131.<\/p>\n<p>Antikaya 20 y\u0131ld\u0131r merakl\u0131 olan Tuncer Varol, \u00f6zel bir \u015firkette sat\u0131\u015f g\u00f6revlisi oldu\u011funu belirterek, \u201cBu merak\u0131m Osmanl\u0131 objeleriyle ba\u015flad\u0131. Osmanl\u0131ca yaz\u0131l\u0131 ta\u015f ve m\u00fch\u00fcr koleksiyonum var. Bunun yan\u0131nda Cumhuriyet d\u00f6nemleriyle ilgili de ciddi bir birikimim var. Antika merak\u0131m beni ba\u015fka \u015feylere de itti. Buras\u0131 \u00e7ok canl\u0131 ve dinamik bir mezat. Her t\u00fcrl\u00fc \u00fcr\u00fcn \u00e7\u0131k\u0131yor. Ev \u00fcr\u00fcnlerinden tutun da Osmanl\u0131 par\u00e7alar\u0131na kadar her \u015feyi burada bulabilirsiniz. Kesemizi \u00fczmeyecek \u015fekilde \u00fcr\u00fcnler toplayabiliyoruz. Kendi g\u00f6z\u00fcm\u00fczden \u00e7\u0131kard\u0131\u011f\u0131m\u0131z bir\u00e7ok \u015feyi de satma imkan\u0131 buluyoruz\u201d \u015feklinde konu\u015ftu.<\/p>\n","protected":false},"excerpt":{"rendered":"<p>BURSA\u2019DA HER HAFTA D\u00dcZENLENEN ANT\u0130KA MEZADINDA B\u0130RB\u0130R\u0130NDEN DE\u011eERL\u0130 \u00dcR\u00dcNLER ALICI BULUYOR. YAPILAN A\u00c7IK ARTTIRMADA 80 \u0130LA 100 YILLIK ARASINDA OLDU\u011eU TAHM\u0130N ED\u0130LEN B\u0130R TABLO DA B\u0130N 610 L\u0130RAYA ALICI BULDU.<\/p>\n","protected":false},"author":1,"featured_media":196352,"comment_status":"closed","ping_status":"open","sticky":false,"template":"","format":"standard","meta":{"jetpack_post_was_ever_published":false,"_jetpack_newsletter_access":"","_jetpack_dont_email_post_to_subs":false,"_jetpack_newsletter_tier_id":0,"_jetpack_memberships_contains_paywalled_content":false,"_jetpack_memberships_contains_paid_content":false,"footnotes":"","jetpack_publicize_message":"","jetpack_publicize_feature_enabled":true,"jetpack_social_post_already_shared":true,"jetpack_social_options":{"image_generator_settings":{"template":"highway","default_image_id":0,"font":"","enabled":false},"version":2}},"categories":[1],"tags":[1073,49300,3689,30806],"class_list":["post-196351","post","type-post","status-publish","format-standard","has-post-thumbnail","hentry","category-genel","tag-ozel","tag-antikacilar","tag-bulusuyor","tag-mezatta"],"jetpack_publicize_connections":[],"jetpack_featured_media_url":"https:\/\/i0.wp.com\/www.tvturk.com\/wp-content\/uploads\/2019\/08\/ozel-antikacilar-bu-mezatta-bulusuyor_29dc243.jpg?fit=1000%2C666","jetpack_sharing_enabled":true,"jetpack_shortlink":"https:\/\/wp.me\/paKIfm-P4X","_links":{"self":[{"href":"http:\/\/www.tvturk.com\/index.php\/wp-json\/wp\/v2\/posts\/196351","targetHints":{"allow":["GET"]}}],"collection":[{"href":"http:\/\/www.tvturk.com\/index.php\/wp-json\/wp\/v2\/posts"}],"about":[{"href":"http:\/\/www.tvturk.com\/index.php\/wp-json\/wp\/v2\/types\/post"}],"author":[{"embeddable":true,"href":"http:\/\/www.tvturk.com\/index.php\/wp-json\/wp\/v2\/users\/1"}],"replies":[{"embeddable":true,"href":"http:\/\/www.tvturk.com\/index.php\/wp-json\/wp\/v2\/comments?post=196351"}],"version-history":[{"count":0,"href":"http:\/\/www.tvturk.com\/index.php\/wp-json\/wp\/v2\/posts\/196351\/revisions"}],"wp:featuredmedia":[{"embeddable":true,"href":"http:\/\/www.tvturk.com\/index.php\/wp-json\/wp\/v2\/media\/196352"}],"wp:attachment":[{"href":"http:\/\/www.tvturk.com\/index.php\/wp-json\/wp\/v2\/media?parent=196351"}],"wp:term":[{"taxonomy":"category","embeddable":true,"href":"http:\/\/www.tvturk.com\/index.php\/wp-json\/wp\/v2\/categories?post=196351"},{"taxonomy":"post_tag","embeddable":true,"href":"http:\/\/www.tvturk.com\/index.php\/wp-json\/wp\/v2\/tags?post=196351"}],"curies":[{"name":"wp","href":"https:\/\/api.w.org\/{rel}","templated":true}]}}