{"id":196379,"date":"2019-08-27T09:46:18","date_gmt":"2019-08-27T06:46:18","guid":{"rendered":"http:\/\/www.tvturk.com\/index.php\/tesk-genel-baskani-palandoken-bu-yil-da-taze-ve-cok-balik-yiyecegiz\/"},"modified":"2019-08-27T09:46:18","modified_gmt":"2019-08-27T06:46:18","slug":"tesk-genel-baskani-palandoken-bu-yil-da-taze-ve-cok-balik-yiyecegiz","status":"publish","type":"post","link":"http:\/\/www.tvturk.com\/index.php\/tesk-genel-baskani-palandoken-bu-yil-da-taze-ve-cok-balik-yiyecegiz\/","title":{"rendered":"TESK Genel Ba\u015fkan\u0131 Paland\u00f6ken: \u201cBu y\u0131l da taze ve \u00e7ok bal\u0131k yiyece\u011fiz\u201d"},"content":{"rendered":"<p>Denizlerde avlanma sezonunun ba\u015flamas\u0131na say\u0131l\u0131 g\u00fcnler kald\u0131\u011f\u0131n\u0131 hat\u0131rlatan TESK Genel Ba\u015fkan\u0131 Bendevi Paland\u00f6ken, \u201cBal\u0131k\u00e7\u0131lar\u0131m\u0131z 1 Eyl\u00fcl itibariyle vira bismillah diyecek. Denizlerimizde avlanma sezonunun ba\u015flamas\u0131na say\u0131l\u0131 g\u00fcnler kald\u0131. Bu y\u0131l bereketli, kaliteli ve bol bal\u0131k t\u00fcketece\u011fimiz bir sezon olacak. Bal\u0131k t\u00fcketiminde d\u00fcnya s\u0131ralamas\u0131ndaki yerimizi ve ki\u015fi ba\u015f\u0131 t\u00fcketti\u011fimiz miktar\u0131 y\u00fckseltmemiz gerekiyor\u201d dedi.<\/p>\n<p>Bu sezon bal\u0131k a\u00e7\u0131s\u0131ndan bereketli ge\u00e7ece\u011fini ve bal\u0131k\u00e7\u0131 esnaf\u0131n\u0131n \u00fcmitli oldu\u011funu vurgulayan T\u00fcrkiye Esnaf ve Sanatk\u00e2rlar Konfederasyonu (TESK) Genel Ba\u015fkan\u0131 Bendevi Paland\u00f6ken, \u201cBinlerce bal\u0131k\u00e7\u0131 esnaf\u0131m\u0131z haz\u0131rl\u0131klar\u0131n\u0131 tamamlad\u0131, a\u011flar\u0131n\u0131 tamir etti, teknelerinin bak\u0131mlar\u0131n\u0131 yapt\u0131 ve 1 Eyl\u00fcl\u2019\u00fc bekliyor. Denizlerimizde avlanma yasa\u011f\u0131n\u0131n kalkmas\u0131yla birlikte mavilere a\u00e7\u0131lacak olan bal\u0131k\u00e7\u0131lar\u0131m\u0131z gibi bal\u0131k\u00e7\u0131 esnaf\u0131m\u0131z da bu sezondan, yeni sezondan \u00fcmitli.<\/p>\n<p>K\u0131\u015f\u0131n \u00e7ok so\u011fuk ge\u00e7ece\u011fi tahmin edildi\u011finden hamsi ba\u015fta olmak \u00fczere palamut, l\u00fcfer gibi onlarca \u00e7e\u015fit bal\u0131\u011f\u0131n bereketli ve bol olaca\u011f\u0131n\u0131 \u00fcmit ediyoruz. Fakat \u00fc\u00e7 taraf\u0131 denizlerle \u00e7evrili \u00fclkemizde t\u00fcketimimiz olduk\u00e7a az. Y\u0131ll\u0131k ki\u015fi ba\u015f\u0131 t\u00fcketim \u00fclkemizde 8 kilogram iken, Avrupa \u00fclkelerinde bu t\u00fcketim 25 kilograma kadar \u00e7\u0131k\u0131yor. T\u00fcketimin artmas\u0131 ve \u00f6zellikle \u00e7ocuklar\u0131m\u0131za haftada 2 g\u00fcn bal\u0131k yedirmemiz gerekiyor\u201d diye konu\u015ftu.<\/p>\n<p>\u201cBal\u0131k\u00e7\u0131 esnaf\u0131m\u0131z da artan maliyetlere kar\u015f\u0131 desteklenmeli\u201d<\/p>\n<p>Her sekt\u00f6rde oldu\u011fu gibi bal\u0131k\u00e7\u0131l\u0131k sekt\u00f6r\u00fcnde de maliyetlerin artt\u0131\u011f\u0131na dikkati \u00e7eken Paland\u00f6ken, \u201cVatanda\u015flar\u0131m\u0131z\u0131n daha ucuz ve kaliteli bal\u0131k yiyebilmesi i\u00e7in bal\u0131k\u00e7\u0131lar ve bal\u0131k\u00e7\u0131 esnaf\u0131m\u0131z hem haz\u0131rl\u0131klar\u0131n\u0131 hem de hizmetini yap\u0131yor. Fakat her sekt\u00f6rde oldu\u011fu gibi bu sekt\u00f6rde de maliyetler artt\u0131. Av yap\u0131lan tekne, av i\u00e7in gerekli malzemeler, \u00fcr\u00fcnlerin saklanmas\u0131, muhafaza edilmesi, nakliye, \u00fcr\u00fcn\u00fcn sat\u0131\u015f\u0131 ve pazarlamas\u0131 gibi bir\u00e7ok kalemde faaliyeti ve masraf\u0131 olan bu sekt\u00f6r 1 milyonun \u00fczerinde insan\u0131n evine ekmek g\u00f6t\u00fcrmesini sa\u011fl\u0131yor. Dolay\u0131s\u0131yla artan maliyetler kar\u015f\u0131s\u0131nda desteklenmesi gereken \u00f6nemli sekt\u00f6rlerden birisi de bal\u0131k\u00e7\u0131lar\u0131m\u0131z ve bal\u0131k\u00e7\u0131 esnaf\u0131m\u0131z. Onlar bal\u0131\u011f\u0131 ne kadar iyi tutar, muhafaza eder ve sat\u0131\u015fa uygun hale getirirse vatanda\u015flar\u0131m\u0131z da o kadar kaliteli bal\u0131k yer. Tabii kaliteli bal\u0131k i\u00e7in bilin\u00e7siz avlanman\u0131n da \u00f6n\u00fcne ge\u00e7ilmeli\u201d \u015feklinde konu\u015ftu.<\/p>\n","protected":false},"excerpt":{"rendered":"<p>TESK GENEL BA\u015eKANI BENDEV\u0130 PALAND\u00d6KEN, \u201cDEN\u0130ZLER\u0130M\u0130ZDE AVLANMA SEZONUNUN BA\u015eLAMASINA SAYILI G\u00dcNLER KALDI. BU YIL BEREKETL\u0130, KAL\u0130TEL\u0130 VE BOL BALIK T\u00dcKETECE\u011e\u0130M\u0130Z B\u0130R SEZON OLACAK\u201d DED\u0130.<\/p>\n","protected":false},"author":1,"featured_media":196380,"comment_status":"closed","ping_status":"open","sticky":false,"template":"","format":"standard","meta":{"jetpack_post_was_ever_published":false,"_jetpack_newsletter_access":"","_jetpack_dont_email_post_to_subs":false,"_jetpack_newsletter_tier_id":0,"_jetpack_memberships_contains_paywalled_content":false,"_jetpack_memberships_contains_paid_content":false,"footnotes":"","jetpack_publicize_message":"","jetpack_publicize_feature_enabled":true,"jetpack_social_post_already_shared":true,"jetpack_social_options":{"image_generator_settings":{"template":"highway","default_image_id":0,"font":"","enabled":false},"version":2}},"categories":[1],"tags":[986,6469,216,105,869,8073,7812,12357,49313,231],"class_list":["post-196379","post","type-post","status-publish","format-standard","has-post-thumbnail","hentry","category-genel","tag-bu","tag-balik","tag-baskani","tag-cok","tag-genel","tag-palandoken","tag-taze","tag-tesk","tag-yiyecegiz","tag-yil"],"jetpack_publicize_connections":[],"jetpack_featured_media_url":"https:\/\/i0.wp.com\/www.tvturk.com\/wp-content\/uploads\/2019\/08\/tesk-genel-baskani-palandoken-bu-yil-da-taze-ve-cok-balik-yiyecegiz_aa1b81b.jpg?fit=1000%2C664","jetpack_sharing_enabled":true,"jetpack_shortlink":"https:\/\/wp.me\/paKIfm-P5p","_links":{"self":[{"href":"http:\/\/www.tvturk.com\/index.php\/wp-json\/wp\/v2\/posts\/196379","targetHints":{"allow":["GET"]}}],"collection":[{"href":"http:\/\/www.tvturk.com\/index.php\/wp-json\/wp\/v2\/posts"}],"about":[{"href":"http:\/\/www.tvturk.com\/index.php\/wp-json\/wp\/v2\/types\/post"}],"author":[{"embeddable":true,"href":"http:\/\/www.tvturk.com\/index.php\/wp-json\/wp\/v2\/users\/1"}],"replies":[{"embeddable":true,"href":"http:\/\/www.tvturk.com\/index.php\/wp-json\/wp\/v2\/comments?post=196379"}],"version-history":[{"count":0,"href":"http:\/\/www.tvturk.com\/index.php\/wp-json\/wp\/v2\/posts\/196379\/revisions"}],"wp:featuredmedia":[{"embeddable":true,"href":"http:\/\/www.tvturk.com\/index.php\/wp-json\/wp\/v2\/media\/196380"}],"wp:attachment":[{"href":"http:\/\/www.tvturk.com\/index.php\/wp-json\/wp\/v2\/media?parent=196379"}],"wp:term":[{"taxonomy":"category","embeddable":true,"href":"http:\/\/www.tvturk.com\/index.php\/wp-json\/wp\/v2\/categories?post=196379"},{"taxonomy":"post_tag","embeddable":true,"href":"http:\/\/www.tvturk.com\/index.php\/wp-json\/wp\/v2\/tags?post=196379"}],"curies":[{"name":"wp","href":"https:\/\/api.w.org\/{rel}","templated":true}]}}