{"id":196473,"date":"2019-08-27T11:46:46","date_gmt":"2019-08-27T08:46:46","guid":{"rendered":"http:\/\/www.tvturk.com\/index.php\/balikesir-tanitim-cadirina-malazgirtte-buyuk-ilgi\/"},"modified":"2019-08-27T11:46:46","modified_gmt":"2019-08-27T08:46:46","slug":"balikesir-tanitim-cadirina-malazgirtte-buyuk-ilgi","status":"publish","type":"post","link":"http:\/\/www.tvturk.com\/index.php\/balikesir-tanitim-cadirina-malazgirtte-buyuk-ilgi\/","title":{"rendered":"Bal\u0131kesir tan\u0131t\u0131m \u00e7ad\u0131r\u0131na Malazgirt\u2019te b\u00fcy\u00fck ilgi"},"content":{"rendered":"<p>Bitlis\u2019in Ahlat il\u00e7esinde Malazgirt zaferinin 948. y\u0131l d\u00f6n\u00fcm\u00fc kutlamalar\u0131nda Bal\u0131kesir B\u00fcy\u00fck\u015fehir Belediyesi taraf\u0131ndan tan\u0131t\u0131m \u00e7ad\u0131r\u0131 kuruldu.<\/p>\n<p>&#8220;T\u00fcrklerin Anadolu\u2019ya giri\u015f kap\u0131s\u0131&#8221; olan Ahlat\u2019ta &#8220;B\u00fcy\u00fck\u015fehir Belediyesi pehlivanlar\u0131 taraf\u0131ndan yap\u0131lan g\u00fcre\u015fler vatanda\u015flar taraf\u0131ndan ilgi g\u00f6rd\u00fc. UNESCO  somut olmayan k\u00fclt\u00fcrel miras ta\u015f\u0131y\u0131c\u0131 listesinde yer alan Dursunbey Barana Grubu taraf\u0131ndan Ahlat ve Malazgirt\u2019te verilen konserlerde, t\u00fcrk\u00fclere vatanda\u015flar da e\u015flik etti. S\u0131nd\u0131rg\u0131 \u201cH\u00fcnerli Eller\u201d taraf\u0131ndan yap\u0131lan y\u00f6resel el sanatlar\u0131 \u00fcr\u00fcnleri ve s\u0131f\u0131r at\u0131k projesi kapsam\u0131nda gazetelerden yapm\u0131\u015f olduklar\u0131 \u00fcr\u00fcnler hem tan\u0131t\u0131ld\u0131, hem de at\u00f6lye \u00e7al\u0131\u015fmas\u0131nda vatanda\u015flara \u00f6\u011fretildi. Etkinliklere konuklar Bal\u0131kesir\u2019in d\u00fcnyaca \u00fcnl\u00fc Ya\u011fc\u0131bedir hal\u0131s\u0131n\u0131 dokumak i\u00e7in tezgah ba\u015f\u0131na ge\u00e7tiler.<\/p>\n<p>1071\u2019de Alparslan taraf\u0131ndan ota\u011f kurulan \u00c7arho mevkiindeki 400 d\u00f6n\u00fcml\u00fck alanda \u00fc\u00e7 g\u00fcn devam eden kutlamalarda K\u0131rg\u0131z T\u00fcrklerinin k\u00f6k b\u00f6r\u00fc, atl\u0131 ok\u00e7uluk, ok\u00e7uluk, cirit ve g\u00fcre\u015f m\u00fcsabakalar\u0131, konserler, el sanatlar\u0131 at\u00f6lyeleri, geleneksel \u00e7ocuk oyunlar\u0131 gibi bir\u00e7ok faaliyet ger\u00e7ekle\u015ftirildi.<\/p>\n","protected":false},"excerpt":{"rendered":"<p>B\u0130TL\u0130S&#8217;\u0130N AHLAT \u0130L\u00c7ES\u0130NDE, MALAZG\u0130RT ZAFER\u0130&#8217;N\u0130N 948. YIL D\u00d6N\u00dcM\u00dc KUTLAMALARI KAPSAMINDA D\u00dcZENLENEN ETK\u0130NL\u0130KLERDE BALIKES\u0130R B\u00dcY\u00dcK\u015eEH\u0130R BELED\u0130YES\u0130 TARAFINDAN HAZIRLANAN Y\u00d6RESEL LEZZETLER, GELENEKSEL G\u00dcNL\u00dcK VE \u00d6ZEL YA\u015eAMA DA\u0130R E\u015eYALARIN TANITILDI\u011eI \u00c7ADIR, VATANDA\u015eLAR TARAFINDAN YO\u011eUN \u0130LG\u0130 G\u00d6RD\u00dc.<\/p>\n","protected":false},"author":1,"featured_media":196474,"comment_status":"closed","ping_status":"open","sticky":false,"template":"","format":"standard","meta":{"jetpack_post_was_ever_published":false,"_jetpack_newsletter_access":"","_jetpack_dont_email_post_to_subs":false,"_jetpack_newsletter_tier_id":0,"_jetpack_memberships_contains_paywalled_content":false,"_jetpack_memberships_contains_paid_content":false,"footnotes":"","jetpack_publicize_message":"","jetpack_publicize_feature_enabled":true,"jetpack_social_post_already_shared":true,"jetpack_social_options":{"image_generator_settings":{"template":"highway","default_image_id":0,"font":"","enabled":false},"version":2}},"categories":[1],"tags":[59,545,17120,1726,2620,2221],"class_list":["post-196473","post","type-post","status-publish","format-standard","has-post-thumbnail","hentry","category-genel","tag-balikesir","tag-buyuk","tag-cadirina","tag-ilgi","tag-malazgirtte","tag-tanitim"],"jetpack_publicize_connections":[],"jetpack_featured_media_url":"https:\/\/i0.wp.com\/www.tvturk.com\/wp-content\/uploads\/2019\/08\/balikesir-tanitim-cadirina-malazgirtte-buyuk-ilgi_c76acbf.jpg?fit=1000%2C750","jetpack_sharing_enabled":true,"jetpack_shortlink":"https:\/\/wp.me\/paKIfm-P6V","_links":{"self":[{"href":"http:\/\/www.tvturk.com\/index.php\/wp-json\/wp\/v2\/posts\/196473","targetHints":{"allow":["GET"]}}],"collection":[{"href":"http:\/\/www.tvturk.com\/index.php\/wp-json\/wp\/v2\/posts"}],"about":[{"href":"http:\/\/www.tvturk.com\/index.php\/wp-json\/wp\/v2\/types\/post"}],"author":[{"embeddable":true,"href":"http:\/\/www.tvturk.com\/index.php\/wp-json\/wp\/v2\/users\/1"}],"replies":[{"embeddable":true,"href":"http:\/\/www.tvturk.com\/index.php\/wp-json\/wp\/v2\/comments?post=196473"}],"version-history":[{"count":0,"href":"http:\/\/www.tvturk.com\/index.php\/wp-json\/wp\/v2\/posts\/196473\/revisions"}],"wp:featuredmedia":[{"embeddable":true,"href":"http:\/\/www.tvturk.com\/index.php\/wp-json\/wp\/v2\/media\/196474"}],"wp:attachment":[{"href":"http:\/\/www.tvturk.com\/index.php\/wp-json\/wp\/v2\/media?parent=196473"}],"wp:term":[{"taxonomy":"category","embeddable":true,"href":"http:\/\/www.tvturk.com\/index.php\/wp-json\/wp\/v2\/categories?post=196473"},{"taxonomy":"post_tag","embeddable":true,"href":"http:\/\/www.tvturk.com\/index.php\/wp-json\/wp\/v2\/tags?post=196473"}],"curies":[{"name":"wp","href":"https:\/\/api.w.org\/{rel}","templated":true}]}}