{"id":196487,"date":"2019-08-27T12:02:00","date_gmt":"2019-08-27T09:02:00","guid":{"rendered":"http:\/\/www.tvturk.com\/index.php\/15-temmuz-dernegi-baskani-hacire-akari-ziyaret-etti\/"},"modified":"2019-08-27T12:02:00","modified_gmt":"2019-08-27T09:02:00","slug":"15-temmuz-dernegi-baskani-hacire-akari-ziyaret-etti","status":"publish","type":"post","link":"http:\/\/www.tvturk.com\/index.php\/15-temmuz-dernegi-baskani-hacire-akari-ziyaret-etti\/","title":{"rendered":"15 Temmuz Derne\u011fi Ba\u015fkan\u0131 Hacire Akar\u2019\u0131 ziyaret etti"},"content":{"rendered":"<p>15 Temmuz Derne\u011fi Ba\u015fkan\u0131 Tar\u0131k \u015eebi, o\u011flunu ter\u00f6r \u00f6rg\u00fct\u00fcn\u00fcn elinden kurtaran Hacire Akar\u2019\u0131 Diyarbak\u0131r\u2019da evinde ziyaret etti.<\/p>\n<p>Diyarbak\u0131r\u2019da 3 g\u00fcn boyunca gece g\u00fcnd\u00fcz HDP il binas\u0131n\u0131n kap\u0131s\u0131nda yatarak verdi\u011fi m\u00fccadele ile o\u011flunu ter\u00f6r \u00f6rg\u00fct\u00fc PKK\u2019n\u0131n elinden kurtaran Hacire Akar\u2019a bir ziyaret de 15 Temmuz Derne\u011fi taraf\u0131ndan yap\u0131ld\u0131. Diyarbak\u0131r\u2019\u0131n Sur il\u00e7esi So\u011fanl\u0131 k\u00f6y\u00fcnde ger\u00e7ekle\u015fen ziyarette 15 Temmuz Derne\u011fi, aile ile bir araya geldi.<\/p>\n<p>15 Temmuz Derne\u011fi Ba\u015fkan\u0131 Tar\u0131k \u015eebik, buraya t\u00fcm millette, t\u00fcm \u00fclkeye bir manada cesaret veren Hacire anay\u0131 ziyarete gelmi\u015f olduklar\u0131n\u0131 s\u00f6yledi. \u00dclkenin ter\u00f6rle uzun y\u0131llard\u0131r m\u00fccadele etti\u011fini, PKK\u2019s\u0131 FET\u00d6\u2019s\u00fc, DHKPC\u2019si, asl\u0131nda hepsi ter\u00f6r \u00f6rg\u00fct\u00fc oldu\u011funu belirten Ba\u015fkan \u015eebik, \u201cBu manada evlatlar\u0131m\u0131z asl\u0131nda y\u0131llard\u0131r bunlar\u0131n a\u011f\u0131na d\u00fc\u015fm\u00fc\u015f ve evlatlar\u0131m\u0131z\u0131 d\u0131\u015f g\u00fc\u00e7lerin kendi buradaki i\u015flerini y\u00fcr\u00fctmek i\u00e7in kulland\u0131\u011f\u0131 bir d\u00fczeni biz g\u00f6r\u00fcyoruz. Asl\u0131nda 15 Temmuz\u2019da da bunu g\u00f6rd\u00fck. 251 \u015fehidimizin oldu\u011fu, 2 binden fazla gazimizin oldu\u011fu 15 Temmuz\u2019da yine silah s\u0131kanlar, i\u015fte FET\u00d6 ter\u00f6r \u00f6rg\u00fct\u00fcn\u00fcn a\u011f\u0131na d\u00fc\u015fm\u00fc\u015f gen\u00e7lerimizdi. Hacire anan\u0131n burada vermi\u015f oldu\u011fu bu m\u00fccadele bu b\u00f6lgenin t\u00fcm gen\u00e7lerine \u00f6rnek olmal\u0131. \u015eu manada \u00f6rnek olmal\u0131, da\u011f de\u011fil, da\u011f gibi Hacire anaya kulak veriyor olmak laz\u0131m. Ata yurdu topraklar\u0131m\u0131z\u0131n hakikaten tapusu analar\u0131m\u0131z. \u00c7\u00fcnk\u00fc biz g\u00f6r\u00fcyoruz ki analar\u0131m\u0131z\u0131n bu m\u00fccadelesi, bu dirayeti, bu cesareti her \u015feyden evvel bize \u015funu g\u00f6steriyor, e\u011fer biz inan\u0131yorsak, hakikaten biz gen\u00e7lerimizi, biz evlatlar\u0131m\u0131z\u0131 nerde durmas\u0131n\u0131 istiyorsak biz bunu ebeveynler olarak ba\u015farabiliriz\u201d dedi.<\/p>\n<p>\u201cT\u00fcrk milletine \u00f6rnek olacak cesaretiyle m\u00fccadele vermi\u015f\u201d<\/p>\n<p>&#8220;Bu manada sadece b\u00f6lge insan\u0131na de\u011fil, t\u00fcm T\u00fcrkiye\u2019ye biz evlatlar\u0131m\u0131za sahip \u00e7\u0131kmal\u0131y\u0131z&#8221; diyen Ba\u015fkan Tar\u0131k \u015eebik, s\u00f6zlerine \u015f\u00f6yle devam etti:<\/p>\n<p>\u201cT\u00fcrk milletine \u00f6rnek olacak cesaretiyle b\u00f6ylesine bir m\u00fccadeleyi vermi\u015f olan Hacire anay\u0131 biz tebrik ediyoruz. Ben t\u00fcm \u015fehit anneleri ad\u0131na bu manada ac\u0131s\u0131 olan herkes ad\u0131na kendisini tebrik ediyorum. \u0130n\u015fallah bu son d\u00f6nemde vermi\u015f oldu\u011fumuz ter\u00f6rle m\u00fccadele in\u015fallah burada son safhas\u0131na ula\u015ft\u0131. Hacire anan\u0131n bu \u00e7a\u011fr\u0131s\u0131na yine biz e\u011fer toplum olarak bir ve beraber olursak in\u015fallah toplum olarak yenmeyece\u011fimiz hi\u00e7bir d\u00fc\u015fman g\u00fcc\u00fc olaca\u011f\u0131n\u0131 d\u00fc\u015f\u00fcnm\u00fcyorum. Hacire anan\u0131n mutlulu\u011funu g\u00f6r\u00fcyoruz. Hakikaten \u015fuanda almam gerekeni ald\u0131m. Asl\u0131nda o almas\u0131 gerekeni ald\u0131 ama biz millet olarak almam\u0131z gereken \u00e7ok b\u00fcy\u00fck duygu var burada.\u201d<\/p>\n<p>G\u00f6r\u00fc\u015fmeden sonra aileye 15 Temmuz Derne\u011fi plaketi verildi.<\/p>\n","protected":false},"excerpt":{"rendered":"<p>15 TEMMUZ DERNE\u011e\u0130 BA\u015eKANI TARIK \u015eEB\u0130, O\u011eLUNU TER\u00d6R \u00d6RG\u00dcT\u00dcN\u00dcN EL\u0130NDEN KURTARAN HAC\u0130RE AKAR\u2019I D\u0130YARBAKIR&#8217;DA EV\u0130NDE Z\u0130YARET ETT\u0130.<\/p>\n","protected":false},"author":1,"featured_media":196488,"comment_status":"closed","ping_status":"open","sticky":false,"template":"","format":"standard","meta":{"jetpack_post_was_ever_published":false,"_jetpack_newsletter_access":"","_jetpack_dont_email_post_to_subs":false,"_jetpack_newsletter_tier_id":0,"_jetpack_memberships_contains_paywalled_content":false,"_jetpack_memberships_contains_paid_content":false,"footnotes":"","jetpack_publicize_message":"","jetpack_publicize_feature_enabled":true,"jetpack_social_post_already_shared":true,"jetpack_social_options":{"image_generator_settings":{"template":"highway","default_image_id":0,"font":"","enabled":false},"version":2}},"categories":[1],"tags":[18758,216,6333,207,49234,1148,150],"class_list":["post-196487","post","type-post","status-publish","format-standard","has-post-thumbnail","hentry","category-genel","tag-akari","tag-baskani","tag-dernegi","tag-etti","tag-hacire","tag-temmuz","tag-ziyaret"],"jetpack_publicize_connections":[],"jetpack_featured_media_url":"https:\/\/i0.wp.com\/www.tvturk.com\/wp-content\/uploads\/2019\/08\/15-temmuz-dernegi-baskani-hacire-akari-ziyaret-etti_2ab2bfa.jpg?fit=1000%2C750","jetpack_sharing_enabled":true,"jetpack_shortlink":"https:\/\/wp.me\/paKIfm-P79","_links":{"self":[{"href":"http:\/\/www.tvturk.com\/index.php\/wp-json\/wp\/v2\/posts\/196487","targetHints":{"allow":["GET"]}}],"collection":[{"href":"http:\/\/www.tvturk.com\/index.php\/wp-json\/wp\/v2\/posts"}],"about":[{"href":"http:\/\/www.tvturk.com\/index.php\/wp-json\/wp\/v2\/types\/post"}],"author":[{"embeddable":true,"href":"http:\/\/www.tvturk.com\/index.php\/wp-json\/wp\/v2\/users\/1"}],"replies":[{"embeddable":true,"href":"http:\/\/www.tvturk.com\/index.php\/wp-json\/wp\/v2\/comments?post=196487"}],"version-history":[{"count":0,"href":"http:\/\/www.tvturk.com\/index.php\/wp-json\/wp\/v2\/posts\/196487\/revisions"}],"wp:featuredmedia":[{"embeddable":true,"href":"http:\/\/www.tvturk.com\/index.php\/wp-json\/wp\/v2\/media\/196488"}],"wp:attachment":[{"href":"http:\/\/www.tvturk.com\/index.php\/wp-json\/wp\/v2\/media?parent=196487"}],"wp:term":[{"taxonomy":"category","embeddable":true,"href":"http:\/\/www.tvturk.com\/index.php\/wp-json\/wp\/v2\/categories?post=196487"},{"taxonomy":"post_tag","embeddable":true,"href":"http:\/\/www.tvturk.com\/index.php\/wp-json\/wp\/v2\/tags?post=196487"}],"curies":[{"name":"wp","href":"https:\/\/api.w.org\/{rel}","templated":true}]}}