{"id":196501,"date":"2019-08-27T12:32:22","date_gmt":"2019-08-27T09:32:22","guid":{"rendered":"http:\/\/www.tvturk.com\/index.php\/basaksehire-genclik-asisi\/"},"modified":"2019-08-27T12:32:22","modified_gmt":"2019-08-27T09:32:22","slug":"basaksehire-genclik-asisi","status":"publish","type":"post","link":"http:\/\/www.tvturk.com\/index.php\/basaksehire-genclik-asisi\/","title":{"rendered":"Ba\u015fak\u015fehir\u2019e gen\u00e7lik a\u015f\u0131s\u0131"},"content":{"rendered":"<p>Ge\u00e7ti\u011fimiz sezon 30.4 ya\u015f ortalamas\u0131 ile S\u00fcper Lig\u2019in en ya\u015fl\u0131 tak\u0131m\u0131 olan Medipol Ba\u015fak\u015fehir, Teknik Direkt\u00f6r Okan Buruk\u2019un g\u00f6reve ge\u00e7mesiyle birlikte gen\u00e7le\u015fmeye gitti. Turuncu-lacivertliler, 30 ya\u015f \u00fcst\u00fc futbolcularla yollar\u0131n\u0131 ay\u0131r\u0131rken, transferde de gen\u00e7 isimlere y\u00f6neldi ve tak\u0131m\u0131n ya\u015f ortalamas\u0131n\u0131 28.8\u2019e \u00e7ekti.<\/p>\n<p>Okan Buruk\u2019un teknik direkt\u00f6rl\u00fck g\u00f6revine gelmesiyle yeni bir kadro planlamas\u0131na giden Medipol Ba\u015fak\u015fehir, ya\u015f ortalamas\u0131n\u0131 d\u00fc\u015f\u00fcrerek i\u015fe ba\u015flad\u0131. Ge\u00e7ti\u011fimiz sezon 30.4 ya\u015f ortalamas\u0131 ile S\u00fcper Lig\u2019in en ya\u015fl\u0131 tak\u0131m\u0131 olan turuncu-lacivertliler, yeni sezon \u00f6ncesi ise 30 ya\u015f ve \u00fczeri futbolcularla yola devam etmeme karar\u0131 ald\u0131. Transferde de daha gen\u00e7 oyunculara \u00f6ncelik veren Ba\u015fak\u015fehir, bu operasyonla birlikte ya\u015f ortalamas\u0131n\u0131 28.8\u2019e d\u00fc\u015f\u00fcrd\u00fc.<\/p>\n<p>\u0130stanbul ekibinin yeni sezon \u00f6ncesi renklerine ba\u011flad\u0131\u011f\u0131 en gen\u00e7 futbolcu olarak 22 ya\u015f\u0131ndaki Azubuike dikkat \u00e7ekerken, transferi d\u00fcn netlik kazanan 33 ya\u015f\u0131ndaki Mehmet Topal da turuncu-lacivertlilerin tak\u0131ma katt\u0131\u011f\u0131 en ya\u015fl\u0131 isim oldu.<\/p>\n<p>2019-2020 sezonu \u00f6ncesi transfer edilen oyuncular\u0131n ya\u015f ortalamas\u0131 25.9 olurken, yollar\u0131n ayr\u0131ld\u0131\u011f\u0131 Kudryashov, Serdar Ta\u015f\u00e7\u0131, Alparslan Erdem, Emre Bel\u00f6zo\u011flu ve Adebayor\u2019un ya\u015f ortalamas\u0131 ise 32.6.<\/p>\n<p>M.Ba\u015fak\u015fehir\u2019de gelen ve giden oyuncular ile ya\u015flar\u0131 \u015f\u00f6yle:<\/p>\n<p>Gidenler<\/p>\n<p>Kudryashov (31)<\/p>\n<p>Serdar Ta\u015f\u00e7\u0131 (31)<\/p>\n<p>Alparslan Erdem (29)<\/p>\n<p>Emre Belz\u00f6o\u011flu (38)<\/p>\n<p>Adebayor (34)<\/p>\n<p>Gelenler<\/p>\n<p>Crivelli (24))<\/p>\n<p>Vieira (28)<\/p>\n<p>Aziz Eraltay (28)<\/p>\n<p>Gulbrandsen (26)<\/p>\n<p>Furkan Soyalp (24)<\/p>\n<p>Muhammet Demir (27)<\/p>\n<p>Mehmet Topal (33)<\/p>\n<p>Do\u011fanay K\u0131l\u0131\u00e7 (23)<\/p>\n<p>Azubuike (22)<\/p>\n<p>Ponck (24)<\/p>\n","protected":false},"excerpt":{"rendered":"<p>GE\u00c7T\u0130\u011e\u0130M\u0130Z SEZON 30.4 YA\u015e ORTALAMASI \u0130LE S\u00dcPER L\u0130G&#8217;\u0130N EN YA\u015eLI TAKIMI OLAN MED\u0130POL BA\u015eAK\u015eEH\u0130R, TEKN\u0130K D\u0130REKT\u00d6R OKAN BURUK&#8217;UN G\u00d6REVE GE\u00c7MES\u0130YLE B\u0130RL\u0130KTE GEN\u00c7LE\u015eMEYE G\u0130TT\u0130. TURUNCU-LAC\u0130VERTL\u0130LER, 30 YA\u015e \u00dcST\u00dc FUTBOLCULARLA YOLLARINI AYIRIRKEN, TRANSFERDE DE GEN\u00c7 \u0130S\u0130MLERE Y\u00d6NELD\u0130 VE TAKIMIN YA\u015e ORTALAMASINI 28.8 \u00c7EKT\u0130.<\/p>\n","protected":false},"author":1,"featured_media":196502,"comment_status":"closed","ping_status":"open","sticky":false,"template":"","format":"standard","meta":{"jetpack_post_was_ever_published":false,"_jetpack_newsletter_access":"","_jetpack_dont_email_post_to_subs":false,"_jetpack_newsletter_tier_id":0,"_jetpack_memberships_contains_paywalled_content":false,"_jetpack_memberships_contains_paid_content":false,"footnotes":"","jetpack_publicize_message":"","jetpack_publicize_feature_enabled":true,"jetpack_social_post_already_shared":true,"jetpack_social_options":{"image_generator_settings":{"template":"highway","default_image_id":0,"font":"","enabled":false},"version":2}},"categories":[657],"tags":[4090,19939,512],"class_list":["post-196501","post","type-post","status-publish","format-standard","has-post-thumbnail","hentry","category-spor","tag-asisi","tag-basaksehire","tag-genclik"],"jetpack_publicize_connections":[],"jetpack_featured_media_url":"https:\/\/i0.wp.com\/www.tvturk.com\/wp-content\/uploads\/2019\/08\/basaksehire-genclik-asisi_61b839a.jpg?fit=569%2C383","jetpack_sharing_enabled":true,"jetpack_shortlink":"https:\/\/wp.me\/paKIfm-P7n","_links":{"self":[{"href":"http:\/\/www.tvturk.com\/index.php\/wp-json\/wp\/v2\/posts\/196501","targetHints":{"allow":["GET"]}}],"collection":[{"href":"http:\/\/www.tvturk.com\/index.php\/wp-json\/wp\/v2\/posts"}],"about":[{"href":"http:\/\/www.tvturk.com\/index.php\/wp-json\/wp\/v2\/types\/post"}],"author":[{"embeddable":true,"href":"http:\/\/www.tvturk.com\/index.php\/wp-json\/wp\/v2\/users\/1"}],"replies":[{"embeddable":true,"href":"http:\/\/www.tvturk.com\/index.php\/wp-json\/wp\/v2\/comments?post=196501"}],"version-history":[{"count":0,"href":"http:\/\/www.tvturk.com\/index.php\/wp-json\/wp\/v2\/posts\/196501\/revisions"}],"wp:featuredmedia":[{"embeddable":true,"href":"http:\/\/www.tvturk.com\/index.php\/wp-json\/wp\/v2\/media\/196502"}],"wp:attachment":[{"href":"http:\/\/www.tvturk.com\/index.php\/wp-json\/wp\/v2\/media?parent=196501"}],"wp:term":[{"taxonomy":"category","embeddable":true,"href":"http:\/\/www.tvturk.com\/index.php\/wp-json\/wp\/v2\/categories?post=196501"},{"taxonomy":"post_tag","embeddable":true,"href":"http:\/\/www.tvturk.com\/index.php\/wp-json\/wp\/v2\/tags?post=196501"}],"curies":[{"name":"wp","href":"https:\/\/api.w.org\/{rel}","templated":true}]}}