{"id":196505,"date":"2019-08-27T12:46:31","date_gmt":"2019-08-27T09:46:31","guid":{"rendered":"http:\/\/www.tvturk.com\/index.php\/zaferler-ayi-agustos\/"},"modified":"2019-08-27T12:46:31","modified_gmt":"2019-08-27T09:46:31","slug":"zaferler-ayi-agustos","status":"publish","type":"post","link":"http:\/\/www.tvturk.com\/index.php\/zaferler-ayi-agustos\/","title":{"rendered":"Zaferler ay\u0131 A\u011fustos"},"content":{"rendered":"<p>Cumhurba\u015fkan\u0131 Ba\u015fdan\u0131\u015fman\u0131 Yal\u00e7\u0131n Top\u00e7u, Yerli D\u00fc\u015f\u00fcnce Derne\u011fi taraf\u0131ndan d\u00fczenlenen &#8220;Zaferler Ay\u0131 A\u011fustos&#8221; isimli programa kat\u0131ld\u0131.<\/p>\n<p>Ankara\u2019da bir kafeteryada d\u00fczenlenen programa Cumhurba\u015fkan\u0131 Ba\u015fdan\u0131\u015fman\u0131 ve Yerli D\u00fc\u015f\u00fcnce Derne\u011fi Onursal Ba\u015fkan\u0131 Yal\u00e7\u0131n Top\u00e7u, AK Parti Ordu Milletvekili ve Yerli D\u00fc\u015f\u00fcnce Derne\u011fi Genel Ba\u015fkan\u0131 Metin G\u00fcndo\u011fdu, AK Parti Bing\u00f6l Milletvekili Feyzi Berdibek, Ke\u00e7i\u00f6ren Belediyesi Meclis \u00dcyesi ve eski Nizam\u0131 Alem Ocaklar\u0131 Genel Ba\u015fkan\u0131 Emir Ku\u015fdemir, sivil toplum \u00f6rg\u00fct\u00fc temsilcileri ve davetliler kat\u0131ld\u0131. Ahmet Hamdi Akseki Camii imamlar\u0131ndan Fatih Derdiyok\u2019un okudu\u011fu Kur\u2019an-\u0131 Kerim\u2019in ard\u0131ndan ba\u015flayan programda konu\u015fan Cumhurba\u015fkan\u0131 Ba\u015fdan\u0131\u015fman\u0131 Yal\u00e7\u0131n Top\u00e7u, s\u00f6zlerine 21 A\u011fustos 1992 y\u0131l\u0131nda vefat eden Niyazi Y\u0131ld\u0131r\u0131m Gen\u00e7osmano\u011flu\u2019nu anarak ba\u015flad\u0131. Cumhurba\u015fkan\u0131 Recep Tayyip Erdo\u011fan\u2019\u0131n da A\u011fustos ay\u0131n\u0131n \u00fczerinde durdu\u011funu ifade eden Top\u00e7u, &#8220;Cumhurba\u015fkan\u0131m\u0131z\u0131n da \u00f6nemle \u00fczerinde durdu\u011fu gibi A\u011fustos ay\u0131 T\u00fcrk tarihi i\u00e7in \u00e7ok \u00f6nemlidir. 26 A\u011fustos 1071\u2019de Malazgirt Sava\u015f\u0131\u2019nda Bizans ordusunu yenen Sultan Alparslan, Anadolu\u2019nun kap\u0131lar\u0131n\u0131 T\u00fcrklere a\u00e7m\u0131\u015ft\u0131r. 9 as\u0131r sonra Cumhuriyetimizin kurucusu, \u0130stiklal Harbimizin Ba\u015fkomutan\u0131 Gazi Mustafa Kemal Atat\u00fcrk, 26 A\u011fustos\u2019u 27\u2019sine ba\u011flayan gece Yunan ordusuna kar\u015f\u0131 ba\u015flatt\u0131\u011f\u0131 B\u00fcy\u00fck Taarruz\u2019la Dumlup\u0131nar Meydan Muharebesi\u2019nde d\u00fc\u015fman birliklerini imha etmi\u015f, Anadolu\u2019nun sonsuza dek T\u00fcrk yurdu olaca\u011f\u0131n\u0131 b\u00fct\u00fcn d\u00fcnyaya g\u00f6stermi\u015ftir. Bu zaferleri bize kazand\u0131ran atam\u0131z Sultan Alparslan\u2019\u0131, Gazi Mustafa Kemal Atat\u00fcrk\u2019\u00fc, kahraman \u015fehit ve gazilerimizi minnet, rahmet ve \u015f\u00fckranla an\u0131yoruz. Ruhlar\u0131 \u015fad, mek\u00e2nlar\u0131 cennet olsun&#8221; diye konu\u015ftu.<\/p>\n<p>Al\u0131nan zaferlerin T\u00fcrk-\u0130slam alemi i\u00e7in de\u011fil insanl\u0131k tarihi i\u00e7inde \u00f6nemli neticeleri oldu\u011funu dile getiren Top\u00e7u, &#8220;Bu zaferler sadece T\u00fcrk-\u0130slam \u00e2lemi i\u00e7in de\u011fil, mazlum insanl\u0131k tarihi i\u00e7inde \u00f6nemli neticeleri olan iki b\u00fcy\u00fck zaferdir. Her iki zaferimizde de T\u00fcrk ordusu gerek asker, gerekse harp malzemeleri bak\u0131m\u0131ndan kendisinden kat kat \u00fcst\u00fcn d\u00fc\u015fman kuvvetleri ile sava\u015fm\u0131\u015f, Allah\u2019\u0131n izniyle mutlak zafere ula\u015fm\u0131\u015ft\u0131r. B\u00fcy\u00fck taarruzun olaca\u011f\u0131 g\u00fcn Mustafa Kemal Pa\u015fa, ordumuz h\u00fccuma ge\u00e7meden \u00f6nce \u2019Yarabbi T\u00fcrk ordusunu muzaffer et. T\u00fcrkl\u00fc\u011f\u00fcn ve M\u00fcsl\u00fcmanl\u0131\u011f\u0131n d\u00fc\u015fman ayaklar\u0131 alt\u0131nda esaret zincirinde kalmas\u0131na m\u00fcsaade etme\u2019 diyerek gayesini ortaya koymu\u015f, Sultan Alparslan\u2019\u0131n ise sava\u015f ba\u015flamadan \u00f6nce yapt\u0131\u011f\u0131 konu\u015fmas\u0131nda \u2019Bug\u00fcn ben de sizlerden biriyim, sizlerle birlikte sava\u015fan bir gaziyim. Beni takip edenler ve nefislerini y\u00fcce Allah\u2019a adayarak \u015fehit olanlar cennete, sa\u011f kalanlar gazili\u011fe kavu\u015facakt\u0131r\u2019 diyerek gayesini ifade etmi\u015ftir&#8221; \u015feklinde konu\u015ftu.<\/p>\n<p>Malazgirt Meydan Muharebesi\u2019nde Bizans ve Yunan ordusu komutanlar\u0131n\u0131n esir d\u00fc\u015ft\u00fc\u011f\u00fcn\u00fc ve Atat\u00fcrk\u2019\u00fcn \u00f6n\u00fcne \u00e7\u0131kar\u0131ld\u0131\u011f\u0131n\u0131 aktaran Top\u00e7u, &#8220;Malazgirt Meydan Muharebesi\u2019nde Bizans ordusu Ba\u015fkomutan\u0131 Diyojen, esir olarak Sultan Alparslan\u2019\u0131n huzuruna, Ba\u015fkomutanl\u0131k Meydan Muharebesi\u2019nde de Yunan ordusu Ba\u015fkomutan\u0131 General Trikopis esir olarak Atat\u00fcrk\u2019\u00fcn huzuruna getirilmi\u015f ve her iki dahi komutan da esir olmu\u015f ancak Atat\u00fcrk d\u00fc\u015fman\u0131n\u0131 ho\u015f tutarak eziyet ettirmemi\u015f, \u00f6ld\u00fcrtmemi\u015ftir. Bu davran\u0131\u015flar\u0131 ile de \u0130slam\u2019\u0131n bayraktar\u0131 olan T\u00fcrklerin sava\u015fta dahi inan\u00e7lar\u0131n\u0131n gere\u011fini nas\u0131l ortaya koyduklar\u0131n\u0131 ve ne b\u00fcy\u00fck bir medeniyetin evlatlar\u0131 olduklar\u0131n\u0131 insanl\u0131k tarihine asla silinmeyecek \u015fekilde kaydettirmi\u015flerdir&#8221; ifadelerini kulland\u0131.<\/p>\n<p>Cumhurba\u015fkan\u0131 Erdo\u011fan\u2019\u0131n &#8220;\u0130n\u015fallah bu A\u011fustos\u2019ta da tarihimizin zaferler halkas\u0131na bir yenisini daha ekleyece\u011fiz&#8221; s\u00f6zlerini hat\u0131rlatan Top\u00e7u, &#8220;Millet olarak bizde diyoruz ki, yedi de\u011fil, yetmi\u015f yedi d\u00fcvel bir araya gelse, FET\u00d6, PKK\/PYD\/YPG, DEA\u015e\u2019lar\u0131 ve dolarlar\u0131n\u0131 da yanlar\u0131na alsalar, \u00c7anakkale, Sakarya ve Dumlup\u0131nar\u2019da dedelerimizin Atat\u00fcrk\u2019\u00fcn yan\u0131nda yapt\u0131\u011f\u0131n\u0131n ayn\u0131s\u0131n\u0131 yapar, 15 Temmuz\u2019da oldu\u011fu gibi \u2018\u00f6l\u00fcm\u00fcne-\u00f6l\u00fcm\u00fcne\u2019 diyen Cumhurba\u015fkan\u0131m\u0131z\u0131n yan\u0131nda yine saf tutar\u0131z&#8221; dedi.<\/p>\n<p>\u0130stiklal ve istikbal m\u00fccadelesinde milletin kararl\u0131 oldu\u011funu belirten Top\u00e7u, &#8220;\u0130\u00e7eriden ve d\u0131\u015far\u0131dan kimler hangi t\u00fcr fitnenin pe\u015finde olursa olsun istiklal ve istikbal m\u00fccadelesinde milletimiz kararl\u0131d\u0131r. \u00c7\u00fcnk\u00fc mesele parti meselesi de\u011fildir. Mesele siyaset meselesi de\u011fildir. Mesele tek millet, tek bayrak, tek vatan, tek devlettir. Bu aziz millet i\u00e7in gerisi teferruatt\u0131r&#8221; dedi.<\/p>\n","protected":false},"excerpt":{"rendered":"<p>CUMHURBA\u015eKANI BA\u015eDANI\u015eMANI YAL\u00c7IN TOP\u00c7U, YERL\u0130 D\u00dc\u015e\u00dcNCE DERNE\u011e\u0130 TARAFINDAN D\u00dcZENLENEN, &#8220;ZAFERLER AYI A\u011eUSTOS&#8221; \u0130S\u0130ML\u0130 PROGRAMA KATILDI.<\/p>\n","protected":false},"author":1,"featured_media":196506,"comment_status":"closed","ping_status":"open","sticky":false,"template":"","format":"standard","meta":{"jetpack_post_was_ever_published":false,"_jetpack_newsletter_access":"","_jetpack_dont_email_post_to_subs":false,"_jetpack_newsletter_tier_id":0,"_jetpack_memberships_contains_paywalled_content":false,"_jetpack_memberships_contains_paid_content":false,"footnotes":"","jetpack_publicize_message":"","jetpack_publicize_feature_enabled":true,"jetpack_social_post_already_shared":true,"jetpack_social_options":{"image_generator_settings":{"template":"highway","default_image_id":0,"font":"","enabled":false},"version":2}},"categories":[1],"tags":[17970,345,22898],"class_list":["post-196505","post","type-post","status-publish","format-standard","has-post-thumbnail","hentry","category-genel","tag-agustos","tag-ayi","tag-zaferler"],"jetpack_publicize_connections":[],"jetpack_featured_media_url":"https:\/\/i0.wp.com\/www.tvturk.com\/wp-content\/uploads\/2019\/08\/zaferler-ayi-agustos_6fe44e7.jpg?fit=1000%2C666","jetpack_sharing_enabled":true,"jetpack_shortlink":"https:\/\/wp.me\/paKIfm-P7r","_links":{"self":[{"href":"http:\/\/www.tvturk.com\/index.php\/wp-json\/wp\/v2\/posts\/196505","targetHints":{"allow":["GET"]}}],"collection":[{"href":"http:\/\/www.tvturk.com\/index.php\/wp-json\/wp\/v2\/posts"}],"about":[{"href":"http:\/\/www.tvturk.com\/index.php\/wp-json\/wp\/v2\/types\/post"}],"author":[{"embeddable":true,"href":"http:\/\/www.tvturk.com\/index.php\/wp-json\/wp\/v2\/users\/1"}],"replies":[{"embeddable":true,"href":"http:\/\/www.tvturk.com\/index.php\/wp-json\/wp\/v2\/comments?post=196505"}],"version-history":[{"count":0,"href":"http:\/\/www.tvturk.com\/index.php\/wp-json\/wp\/v2\/posts\/196505\/revisions"}],"wp:featuredmedia":[{"embeddable":true,"href":"http:\/\/www.tvturk.com\/index.php\/wp-json\/wp\/v2\/media\/196506"}],"wp:attachment":[{"href":"http:\/\/www.tvturk.com\/index.php\/wp-json\/wp\/v2\/media?parent=196505"}],"wp:term":[{"taxonomy":"category","embeddable":true,"href":"http:\/\/www.tvturk.com\/index.php\/wp-json\/wp\/v2\/categories?post=196505"},{"taxonomy":"post_tag","embeddable":true,"href":"http:\/\/www.tvturk.com\/index.php\/wp-json\/wp\/v2\/tags?post=196505"}],"curies":[{"name":"wp","href":"https:\/\/api.w.org\/{rel}","templated":true}]}}