{"id":196509,"date":"2019-08-27T12:46:41","date_gmt":"2019-08-27T09:46:41","guid":{"rendered":"http:\/\/www.tvturk.com\/index.php\/istanbul-bu-yil-izmir-fuarinin-onur-konugu-oldu\/"},"modified":"2019-08-27T12:46:41","modified_gmt":"2019-08-27T09:46:41","slug":"istanbul-bu-yil-izmir-fuarinin-onur-konugu-oldu","status":"publish","type":"post","link":"http:\/\/www.tvturk.com\/index.php\/istanbul-bu-yil-izmir-fuarinin-onur-konugu-oldu\/","title":{"rendered":"\u0130stanbul bu y\u0131l \u0130zmir Fuar\u0131\u2019n\u0131n onur konu\u011fu oldu"},"content":{"rendered":"<p>88. \u0130zmir Enternasyonal Fuar\u0131\u2019n\u0131n (\u0130EF) bu seneki onur konu\u011fu il \u0130stanbul ve Kahramanmara\u015f oldu. \u0130stanbul, \u00c7in Halk Cumhuriyeti\u2019nin partner \u00fclke, Hindistan Cumhuriyeti\u2019nin odak \u00fclke oldu\u011fu fuara Kahramanmara\u015f\u2019la birlikte onur konu\u011fu il olarak kat\u0131lacak. B\u00fcy\u00fck a\u00e7\u0131l\u0131\u015fa \u0130stanbul B\u00fcy\u00fck\u015fehir Belediye Ba\u015fkan\u0131 Ekrem \u0130mamo\u011flu da kat\u0131lacak.<\/p>\n<p>\u0130zmir\u2019in 88 y\u0131ll\u0131k de\u011feri, T\u00fcrkiye\u2019nin en k\u00f6kl\u00fc fuar\u0131 \u0130zmir Enternasyonal Fuar\u0131 (\u0130EF), 6-15 Eyl\u00fcl tarihleri aras\u0131nda binlerce ki\u015fiyi a\u011f\u0131rlamaya haz\u0131rlan\u0131yor. \u0130zmir B\u00fcy\u00fck\u015fehir Belediyesinin ev sahipli\u011finde \u0130ZFA\u015e taraf\u0131ndan d\u00fczenlenen 88. \u0130zmir Enternasyonal Fuar\u0131, bu y\u0131l tarihinde ilk kez \u0130stanbul\u2019u onur konu\u011fu il olarak a\u011f\u0131rlayacak. \u0130stanbul\u2019la birlikte \u00c7in Halk Cumhuriyeti (partner \u00fclke), Hindistan Cumhuriyeti (odak \u00fclke) ve Kahramanmara\u015f\u2019\u0131n (onur konu\u011fu il) \u00fcst d\u00fczeyde temsil edilece\u011fi fuar, \u00fclkeler ve kentler aras\u0131ndaki k\u00fclt\u00fcrel ve ticari ili\u015fkilerin geli\u015fmesine katk\u0131da bulunacak.<\/p>\n<p>&#8220;\u0130zmir \u0130\u015f G\u00fcnleri&#8221; ile yurt d\u0131\u015f\u0131ndan gelecek heyetler, yeni i\u015f ba\u011flant\u0131lar\u0131n\u0131 \u0130zmir Enternasyonal Fuar\u0131 b\u00fcnyesinde kurma imkan\u0131 yakalayacak. \u0130zmir konser, tiyatro, s\u00f6yle\u015fi, sinema gibi etkinliklerle 10 g\u00fcn boyunca k\u00fclt\u00fcr, sanat ve e\u011flencenin merkezi olacak. \u00c7in Halk Cumhuriyeti, kendine \u00f6zg\u00fc k\u00fclt\u00fcrel de\u011ferlerini K\u00fclt\u00fcrpark 2 numaral\u0131 holde yer alacak stand\u0131nda sergileyecek. Hindistan ise Hol 1\/A\u2019da yer alacak. \u201cDo\u011fa Dostu \u015eehir ve Duyarl\u0131l\u0131k\u201d ana temas\u0131yla EXPO 2023\u2019e haz\u0131rlanan Kahramanmara\u015f da \u00e7e\u015fitli etkinliklerle \u0130EF\u2019ye renk katacak.<\/p>\n<p>\u0130EF tarihinde onur konu\u011fu olarak ilk kez a\u011f\u0131rlanacak \u0130stanbul i\u00e7in kurulacak stantlarda kentin g\u00fczellikleri, k\u00fclt\u00fcr\u00fc ve ekonomik faaliyetleri \u0130zmir Enternasyonel Fuar\u0131\u2019na gelen binlerle bulu\u015fturulacak. \u0130stanbul\u2019un B\u00fcy\u00fck\u015fehir Belediye Ba\u015fkan\u0131 Ekrem \u0130mamo\u011flu da, \u0130zmir B\u00fcy\u00fck\u015fehir Belediye Ba\u015fkan\u0131 Tun\u00e7 Soyer ile birlikte 6 Eyl\u00fcl Cuma g\u00fcn\u00fc K\u00fclt\u00fcrpark Atat\u00fcrk A\u00e7\u0131khava Tiyatrosu\u2019nda ger\u00e7ekle\u015fecek b\u00fcy\u00fck a\u00e7\u0131l\u0131\u015fa kat\u0131lacak.<\/p>\n","protected":false},"excerpt":{"rendered":"<p>\u0130ZM\u0130R\u2019\u0130N 88 YILLIK DE\u011eER\u0130, T\u00dcRK\u0130YE\u2019N\u0130N EN K\u00d6KL\u00dc FUARI \u0130ZM\u0130R ENTERNASYONAL FUARI (\u0130EF), 6-15 EYL\u00dcL 2019 TAR\u0130HLER\u0130 ARASINDA B\u0130NLERCE K\u0130\u015e\u0130Y\u0130 A\u011eIRLAMAYA HAZIRLANIYOR.<\/p>\n","protected":false},"author":1,"featured_media":196510,"comment_status":"closed","ping_status":"open","sticky":false,"template":"","format":"standard","meta":{"jetpack_post_was_ever_published":false,"_jetpack_newsletter_access":"","_jetpack_dont_email_post_to_subs":false,"_jetpack_newsletter_tier_id":0,"_jetpack_memberships_contains_paywalled_content":false,"_jetpack_memberships_contains_paid_content":false,"footnotes":"","jetpack_publicize_message":"","jetpack_publicize_feature_enabled":true,"jetpack_social_post_already_shared":true,"jetpack_social_options":{"image_generator_settings":{"template":"highway","default_image_id":0,"font":"","enabled":false},"version":2}},"categories":[1],"tags":[31229,730,2702,7542,77,9079,231],"class_list":["post-196509","post","type-post","status-publish","format-standard","has-post-thumbnail","hentry","category-genel","tag-fuarinin","tag-istanbul","tag-izmir","tag-konugu","tag-oldu","tag-onur","tag-yil"],"jetpack_publicize_connections":[],"jetpack_featured_media_url":"https:\/\/i0.wp.com\/www.tvturk.com\/wp-content\/uploads\/2019\/08\/istanbul-bu-yil-izmir-fuarinin-onur-konugu-oldu_55a5d42.jpg?fit=1000%2C666","jetpack_sharing_enabled":true,"jetpack_shortlink":"https:\/\/wp.me\/paKIfm-P7v","_links":{"self":[{"href":"http:\/\/www.tvturk.com\/index.php\/wp-json\/wp\/v2\/posts\/196509","targetHints":{"allow":["GET"]}}],"collection":[{"href":"http:\/\/www.tvturk.com\/index.php\/wp-json\/wp\/v2\/posts"}],"about":[{"href":"http:\/\/www.tvturk.com\/index.php\/wp-json\/wp\/v2\/types\/post"}],"author":[{"embeddable":true,"href":"http:\/\/www.tvturk.com\/index.php\/wp-json\/wp\/v2\/users\/1"}],"replies":[{"embeddable":true,"href":"http:\/\/www.tvturk.com\/index.php\/wp-json\/wp\/v2\/comments?post=196509"}],"version-history":[{"count":0,"href":"http:\/\/www.tvturk.com\/index.php\/wp-json\/wp\/v2\/posts\/196509\/revisions"}],"wp:featuredmedia":[{"embeddable":true,"href":"http:\/\/www.tvturk.com\/index.php\/wp-json\/wp\/v2\/media\/196510"}],"wp:attachment":[{"href":"http:\/\/www.tvturk.com\/index.php\/wp-json\/wp\/v2\/media?parent=196509"}],"wp:term":[{"taxonomy":"category","embeddable":true,"href":"http:\/\/www.tvturk.com\/index.php\/wp-json\/wp\/v2\/categories?post=196509"},{"taxonomy":"post_tag","embeddable":true,"href":"http:\/\/www.tvturk.com\/index.php\/wp-json\/wp\/v2\/tags?post=196509"}],"curies":[{"name":"wp","href":"https:\/\/api.w.org\/{rel}","templated":true}]}}