{"id":196523,"date":"2019-08-27T13:01:29","date_gmt":"2019-08-27T10:01:29","guid":{"rendered":"http:\/\/www.tvturk.com\/index.php\/carrie-lam-hong-kongda-siddet-ciddilesiyor-ama-hukumet-kontrol-sahibi\/"},"modified":"2019-08-27T13:01:29","modified_gmt":"2019-08-27T10:01:29","slug":"carrie-lam-hong-kongda-siddet-ciddilesiyor-ama-hukumet-kontrol-sahibi","status":"publish","type":"post","link":"http:\/\/www.tvturk.com\/index.php\/carrie-lam-hong-kongda-siddet-ciddilesiyor-ama-hukumet-kontrol-sahibi\/","title":{"rendered":"Carrie Lam: \u201cHong Kong\u2019da \u015fiddet ciddile\u015fiyor ama h\u00fck\u00fcmet kontrol sahibi\u201d"},"content":{"rendered":"<p>Hong Kong\u2019da h\u00fck\u00fcmet kar\u015f\u0131t\u0131 protestolar \u015fiddetlenerek devam ederken Hong Kong Lideri Carrie Lam, h\u00fck\u00fcmetin kontrol\u00fc kaybetmedi\u011fini s\u00f6yledi. \u00c7in Savunma Bakanl\u0131\u011f\u0131 ise Hong Kong\u2019da ter\u00f6rist eylemlere m\u00fcsamaha g\u00f6sterilmeyece\u011fini a\u00e7\u0131klad\u0131.<\/p>\n<p>Hong Kong\u2019da aylard\u0131r devam eden h\u00fck\u00fcmet kar\u015f\u0131t\u0131 protestolar son haftalarda \u015fiddetlenirken, bu sabah d\u00fczenledi\u011fi haftal\u0131k bas\u0131n toplant\u0131s\u0131nda son olaylar\u0131 de\u011ferlendiren Hong Kong lideri Carrie Lam, olaylar\u0131n gittik\u00e7e ciddile\u015fti\u011fini fark\u0131nda olduklar\u0131n\u0131 ama h\u00fck\u00fcmetin krizle ilgilenme konusunda kontrol sahibi oldu\u011funu s\u00f6yledi.<\/p>\n<p>\u201cHong Kong\u2019da devam eden kaotik duruma bir son vermek istiyoruz\u201d<\/p>\n<p>Hong Kong\u2019un Pekin destekli lideri Lam, protestocular\u0131n temel taleplerinden biri olan \u201ckrizle ilgili ba\u011f\u0131ms\u0131z bir soru\u015fturma a\u00e7\u0131lmas\u0131n\u0131n\u201d zaman\u0131 hen\u00fcz gelmese de diyalog i\u00e7in bir platform olu\u015fturmaktan vazge\u00e7meyece\u011fini belirtti.<\/p>\n<p>Lam, h\u00fck\u00fcmetinin kontrol\u00fcn\u00fc kaybetti\u011fine inanmad\u0131\u011f\u0131n\u0131 belirterek, \u201cFarkl\u0131 insanlarla ileti\u015fim kurarak toplumsal uzla\u015fmaya haz\u0131rlanmal\u0131y\u0131z. Hong Kong\u2019da devam eden kaotik duruma bir son vermek istiyoruz\u201d dedi.<\/p>\n<p>Pekin\u2019den G7 liderlerine uyar\u0131<\/p>\n<p>Ekim ay\u0131n\u0131n ilk g\u00fcn\u00fcnde d\u00fczenlenecek olan \u00c7in Halk Cumhuriyeti\u2019nin kurulu\u015funun 70\u2019inci y\u0131l d\u00f6n\u00fcm\u00fc kutlamalar\u0131 \u00f6ncesinde Hong Kong\u2019dan kaynakl\u0131 huzursuzlu\u011fu gidermek isteyen Pekin yetkililerine do\u011frudan bir meydan okuma olarak \u00f6n\u00fcm\u00fczdeki g\u00fcnlerde daha fazla g\u00f6steri yap\u0131lmas\u0131 planlan\u0131yor.<\/p>\n<p>Pekin, G7 Zirvesi s\u0131ras\u0131nda kat\u0131l\u0131mc\u0131 \u00fclkelerin liderlerinin Hong Kong\u2019da \u015fiddetten ka\u00e7\u0131n\u0131lmas\u0131 \u00e7a\u011fr\u0131lar\u0131 \u00fczerine protestolara m\u00fcdahale eden yabanc\u0131 h\u00fck\u00fcmetleri tekrar uyard\u0131. \u00c7in D\u0131\u015fi\u015fleri Bakanl\u0131\u011f\u0131 S\u00f6zc\u00fcs\u00fc Geng Shuang, G7 liderlerinin Hong Kong meseleleriyle ilgili \u201cd\u00fc\u015f\u00fcncesizce a\u00e7\u0131klamalar\u0131 ve hareketleri\u201d nedeniyle Pekin\u2019in memnuniyetsizli\u011fini ve kar\u015f\u0131 \u00e7\u0131kt\u0131\u011f\u0131n\u0131 belirtti.<\/p>\n<p>\u00c7in Kamu G\u00fcvenli\u011fi Bakan\u0131 Zhao Kezhi, bug\u00fcn Hong Kong s\u0131n\u0131r\u0131ndaki Guangdong B\u00f6lgesi\u2019nin ziyaret etti\u011fi s\u0131rada \u00c7in\u2019in siyasi g\u00fcvenli\u011fini sa\u011flamak i\u00e7in ter\u00f6rist eylemlere m\u00fcsamaha g\u00f6stermeyece\u011fini s\u00f6yledi. Bakanl\u0131k taraf\u0131ndan yay\u0131nlanan a\u00e7\u0131klamada Zhao, \u00c7in\u2019in \u00fclkenin g\u00fcvenli\u011fini ve istikrar\u0131n\u0131 sa\u011flamak i\u00e7in t\u00fcm y\u0131k\u0131c\u0131 ter\u00f6r eylemlerine sert bir \u015fekilde m\u00fcdahale edece\u011fini belirtti.<\/p>\n<p>Hong Kong\u2019da d\u00fcn 86 ki\u015fi tutukland\u0131<\/p>\n<p>Hong Kong\u2019da aylard\u0131r devam eden h\u00fck\u00fcmet kar\u015f\u0131t\u0131 protestolar son haftalarda \u015fiddetlenerek g\u00f6stericiler ve g\u00fcvenlik g\u00fc\u00e7leri aras\u0131nda \u015fiddetli \u00e7at\u0131\u015fmalar\u0131n ya\u015fanmas\u0131na sebep olmu\u015ftu. Eylemcilerin hafta sonu molotof kokteyli ve kald\u0131r\u0131m ta\u015flar\u0131 ile sald\u0131rmas\u0131n\u0131n ard\u0131ndan Hong Kong polisi, y\u0131llar sonra ilk defa m\u00fcdahalelerde tazyikli su kullanm\u0131\u015f ve baz\u0131 polis memurlar\u0131 ger\u00e7ek mermi ile havaya uyar\u0131 at\u0131\u015f\u0131 yapm\u0131\u015ft\u0131. Pazar g\u00fcn\u00fc ba\u015flay\u0131p d\u00fcn de devam eden olaylar s\u0131ras\u0131nda polis, i\u00e7lerinde 12 ya\u015f\u0131nda bir \u00e7ocu\u011fun da bulundu\u011fu 86 ki\u015fiyi tutuklad\u0131\u011f\u0131n\u0131 a\u00e7\u0131klam\u0131\u015ft\u0131.<\/p>\n","protected":false},"excerpt":{"rendered":"<p>CARR\u0130E LAM: \u201cHONG KONG\u2019DA \u015e\u0130DDET C\u0130DD\u0130LE\u015e\u0130YOR AMA H\u00dcK\u00dcMET KONTROL SAH\u0130B\u0130\u201d DED\u0130. -AR\u015e\u0130V-<\/p>\n","protected":false},"author":1,"featured_media":196524,"comment_status":"closed","ping_status":"open","sticky":false,"template":"","format":"standard","meta":{"jetpack_post_was_ever_published":false,"_jetpack_newsletter_access":"","_jetpack_dont_email_post_to_subs":false,"_jetpack_newsletter_tier_id":0,"_jetpack_memberships_contains_paywalled_content":false,"_jetpack_memberships_contains_paid_content":false,"footnotes":"","jetpack_publicize_message":"","jetpack_publicize_feature_enabled":true,"jetpack_social_post_already_shared":true,"jetpack_social_options":{"image_generator_settings":{"template":"highway","default_image_id":0,"font":"","enabled":false},"version":2}},"categories":[10],"tags":[2296,5120,49363,49364,13822,3563,25751,868,43179,5966],"class_list":["post-196523","post","type-post","status-publish","format-standard","has-post-thumbnail","hentry","category-dunya","tag-siddet","tag-ama","tag-carrie","tag-ciddilesiyor","tag-hong","tag-hukumet","tag-kongda","tag-kontrol","tag-lam","tag-sahibi"],"jetpack_publicize_connections":[],"jetpack_featured_media_url":"https:\/\/i0.wp.com\/www.tvturk.com\/wp-content\/uploads\/2019\/08\/carrie-lam-hong-kongda-siddet-ciddilesiyor-ama-hukumet-kontrol-sahibi_a7b5dc7.jpg?fit=1000%2C666","jetpack_sharing_enabled":true,"jetpack_shortlink":"https:\/\/wp.me\/paKIfm-P7J","_links":{"self":[{"href":"http:\/\/www.tvturk.com\/index.php\/wp-json\/wp\/v2\/posts\/196523","targetHints":{"allow":["GET"]}}],"collection":[{"href":"http:\/\/www.tvturk.com\/index.php\/wp-json\/wp\/v2\/posts"}],"about":[{"href":"http:\/\/www.tvturk.com\/index.php\/wp-json\/wp\/v2\/types\/post"}],"author":[{"embeddable":true,"href":"http:\/\/www.tvturk.com\/index.php\/wp-json\/wp\/v2\/users\/1"}],"replies":[{"embeddable":true,"href":"http:\/\/www.tvturk.com\/index.php\/wp-json\/wp\/v2\/comments?post=196523"}],"version-history":[{"count":0,"href":"http:\/\/www.tvturk.com\/index.php\/wp-json\/wp\/v2\/posts\/196523\/revisions"}],"wp:featuredmedia":[{"embeddable":true,"href":"http:\/\/www.tvturk.com\/index.php\/wp-json\/wp\/v2\/media\/196524"}],"wp:attachment":[{"href":"http:\/\/www.tvturk.com\/index.php\/wp-json\/wp\/v2\/media?parent=196523"}],"wp:term":[{"taxonomy":"category","embeddable":true,"href":"http:\/\/www.tvturk.com\/index.php\/wp-json\/wp\/v2\/categories?post=196523"},{"taxonomy":"post_tag","embeddable":true,"href":"http:\/\/www.tvturk.com\/index.php\/wp-json\/wp\/v2\/tags?post=196523"}],"curies":[{"name":"wp","href":"https:\/\/api.w.org\/{rel}","templated":true}]}}