{"id":196531,"date":"2019-08-27T13:02:45","date_gmt":"2019-08-27T10:02:45","guid":{"rendered":"http:\/\/www.tvturk.com\/index.php\/egeli-akademisyenlerin-12-projesi-kabul-gordu\/"},"modified":"2019-08-27T13:02:45","modified_gmt":"2019-08-27T10:02:45","slug":"egeli-akademisyenlerin-12-projesi-kabul-gordu","status":"publish","type":"post","link":"http:\/\/www.tvturk.com\/index.php\/egeli-akademisyenlerin-12-projesi-kabul-gordu\/","title":{"rendered":"Egeli akademisyenlerin 12 projesi kabul g\u00f6rd\u00fc"},"content":{"rendered":"<p>Ege \u00dcniversitesi akademisyenlerinin 12 projesi, T\u00fcrkiye Bilimsel ve Teknolojik Ara\u015ft\u0131rma Kurumu (T\u00dcB\u0130TAK) taraf\u0131ndan kabul edildi.<\/p>\n<p>T\u00dcB\u0130TAK,  &#8220;1001-Bilimsel ve Teknolojik Ara\u015ft\u0131rma Projelerini Destekleme Program\u0131&#8221; kapsam\u0131nda 2019 y\u0131l\u0131 1\u2019inci d\u00f6neminde \u00f6nerilen ara\u015ft\u0131rma projelerinden bilimsel olarak desteklenmesine karar verilen projeleri a\u00e7\u0131klad\u0131. Ege \u00dcniversitesi (E\u00dc), kabul edilen 12 proje ile ODT\u00dc, \u0130T\u00dc ve Hacettepe \u00dcniversitesinin ard\u0131ndan en \u00e7ok projesi kabul g\u00f6ren d\u00f6rd\u00fcnc\u00fc \u00fcniversite oldu. Ege \u00dcniversitesinin 12 proje ile en \u00e7ok kabul g\u00f6ren d\u00f6rd\u00fcnc\u00fc \u00fcniversite oldu\u011funu s\u00f6yleyen Rekt\u00f6r Prof. Dr. Necdet Budak, \u201c\u00dcniversitemizi sa\u011fl\u0131kl\u0131 ve iyi i\u015fleyen bir AR-GE ve inovasyon alt yap\u0131s\u0131na kavu\u015fturarak, nitelikli projeler \u00fcretilecek ortam\u0131 sa\u011flad\u0131k. Hayata ge\u00e7irdi\u011fimiz \u00f6nemli uygulamalar ile olu\u015fturdu\u011fumuz bilim iklimi neticesinde akademisyenlerimiz taraf\u0131ndan \u00fcretilen ara\u015ft\u0131rma projeleri, ulusal ve uluslararas\u0131 kurulu\u015flar taraf\u0131ndan destek g\u00f6rmeye ba\u015flad\u0131. Bundan sonraki s\u00fcre\u00e7te bu proje \u00e7\u0131kt\u0131lar\u0131n\u0131n katma de\u011fere d\u00f6n\u00fc\u015ft\u00fcr\u00fclerek \u00fclkemizin geli\u015fmesine, kalk\u0131nmas\u0131na hizmet etmesini ama\u00e7l\u0131yoruz. T\u00dcB\u0130TAK 1001-Bilimsel ve Teknolojik Ara\u015ft\u0131rma Projelerini Destekleme Program\u0131 kapsam\u0131nda projeleri kabul g\u00f6ren akademisyenlerimizi tebrik ediyorum. Ba\u015far\u0131lar\u0131n\u0131n devam\u0131n\u0131 diliyorum\u201d diye konu\u015ftu.<\/p>\n<p>Yap\u0131lan de\u011ferlendirme sonucunda Ege \u00dcniversitesi akademisyenlerinden Prof. Dr. G\u00fcldemet Ba\u015fal Bayraktar, Prof. Dr. Kadri Yakut, Prof. Dr. Kambiz Ramyar, Prof. Dr. Melike Af\u015far, Prof. Dr. \u015eenay \u015eanl\u0131er, Prof. Dr. \u015eebnem Tavman,  Prof. Dr. \u00d6zlem Ye\u015fil \u00c7elikta\u015f, Do\u00e7. Dr. Buket Kosova, Do\u00e7. Dr. \u00d6zlem \u00c7akal Arslan, Dr. \u00d6\u011fretim \u00dcyesi Neslihan \u00c7olak G\u00fcne\u015f,  Dr. \u00d6\u011fretim \u00dcyesi Aysu Yurdasiper Erdem ve Ar\u015f. G\u00f6r. Murat Kurt\u2019un projeleri kabul g\u00f6rd\u00fc.<\/p>\n<p>Bin 861 proje bilimsel de\u011ferlendirmeye al\u0131nd\u0131<\/p>\n<p>2019 y\u0131l\u0131 1. d\u00f6neminde \u201c1001\u201d program\u0131 kapsam\u0131nda sunulan 2 bin 226 proje \u00f6nerisinden bin 861\u2019i bilimsel de\u011ferlendirmeye al\u0131nd\u0131 ve 6\u2019l\u0131 puanlama sistemi kullan\u0131larak yap\u0131lan de\u011ferlendirme sonucunda 271 proje \u00f6nerisinin desteklenmesine, 127 proje \u00f6nerisi ile de bir sonraki d\u00f6nemi beklemeden 16 Eyl\u00fcl tarihine kadar ba\u015fvuru yap\u0131labilmesine karar verildi. S\u00f6z konusu projelerin de\u011ferlendirilmesi a\u015famas\u0131nda 477 panel d\u00fczenlenirken, bu panellere 160 farkl\u0131 \u00fcniversitede g\u00f6rev yapan 2 bin 512 panelist, 330 g\u00f6zlemci panelist kat\u0131l\u0131m sa\u011flad\u0131.<\/p>\n","protected":false},"excerpt":{"rendered":"<p>EGE \u00dcN\u0130VERS\u0130TES\u0130 (E\u00dc), KABUL ED\u0130LEN 12 PROJE \u0130LE; ODT\u00dc, \u0130T\u00dc VE HACETTEPE \u00dcN\u0130VERS\u0130TES\u0130N\u0130N ARDINDAN EN \u00c7OK PROJES\u0130 KABUL G\u00d6REN D\u00d6RD\u00dcNC\u00dc \u00dcN\u0130VERS\u0130TE OLDU.<\/p>\n","protected":false},"author":1,"featured_media":196532,"comment_status":"closed","ping_status":"open","sticky":false,"template":"","format":"standard","meta":{"jetpack_post_was_ever_published":false,"_jetpack_newsletter_access":"","_jetpack_dont_email_post_to_subs":false,"_jetpack_newsletter_tier_id":0,"_jetpack_memberships_contains_paywalled_content":false,"_jetpack_memberships_contains_paid_content":false,"footnotes":"","jetpack_publicize_message":"","jetpack_publicize_feature_enabled":true,"jetpack_social_post_already_shared":true,"jetpack_social_options":{"image_generator_settings":{"template":"highway","default_image_id":0,"font":"","enabled":false},"version":2}},"categories":[1],"tags":[45228,29097,244,654,1324],"class_list":["post-196531","post","type-post","status-publish","format-standard","has-post-thumbnail","hentry","category-genel","tag-akademisyenlerin","tag-egeli","tag-gordu","tag-kabul","tag-projesi"],"jetpack_publicize_connections":[],"jetpack_featured_media_url":"https:\/\/i0.wp.com\/www.tvturk.com\/wp-content\/uploads\/2019\/08\/egeli-akademisyenlerin-12-projesi-kabul-gordu_81a36bc.jpg?fit=1000%2C666","jetpack_sharing_enabled":true,"jetpack_shortlink":"https:\/\/wp.me\/paKIfm-P7R","_links":{"self":[{"href":"http:\/\/www.tvturk.com\/index.php\/wp-json\/wp\/v2\/posts\/196531","targetHints":{"allow":["GET"]}}],"collection":[{"href":"http:\/\/www.tvturk.com\/index.php\/wp-json\/wp\/v2\/posts"}],"about":[{"href":"http:\/\/www.tvturk.com\/index.php\/wp-json\/wp\/v2\/types\/post"}],"author":[{"embeddable":true,"href":"http:\/\/www.tvturk.com\/index.php\/wp-json\/wp\/v2\/users\/1"}],"replies":[{"embeddable":true,"href":"http:\/\/www.tvturk.com\/index.php\/wp-json\/wp\/v2\/comments?post=196531"}],"version-history":[{"count":0,"href":"http:\/\/www.tvturk.com\/index.php\/wp-json\/wp\/v2\/posts\/196531\/revisions"}],"wp:featuredmedia":[{"embeddable":true,"href":"http:\/\/www.tvturk.com\/index.php\/wp-json\/wp\/v2\/media\/196532"}],"wp:attachment":[{"href":"http:\/\/www.tvturk.com\/index.php\/wp-json\/wp\/v2\/media?parent=196531"}],"wp:term":[{"taxonomy":"category","embeddable":true,"href":"http:\/\/www.tvturk.com\/index.php\/wp-json\/wp\/v2\/categories?post=196531"},{"taxonomy":"post_tag","embeddable":true,"href":"http:\/\/www.tvturk.com\/index.php\/wp-json\/wp\/v2\/tags?post=196531"}],"curies":[{"name":"wp","href":"https:\/\/api.w.org\/{rel}","templated":true}]}}