{"id":196537,"date":"2019-08-27T13:16:36","date_gmt":"2019-08-27T10:16:36","guid":{"rendered":"http:\/\/www.tvturk.com\/index.php\/edirnede-kadinlar-tek-yurek-oldu-kadina-siddete-hayir\/"},"modified":"2019-08-27T13:16:36","modified_gmt":"2019-08-27T10:16:36","slug":"edirnede-kadinlar-tek-yurek-oldu-kadina-siddete-hayir","status":"publish","type":"post","link":"http:\/\/www.tvturk.com\/index.php\/edirnede-kadinlar-tek-yurek-oldu-kadina-siddete-hayir\/","title":{"rendered":"Edirne\u2019de kad\u0131nlar tek y\u00fcrek oldu: &#8220;Kad\u0131na \u015fiddete hay\u0131r&#8221;"},"content":{"rendered":"<p>Edirne\u2019de, kad\u0131nlar tek y\u00fcrek olarak K\u0131r\u0131kkale\u2019de ya\u015fanan Emine Bulut cinayetini ve kad\u0131na y\u00f6nelik \u015fiddeti protesto etti.<\/p>\n<p>Edirne Kad\u0131n Dayan\u0131\u015fmas\u0131 platformu ad\u0131na bas\u0131n a\u00e7\u0131klamas\u0131n\u0131 okuyan Edirne Belediye Meclis \u00fcyesi Nuray Geldi, &#8220;\u2018\u00d6lmek istemiyorum\u2019, \u2018anne l\u00fctfen \u00f6lme\u2019 sesleri art\u0131k duyulsun. T\u00fcrkiye\u2019nin g\u00fcndeminde yine kad\u0131n cinayetleri var. Y\u0131llard\u0131r kad\u0131nlar evli olduklar\u0131 veya bo\u015fand\u0131klar\u0131 e\u015fleri taraf\u0131ndan canice katlediliyorlar. Bu konuda devlet yeterli \u00f6nlemleri almad\u0131\u011f\u0131 gibi, hakimler de tak\u0131m elbise giyen veya pi\u015fmanl\u0131k dile getiren katiller hakk\u0131nda \u00e7o\u011fu kez iyi hal indirimi uyguluyor. Kad\u0131na y\u00f6nelik \u015fiddet, bir insan haklar\u0131 ihlalidir&#8221; dedi.<\/p>\n<p>\u201cKararl\u0131 bir devlet politikas\u0131 uygulanmas\u0131 gerekir\u201d<\/p>\n<p>Geldi, \u201cT\u00fcrkiye 2011 y\u0131l\u0131nda \u0130stanbul\u2019da imzalad\u0131\u011f\u0131 2014 A\u011fustos ay\u0131nda y\u00fcr\u00fcrl\u00fc\u011fe giren \u2018Kad\u0131na kar\u015f\u0131 \u015fiddet ve aile i\u00e7i \u015fiddetin \u00f6nlenmesi ve bunlarla m\u00fccadeleye dair Avrupa Konseyi S\u00f6zle\u015fmesi-\u0130stanbul S\u00f6zle\u015fmesi\u2019 gere\u011fi kad\u0131na y\u00f6nelik \u015fiddet ve aile i\u00e7i \u015fiddeti \u00f6nlemek \u00fczere t\u00fcm \u00f6nlemleri almay\u0131 taahh\u00fct etmi\u015ftir. Bu y\u00fck\u00fcml\u00fcl\u00fc\u011f\u00fcn yerine getirilmesi i\u00e7in kararl\u0131 bir devlet politikas\u0131 uygulanmas\u0131 gerekir\u201d diye konu\u015ftu.<\/p>\n<p>Kad\u0131na \u015fiddete y\u00f6nelik protesto eylemine, Edirne Belediye Ba\u015fkanl\u0131\u011f\u0131 \u00e7al\u0131\u015fanlar\u0131, siyasi partilerin kad\u0131n kollar\u0131 \u00fcyeleri, sivil toplum kurulu\u015flar\u0131 temsilcileri ve Edirne\u2019de ya\u015fayan kad\u0131nlar kat\u0131ld\u0131.<\/p>\n","protected":false},"excerpt":{"rendered":"<p>ED\u0130RNE\u2019DE KADINLAR EM\u0130NE BULUT C\u0130NAYET\u0130N\u0130 VE KADINA Y\u00d6NEL\u0130K \u015e\u0130DDET\u0130 PROTESTO ETT\u0130.<\/p>\n","protected":false},"author":1,"featured_media":196538,"comment_status":"closed","ping_status":"open","sticky":false,"template":"","format":"standard","meta":{"jetpack_post_was_ever_published":false,"_jetpack_newsletter_access":"","_jetpack_dont_email_post_to_subs":false,"_jetpack_newsletter_tier_id":0,"_jetpack_memberships_contains_paywalled_content":false,"_jetpack_memberships_contains_paid_content":false,"footnotes":"","jetpack_publicize_message":"","jetpack_publicize_feature_enabled":true,"jetpack_social_post_already_shared":true,"jetpack_social_options":{"image_generator_settings":{"template":"highway","default_image_id":0,"font":"","enabled":false},"version":2}},"categories":[1],"tags":[12130,2608,3713,3104,77,3714,366,367],"class_list":["post-196537","post","type-post","status-publish","format-standard","has-post-thumbnail","hentry","category-genel","tag-hayir","tag-edirnede","tag-kadina","tag-kadinlar","tag-oldu","tag-siddete","tag-tek","tag-yurek"],"jetpack_publicize_connections":[],"jetpack_featured_media_url":"https:\/\/i0.wp.com\/www.tvturk.com\/wp-content\/uploads\/2019\/08\/edirnede-kadinlar-tek-yurek-oldu-kadina-siddete-hayir_3670e18.jpg?fit=1000%2C666","jetpack_sharing_enabled":true,"jetpack_shortlink":"https:\/\/wp.me\/paKIfm-P7X","_links":{"self":[{"href":"http:\/\/www.tvturk.com\/index.php\/wp-json\/wp\/v2\/posts\/196537","targetHints":{"allow":["GET"]}}],"collection":[{"href":"http:\/\/www.tvturk.com\/index.php\/wp-json\/wp\/v2\/posts"}],"about":[{"href":"http:\/\/www.tvturk.com\/index.php\/wp-json\/wp\/v2\/types\/post"}],"author":[{"embeddable":true,"href":"http:\/\/www.tvturk.com\/index.php\/wp-json\/wp\/v2\/users\/1"}],"replies":[{"embeddable":true,"href":"http:\/\/www.tvturk.com\/index.php\/wp-json\/wp\/v2\/comments?post=196537"}],"version-history":[{"count":0,"href":"http:\/\/www.tvturk.com\/index.php\/wp-json\/wp\/v2\/posts\/196537\/revisions"}],"wp:featuredmedia":[{"embeddable":true,"href":"http:\/\/www.tvturk.com\/index.php\/wp-json\/wp\/v2\/media\/196538"}],"wp:attachment":[{"href":"http:\/\/www.tvturk.com\/index.php\/wp-json\/wp\/v2\/media?parent=196537"}],"wp:term":[{"taxonomy":"category","embeddable":true,"href":"http:\/\/www.tvturk.com\/index.php\/wp-json\/wp\/v2\/categories?post=196537"},{"taxonomy":"post_tag","embeddable":true,"href":"http:\/\/www.tvturk.com\/index.php\/wp-json\/wp\/v2\/tags?post=196537"}],"curies":[{"name":"wp","href":"https:\/\/api.w.org\/{rel}","templated":true}]}}