{"id":196539,"date":"2019-08-27T13:16:43","date_gmt":"2019-08-27T10:16:43","guid":{"rendered":"http:\/\/www.tvturk.com\/index.php\/s-400de-ikinci-sevkiyat-basladi\/"},"modified":"2019-08-27T13:16:43","modified_gmt":"2019-08-27T10:16:43","slug":"s-400de-ikinci-sevkiyat-basladi","status":"publish","type":"post","link":"http:\/\/www.tvturk.com\/index.php\/s-400de-ikinci-sevkiyat-basladi\/","title":{"rendered":"S-400\u2019de ikinci sevkiyat ba\u015flad\u0131"},"content":{"rendered":"<p>Milli Savunma Bakanl\u0131\u011f\u0131, S-400 Uzun Menzilli B\u00f6lge Hava ve F\u00fcze Savunma Sistemi\u2019nin ikinci batarya malzemelerinin Ankara\u2019ya intikaline bug\u00fcn ba\u015fland\u0131\u011f\u0131n\u0131 a\u00e7\u0131klad\u0131.<\/p>\n<p>Bakanl\u0131ktan yap\u0131lan a\u00e7\u0131klamada, &#8220;T\u00fcrkiye\u2019nin hava ve f\u00fcze savunma ihtiyac\u0131n\u0131n kar\u015f\u0131lanmas\u0131na y\u00f6nelik S-400 Uzun Menzilli B\u00f6lge Hava ve F\u00fcze Savunma Sistemi\u2019nin tedarik s\u00f6zle\u015fmesi 11 Nisan 2017\u2019de imzalanm\u0131\u015f, s\u00f6zle\u015fme kapsam\u0131nda S-400 Uzun Menzilli B\u00f6lge Hava ve F\u00fcze Savunma Sistemi\u2019nin birinci batarya malzemelerinin intikali 12- 25 Temmuz 2019 tarihleri aras\u0131nda tamamlanm\u0131\u015ft\u0131. Bu kapsamda S-400 Uzun Menzilli B\u00f6lge Hava ve F\u00fcze Savunma Sistemi\u2019nin ikinci batarya malzemelerinin M\u00fcrted Hava Meydan\u0131 Ankara\u2019ya intikaline bug\u00fcn itibariyle ba\u015fland\u0131. \u0130ntikal faaliyeti takriben bir ay s\u00fcrecektir&#8221; denildi.<\/p>\n","protected":false},"excerpt":{"rendered":"<p>S-400&#8217;DE \u0130K\u0130NC\u0130 SEVK\u0130YAT BA\u015eLADI<\/p>\n","protected":false},"author":1,"featured_media":196540,"comment_status":"closed","ping_status":"open","sticky":false,"template":"","format":"standard","meta":{"jetpack_post_was_ever_published":false,"_jetpack_newsletter_access":"","_jetpack_dont_email_post_to_subs":false,"_jetpack_newsletter_tier_id":0,"_jetpack_memberships_contains_paywalled_content":false,"_jetpack_memberships_contains_paid_content":false,"footnotes":"","jetpack_publicize_message":"","jetpack_publicize_feature_enabled":true,"jetpack_social_post_already_shared":true,"jetpack_social_options":{"image_generator_settings":{"template":"highway","default_image_id":0,"font":"","enabled":false},"version":2}},"categories":[1],"tags":[55,2087,49367,12995],"class_list":["post-196539","post","type-post","status-publish","format-standard","has-post-thumbnail","hentry","category-genel","tag-basladi","tag-ikinci","tag-s-400de","tag-sevkiyat"],"jetpack_publicize_connections":[],"jetpack_featured_media_url":"https:\/\/i0.wp.com\/www.tvturk.com\/wp-content\/uploads\/2019\/08\/s-400de-ikinci-sevkiyat-basladi_a74b50b.jpg?fit=1000%2C600","jetpack_sharing_enabled":true,"jetpack_shortlink":"https:\/\/wp.me\/paKIfm-P7Z","_links":{"self":[{"href":"http:\/\/www.tvturk.com\/index.php\/wp-json\/wp\/v2\/posts\/196539","targetHints":{"allow":["GET"]}}],"collection":[{"href":"http:\/\/www.tvturk.com\/index.php\/wp-json\/wp\/v2\/posts"}],"about":[{"href":"http:\/\/www.tvturk.com\/index.php\/wp-json\/wp\/v2\/types\/post"}],"author":[{"embeddable":true,"href":"http:\/\/www.tvturk.com\/index.php\/wp-json\/wp\/v2\/users\/1"}],"replies":[{"embeddable":true,"href":"http:\/\/www.tvturk.com\/index.php\/wp-json\/wp\/v2\/comments?post=196539"}],"version-history":[{"count":0,"href":"http:\/\/www.tvturk.com\/index.php\/wp-json\/wp\/v2\/posts\/196539\/revisions"}],"wp:featuredmedia":[{"embeddable":true,"href":"http:\/\/www.tvturk.com\/index.php\/wp-json\/wp\/v2\/media\/196540"}],"wp:attachment":[{"href":"http:\/\/www.tvturk.com\/index.php\/wp-json\/wp\/v2\/media?parent=196539"}],"wp:term":[{"taxonomy":"category","embeddable":true,"href":"http:\/\/www.tvturk.com\/index.php\/wp-json\/wp\/v2\/categories?post=196539"},{"taxonomy":"post_tag","embeddable":true,"href":"http:\/\/www.tvturk.com\/index.php\/wp-json\/wp\/v2\/tags?post=196539"}],"curies":[{"name":"wp","href":"https:\/\/api.w.org\/{rel}","templated":true}]}}