{"id":196545,"date":"2019-08-27T13:31:22","date_gmt":"2019-08-27T10:31:22","guid":{"rendered":"http:\/\/www.tvturk.com\/index.php\/cumhurbaskani-erdogan-rusyada-2\/"},"modified":"2019-08-27T13:31:22","modified_gmt":"2019-08-27T10:31:22","slug":"cumhurbaskani-erdogan-rusyada-2","status":"publish","type":"post","link":"http:\/\/www.tvturk.com\/index.php\/cumhurbaskani-erdogan-rusyada-2\/","title":{"rendered":"Cumhurba\u015fkan\u0131 Erdo\u011fan, Rusya\u2019da"},"content":{"rendered":"<p>Cumhurba\u015fkan\u0131 Recep Tayyip Erdo\u011fan, resmi temaslarda bulunmak i\u00e7in geldi\u011fi Rusya\u2019da Jukovsky\u2019de MAKS-2019 Uluslararas\u0131 Havac\u0131l\u0131k Fuar\u0131\u2019n\u0131n a\u00e7\u0131l\u0131\u015f\u0131na kat\u0131ld\u0131.<\/p>\n<p>Cumhurba\u015fkan\u0131 Recep Tayyip Erdo\u011fan resmi temaslarda bulunmak \u00fczere Rusya\u2019ya geldi.  Cumhurba\u015fkan\u0131 Erdo\u011fan, Jukovsky Uluslararas\u0131 Havaliman\u0131\u2019nda Rusya Devlet Ba\u015fkan\u0131 Vladimir Putin taraf\u0131ndan kar\u015f\u0131land\u0131. Havaalan\u0131ndaki Jukovsky\u2019de MAKS-2019 Uluslararas\u0131 Havac\u0131l\u0131k ve Uzay Fuar\u0131\u2019n\u0131n a\u00e7\u0131l\u0131\u015f\u0131na kat\u0131lan Erdo\u011fan, fuar alan\u0131n\u0131 gezdi.<\/p>\n<p>MAKS-2019 Uluslararas\u0131 Havac\u0131l\u0131k ve Uzay Fuar\u0131\u2019n\u0131n a\u00e7\u0131l\u0131\u015f\u0131na i\u015ftirak etmekten memnuniyet duydu\u011funu ifade eden Cumhurba\u015fkan\u0131 Erdo\u011fan, \u201cSay\u0131n Putin\u2019e nazik daveti i\u00e7in bir kez daha \u015fahs\u0131m ve milletim ad\u0131na \u015f\u00fckranlar\u0131m\u0131 sunuyorum. MAKS-2019\u2019u kendi alan\u0131n\u0131n lider fuarlar\u0131ndan biri olarak g\u00f6r\u00fcyoruz. Malumunuz bizim de bu sene 14\u2019c\u00fcs\u00fcn\u00fc ger\u00e7ekle\u015ftirdi\u011fimiz IDEF fuar\u0131m\u0131z var. Ayr\u0131ca MAKS-2019 tarz\u0131 \u00f6zellikle gen\u00e7lerimize y\u00f6nelik \u0130stanbul\u2019da Teknofest Havac\u0131l\u0131k, Uzay ve Teknoloji Festivali\u2019ni de d\u00fczenliyoruz. Ge\u00e7en y\u0131l ilkini ger\u00e7ekle\u015ftirdi\u011fimiz festival, 550 binden fazla ziyaret\u00e7i a\u011f\u0131rlam\u0131\u015ft\u0131r. 17-22 Eyl\u00fcl 2019 tarihlerinde ger\u00e7ekle\u015ftirilecek bu seneki etkinli\u011fe ise 1 milyonun \u00fczerinde kat\u0131l\u0131mc\u0131 bekliyoruz. Say\u0131n Putin ba\u015fta olmak \u00fczere t\u00fcm Rus halk\u0131n\u0131 festivalimize bekledi\u011fimiz ifade etmek istiyorum\u201d dedi.<\/p>\n<p>\u0130stikbal g\u00f6klerdedir parolas\u0131yla son d\u00f6nemde T\u00fcrkiye olarak havac\u0131l\u0131k alan\u0131nda \u00f6nemli hamlelere imza at\u0131ld\u0131\u011f\u0131n\u0131 ifade eden Erdo\u011fan, \u201cT\u00fcrk Hava Yollar\u0131 k\u00fcresel \u00f6l\u00e7ekte en geni\u015f hava ta\u015f\u0131mac\u0131l\u0131\u011f\u0131 a\u011flar\u0131ndan birine sahiptir. Havalimanlar\u0131m\u0131z Avrupa\u2019n\u0131n en \u00e7ok yolcu a\u011f\u0131rlayan alanlar\u0131 aras\u0131nda yer al\u0131yor. T\u00fcrk Hava Yollar\u0131 124 \u00fclkede 258 \u015fehre sefer d\u00fczenliyor. D\u00fcnyan\u0131n en b\u00fcy\u00fck havalimanlar\u0131ndan \u0130stanbul Havaliman\u0131\u2019n\u0131n ilk etab\u0131n\u0131 bu sene devreye ald\u0131k. Temennimiz odur ki \u0130stanbul Havaliman\u0131 t\u00fcm a\u015famalar\u0131yla faaliyete ge\u00e7ti\u011finde y\u0131ll\u0131k 200 milyon yolcuyu a\u011f\u0131rlayacakt\u0131r\u201d \u015feklinde konu\u015ftu.<\/p>\n<p>T\u00fcrkiye\u2019nin savunma, havac\u0131l\u0131k ve uzay teknolojilerinde s\u00f6z sahibi bir \u00fclke haline geldi\u011finin alt\u0131n\u0131 \u00e7izen Cumhurba\u015fkan\u0131 Erdo\u011fan, \u201cD\u00fcnya\u2019n\u0131n en h\u0131zl\u0131 b\u00fcy\u00fcyen havac\u0131l\u0131k \u015firketleri aras\u0131nda yer alan T\u00fcrk Havac\u0131l\u0131k ve Uzay Sanayii ihracat rakamlar\u0131n\u0131 her y\u0131l artt\u0131r\u0131yoruz. 2018 y\u0131l sonu itibariyle savunma ve havac\u0131l\u0131k sekt\u00f6r\u00fcm\u00fcz\u00fcn toplam ihracat\u0131 2 bu\u00e7uk milyar dolara ula\u015ft\u0131. Yeni nesil temel e\u011fitim u\u00e7a\u011f\u0131m\u0131z H\u00fcrku\u015f, 11 Temmuz 2016 tarihinde Avrupa Havac\u0131l\u0131k Emniyet Ajans\u0131\u2019ndan Tip sertifikas\u0131 ald\u0131. T129 ATAK helikopterimiz bir \u00e7ok \u00fclkenin envanterine katmak istedi\u011fi ara\u00e7lar aras\u0131ndad\u0131r. \u0130nsanl\u0131, insans\u0131z hava ara\u00e7lar\u0131n\u0131n \u00fcretimi konusunda da k\u0131sa zamanda b\u00fcy\u00fck mesafeler ald\u0131k. Be\u015finci nesil Milli Muharip U\u00e7ak projemiz TFX g\u00f6zbebe\u011fimizdir. U\u00e7a\u011f\u0131m\u0131z\u0131n birebir modelini Haziran ay\u0131nda Paris Havac\u0131l\u0131k fuar\u0131nda sergiledik projede geldi\u011fimiz a\u015famay\u0131 payla\u015ft\u0131k\u201d diye konu\u015ftu.<\/p>\n<p>T\u00fcrkiye-Rusya aras\u0131ndaki samimi ve yak\u0131n diyalo\u011fun zengin tarihi ge\u00e7mi\u015fe dayanan k\u00f6kl\u00fc ve \u00e7ok boyutlu i\u015fbirli\u011finden beslendi\u011fini s\u00f6yleyen Cumhurba\u015fkan\u0131 Erdo\u011fan, \u201cRusya\u2019dan \u00fclkemize gelen turist say\u0131s\u0131nda rekor \u00fcst\u00fcne rekor k\u0131rmaya devam ediyoruz. Bu y\u0131l yakla\u015f\u0131k 6 milyon Rus turistin \u00fclkemizi ziyaret etmesini bekliyoruz. Aram\u0131zdaki ticaret hacmi 25 milyar dolar\u0131 ge\u00e7ti hedefimiz ise 100 milyar dolard\u0131r. Havac\u0131l\u0131k ve uzay teknolojileri alan\u0131na Rusya ile geli\u015ftirmekte oldu\u011fu sinerjinin ikili ili\u015fkilerimizi daha da derinle\u015ftirmesine yard\u0131mc\u0131 olaca\u011f\u0131na inan\u0131yorum\u201d diye konu\u015ftu.<\/p>\n<p>Rusya Devlet Ba\u015fkan\u0131 Putin ise uluslararas\u0131 havac\u0131l\u0131k fuar\u0131na g\u00f6sterilen yo\u011fun ilgiden dolay\u0131 ziyaret\u00e7ilere te\u015fekk\u00fcr ederek, \u201cRusya u\u00e7ak sanayi alan\u0131nda k\u00f6kl\u00fc ge\u00e7mi\u015fe sahip bir \u00fclke olarak bu alanda d\u00fcnya \u00e7ap\u0131nda lider \u00fclkelerden biridir\u201d dedi.  \u201cGerek tasar\u0131mc\u0131lar\u0131m\u0131z ve bilim adamlar\u0131m\u0131z gerekse \u00fcreticilerimiz aras\u0131nda i\u015fbirli\u011fimizin daha yo\u011fun olmas\u0131n\u0131 daha i\u015flevsel olmas\u0131n\u0131 umut ediyoruz\u201d ifadelerini kullanan Putin fuar hakk\u0131nda bilgi verdi.<\/p>\n<p>Cumhurba\u015fkan\u0131 Erdo\u011fan, ziyaret kapsam\u0131nda Rusya Devlet Ba\u015fkan\u0131 Putin\u2019le bir araya gelecek ve heyetleraras\u0131 g\u00f6r\u00fc\u015fmelere kat\u0131lacak.<\/p>\n<p>Cumhurba\u015fkan\u0131 Erdo\u011fan\u2019\u0131n temaslar\u0131nda T\u00fcrkiye-Rusya ikili ili\u015fkilerinin ele al\u0131nmas\u0131, Suriye ba\u015fta olmak \u00fczere, baz\u0131 b\u00f6lgesel ve uluslararas\u0131 meseleler hakk\u0131nda g\u00f6r\u00fc\u015f al\u0131\u015fveri\u015finde bulunulmas\u0131 planlan\u0131yor.<\/p>\n<p>Cumhurba\u015fkan\u0131 Recep Tayyip Erdo\u011fan\u2019a Rusya ziyaretinde D\u0131\u015fi\u015fleri Bakan\u0131 Mevl\u00fct \u00c7avu\u015fo\u011flu, Hazine ve Maliye Bakan\u0131 Berat Albayrak, Milli Savunma Bakan\u0131 Hulusi Akar ile Sanayi ve Teknoloji Bakan\u0131 Mustafa Varank e\u015flik ediyor.<\/p>\n","protected":false},"excerpt":{"rendered":"<p>ERDO\u011eAN, MAKS-2019 ULUSLARARASI HAVACILIK FUARI\u2019NIN A\u00c7ILI\u015eINA KATILDI<\/p>\n","protected":false},"author":1,"featured_media":196546,"comment_status":"closed","ping_status":"open","sticky":false,"template":"","format":"standard","meta":{"jetpack_post_was_ever_published":false,"_jetpack_newsletter_access":"","_jetpack_dont_email_post_to_subs":false,"_jetpack_newsletter_tier_id":0,"_jetpack_memberships_contains_paywalled_content":false,"_jetpack_memberships_contains_paid_content":false,"footnotes":"","jetpack_publicize_message":"","jetpack_publicize_feature_enabled":true,"jetpack_social_post_already_shared":true,"jetpack_social_options":{"image_generator_settings":{"template":"highway","default_image_id":0,"font":"","enabled":false},"version":2}},"categories":[10],"tags":[503,649,8759],"class_list":["post-196545","post","type-post","status-publish","format-standard","has-post-thumbnail","hentry","category-dunya","tag-cumhurbaskani","tag-erdogan","tag-rusyada"],"jetpack_publicize_connections":[],"jetpack_featured_media_url":"https:\/\/i0.wp.com\/www.tvturk.com\/wp-content\/uploads\/2019\/08\/cumhurbaskani-erdogan-rusyada_d884317.jpg?fit=1000%2C772","jetpack_sharing_enabled":true,"jetpack_shortlink":"https:\/\/wp.me\/paKIfm-P85","_links":{"self":[{"href":"http:\/\/www.tvturk.com\/index.php\/wp-json\/wp\/v2\/posts\/196545","targetHints":{"allow":["GET"]}}],"collection":[{"href":"http:\/\/www.tvturk.com\/index.php\/wp-json\/wp\/v2\/posts"}],"about":[{"href":"http:\/\/www.tvturk.com\/index.php\/wp-json\/wp\/v2\/types\/post"}],"author":[{"embeddable":true,"href":"http:\/\/www.tvturk.com\/index.php\/wp-json\/wp\/v2\/users\/1"}],"replies":[{"embeddable":true,"href":"http:\/\/www.tvturk.com\/index.php\/wp-json\/wp\/v2\/comments?post=196545"}],"version-history":[{"count":0,"href":"http:\/\/www.tvturk.com\/index.php\/wp-json\/wp\/v2\/posts\/196545\/revisions"}],"wp:featuredmedia":[{"embeddable":true,"href":"http:\/\/www.tvturk.com\/index.php\/wp-json\/wp\/v2\/media\/196546"}],"wp:attachment":[{"href":"http:\/\/www.tvturk.com\/index.php\/wp-json\/wp\/v2\/media?parent=196545"}],"wp:term":[{"taxonomy":"category","embeddable":true,"href":"http:\/\/www.tvturk.com\/index.php\/wp-json\/wp\/v2\/categories?post=196545"},{"taxonomy":"post_tag","embeddable":true,"href":"http:\/\/www.tvturk.com\/index.php\/wp-json\/wp\/v2\/tags?post=196545"}],"curies":[{"name":"wp","href":"https:\/\/api.w.org\/{rel}","templated":true}]}}