{"id":196549,"date":"2019-08-27T13:31:50","date_gmt":"2019-08-27T10:31:50","guid":{"rendered":"http:\/\/www.tvturk.com\/index.php\/alanyasporlu-suralin-oldugu-kazada-surucu-hakkinda-karar-cikti\/"},"modified":"2019-08-27T13:31:50","modified_gmt":"2019-08-27T10:31:50","slug":"alanyasporlu-suralin-oldugu-kazada-surucu-hakkinda-karar-cikti","status":"publish","type":"post","link":"http:\/\/www.tvturk.com\/index.php\/alanyasporlu-suralin-oldugu-kazada-surucu-hakkinda-karar-cikti\/","title":{"rendered":"Alanyasporlu Sural\u2019\u0131n \u00f6ld\u00fc\u011f\u00fc kazada s\u00fcr\u00fcc\u00fc hakk\u0131nda karar \u00e7\u0131kt\u0131"},"content":{"rendered":"<p>Alanyaspor\u2019un \u00c7ek futbolcusu Josef Sural\u2019\u0131n trafik kazas\u0131nda hayat\u0131n\u0131 kaybetmesine neden olan s\u00fcr\u00fcc\u00fc Esat Alt\u0131nta\u015f\u2019\u0131n yarg\u0131lanmas\u0131na ba\u015fland\u0131. Mahkeme heyeti s\u00fcr\u00fcc\u00fcn\u00fcn tutuksuz yarg\u0131lanmas\u0131na karar verdi.<\/p>\n<p>Alanyaspor\u2019un \u00c7ek futbolcusu Josef Sural\u2019\u0131n 29 Nisan gecesi deplasman d\u00f6n\u00fc\u015f\u00fc tak\u0131m arkada\u015flar\u0131yla bindikleri VIP minib\u00fcsle ge\u00e7irdikleri trafik kazas\u0131nda hayat\u0131n\u0131 kaybetmesinin ard\u0131ndan g\u00f6zalt\u0131na al\u0131nd\u0131ktan sonra adliyeye sevk edilen minib\u00fcs s\u00fcr\u00fcc\u00fcs\u00fc Esat Alt\u0131nta\u015f, sulh ceza hakimli\u011fince \u2019taksirle \u00f6l\u00fcme ve yaralanmaya neden olma\u2019 su\u00e7undan tutuklanarak cezaevine g\u00f6nderildi.<\/p>\n<p>Alanya 1\u2019inci A\u011f\u0131r Ceza Mahkemesi\u2019nde g\u00f6r\u00fclen ilk duru\u015fmaya tutuklu s\u00fcr\u00fcc\u00fc Esat Alt\u0131nta\u015f ve Isaac Sackey, Djalma Campos m\u00fc\u015fteki olarak kat\u0131ld\u0131.<\/p>\n<p>Ayr\u0131ca duru\u015fmada kazada ara\u00e7 i\u00e7erisinde bulunan \u015fof\u00f6r\u00fcn arkada\u015f\u0131 \u015e\u00fckr\u00fc Yenihan, futbolcular Papiss Demba Cisse, Steven Rol Caulker, Wanderson De Souza Carnerio (Baiano), Welinton Souza Silva tan\u0131k olarak dinlenirken, \u00e7evirmen olarak ise Alanyaspor Terc\u00fcman\u0131 Baran Bo\u00e7nak kat\u0131ld\u0131. Taraflar\u0131n avukatlar\u0131 da haz\u0131r bulundu.<\/p>\n<p>\u201cOrada \u00f6len futbolcuyu g\u00f6rd\u00fcm. O an ya\u015f\u0131yordu\u201d<\/p>\n<p>San\u0131k Alt\u0131nta\u015f savunmas\u0131nda, \u201c28 Nisan 2018 Cumartesi g\u00fcn\u00fc saat 19.00 s\u0131ralar\u0131nda \u00e7al\u0131\u015ft\u0131\u011f\u0131m \u015firket sahibi beni arayarak, Alanyaspor u\u00e7a\u011f\u0131n\u0131n r\u00f6tar yapaca\u011f\u0131n\u0131, Kayseri\u2019den baz\u0131 futbolcular\u0131n al\u0131narak Alanya\u2019ya getirmem gerekti\u011fini s\u00f6yledi. Ben de Kayserili arkada\u015f\u0131m \u015e\u00fckr\u00fc Yenihan\u2019\u0131 arayarak Kayseri\u2019yi pek bilmedi\u011fimi belirterek, bana yolculuk s\u0131ras\u0131nda yard\u0131m etmesini istedim. Biz 00.00\u2019da arkada\u015f\u0131m ile yola \u00e7\u0131kt\u0131k ve sabah 08.00\u2019da Kayseri\u2019ye geldik. Biz Kayseri\u2019ye girdikten sonra yakla\u015f\u0131k saat 14.30\u2019a kadar dinlendik. Sonra bir ara gezdik. Saat 17.00\u2019da stada gitmek i\u00e7in yola \u00e7\u0131kt\u0131k. Ma\u00e7\u0131n ikinci yar\u0131s\u0131n\u0131 izledik. Saat 18.30\u2019da futbolcular arabam\u0131za bindi. Ben fazla \u0130ngilizce bilmedi\u011fimden futbolculara el i\u015faretiyle emniyet kemeri takmalar\u0131 y\u00f6n\u00fcnde uyard\u0131m. Bir s\u00fcre yol ald\u0131ktan sonra futbolcular yemek i\u00e7in mola istediler. Ni\u011fde\u2019de yemek i\u00e7in durduk. Burada yemek yedik ve al\u0131\u015fveri\u015f yap\u0131ld\u0131. Ard\u0131ndan yola \u00e7\u0131kt\u0131k ve Seydi\u015fehir\u2019de arac\u0131 ben ald\u0131m. Futbolcular bana gece 01.00\u2019da toplant\u0131 oldu\u011funu s\u00f6yleyerek h\u0131zl\u0131 gitmemi istedi ama ben yava\u015f kulland\u0131m. Alanya giri\u015finde birden kontrol\u00fc kaybettim. Ara\u00e7 yolun sa\u011f\u0131ndaki su ark\u0131na kayd\u0131. Ark geni\u015f oldu\u011fu i\u00e7in \u00e7\u0131kamad\u0131m. Minib\u00fcs arka girince birden h\u0131zland\u0131 ve \u00e7\u0131kamay\u0131nca kar\u015f\u0131daki b\u00fcze vurarak durdum. Kazan\u0131n ard\u0131ndan ilk olarak yan\u0131mda olan \u015e\u00fckr\u00fc\u2019ye bir \u015feyi olup olmad\u0131\u011f\u0131n\u0131 sordum, iyiydi. Ard\u0131ndan futbolculara bakt\u0131k ve 1 ki\u015finin eksik oldu\u011funu g\u00f6r\u00fcnce olay yerine ko\u015ftum. Orada \u00f6len futbolcuyu g\u00f6rd\u00fcm. O an ya\u015f\u0131yordu. Kandan bo\u011fulmas\u0131n diye kafas\u0131n\u0131 sola yat\u0131rd\u0131m ve 112\u2019yi arayarak polis ve ambulans talep ettim. Bu s\u00fcre\u00e7te ben olay yerinden hi\u00e7 ayr\u0131lmad\u0131m\u201d dedi.<\/p>\n<p>\u201cNas\u0131l oldu anlamad\u0131m\u201d<\/p>\n<p>Mahkeme heyetinin san\u0131k Alt\u0131nta\u015f\u2019a bu s\u00fcrede rahats\u0131zl\u0131\u011f\u0131 olup olmad\u0131\u011f\u0131n\u0131 ve uykusuzluk durumunu sormas\u0131 \u00fczerine, \u201cHasta de\u011fildim, uykumu alm\u0131\u015ft\u0131m. Arac\u0131 yava\u015f kulland\u0131m. Nas\u0131l oldu anlamad\u0131m, her \u015fey birden oldu. Ara\u00e7 bir anda elimden kayd\u0131, su ark\u0131ndan \u00e7\u0131karamad\u0131m. Polis tutanaklar\u0131nda uyku ve uykusuzlu\u011fum ile alkols\u00fcz oldu\u011fum bellidir\u201d cevab\u0131n\u0131 verdi.<\/p>\n<p>\u201cB\u00f6yle bir olay oldu\u011fu i\u00e7in \u00fczg\u00fcn\u00fcm\u201d<\/p>\n<p>Mahkeme heyetinin son s\u00f6z\u00fcn\u00fc sordu\u011fu Alt\u0131nta\u015f, \u201cB\u00f6yle bir olay oldu\u011fu i\u00e7in \u00fczg\u00fcn\u00fcm. Kaza an\u0131nda bir yere gitmedim ve gerekeni yapt\u0131m. Bana h\u0131zl\u0131 git diyen Steve Caulker\u2019d\u0131. Toplant\u0131 olaca\u011f\u0131n\u0131 ise telefonda isminin Burak oldu\u011funu belirten bir ki\u015fi, kul\u00fcpte toplant\u0131 olaca\u011f\u0131n\u0131, biraz h\u0131zl\u0131 kullanmam gerekti\u011fini s\u00f6yledi. H\u0131zl\u0131 gitmedim. H\u0131zl\u0131 gitsem saat 01.00 ile 01.30 s\u0131ralar\u0131nda Alanya\u2019da olmam gerekirdi fakat ben 02.00\u2019da girdim\u201d savunmas\u0131n\u0131 yapt\u0131.<\/p>\n<p>Sackey:\u201cBen b\u00f6yle bir toplant\u0131 konusunu bilmiyorum\u201d<\/p>\n<p>Futbolcu Sackey ise, \u201cDaha \u00f6nceki ifademe ekleyece\u011fim bir \u015fey yok. Oturdu\u011fum \u015fekil itibariyle \u00f6n taraf\u0131 g\u00f6remiyordum. S\u0131rt\u0131m d\u00f6n\u00fck oldu\u011fu i\u00e7in \u00e7ok \u015fey g\u00f6remedim\u201d dedi.<\/p>\n<p>Heyet taraf\u0131ndan toplant\u0131 konusunun sorulmas\u0131 \u00fczerine ise, \u201cBen b\u00f6yle bir toplant\u0131 konusunu bilmiyorum, duymad\u0131m, konu\u015fmalara da \u015fahit olmad\u0131m\u201d diye konu\u015ftu. Mahkeme heyeti \u015fikayet\u00e7i olup olmad\u0131\u011f\u0131n\u0131 sormas\u0131 \u00fczerine Sackey, kolunda k\u00fc\u00e7\u00fck bir k\u0131r\u0131k oldu\u011funu ve \u015fikayet\u00e7i olmad\u0131\u011f\u0131n\u0131 s\u00f6yledi.<\/p>\n<p>Campos: \u201c\u015eof\u00f6rden \u015fikayet\u00e7i de\u011filim\u201d<\/p>\n<p>Ard\u0131ndan \u00e7a\u011fr\u0131lan Djalma Campos ise ilk ifadesinin ge\u00e7erli oldu\u011funu belirterek \u015f\u00f6yle konu\u015ftu: \u201cBir arkada\u015f\u0131m\u0131z\u0131 kaybettik. Her \u015feyi bilmek hakk\u0131m\u0131z diye d\u00fc\u015f\u00fcn\u00fcyorum. Kazada ise sadece birka\u00e7 saniye \u00f6nce bir g\u00fcmb\u00fcrt\u00fc duydum. Ba\u015fka bir \u015fey g\u00f6rmedim. Saat 01.00\u2019da toplant\u0131 olaca\u011f\u0131na dair ben bir \u015fey duymad\u0131m, bilmiyorum. \u015eof\u00f6rden \u015fikayet\u00e7i de\u011filim\u201d dedi.<\/p>\n<p>Cisse: \u201cBenim hat\u0131rlad\u0131\u011f\u0131m tek \u015fey Sural\u2019\u0131n y\u00fcz\u00fc\u201d<\/p>\n<p>Mahkemeye tan\u0131k olarak kat\u0131lan Papiss Demba Cisse ise olay an\u0131n\u0131 \u015f\u00f6yle anlatt\u0131:<\/p>\n<p>\u201cDaha \u00f6nce dedi\u011fim gibi her \u015fey \u00e7ok h\u0131zl\u0131 geli\u015fti. Kaza kul\u00fcbe k\u0131sa bir mesafe kala oldu. Hi\u00e7bir \u015fey hat\u0131rlam\u0131yorum. Oturdu\u011fum yerden \u015fof\u00f6r\u00fcn y\u00fcz\u00fcn\u00fc g\u00f6rm\u00fcyordum. Arkada oturarak telefonda oyun oynuyordum. \u015eof\u00f6r\u00fcn uyuyup uyumad\u0131\u011f\u0131n\u0131 bilmiyordum. Benim hat\u0131rlad\u0131\u011f\u0131m tek \u015fey Sural\u2019\u0131n y\u00fcz\u00fc.&#8221;<\/p>\n<p>Mahkemenin, \u2018Kazadan sonra \u015fof\u00f6r yaral\u0131lara yard\u0131m etti mi\u2019 sorusuna Cisse, \u201cKaza an\u0131nda biz ilk olarak birine \u00e7arpt\u0131\u011f\u0131m\u0131z\u0131 d\u00fc\u015f\u00fcnd\u00fck. Minib\u00fcsten inip geriye do\u011fru gitti\u011fimizde yerde yatan biri vard\u0131. Ben \u2018Ah birine \u00e7arpm\u0131\u015f\u0131z\u2019 dedim. \u015eof\u00f6r\u00fcn ise Sural\u2019a yard\u0131m etti\u011fini g\u00f6rmedim. Toplant\u0131 hakk\u0131nda bir bilgim yok\u201d cevab\u0131n\u0131 verdi.<\/p>\n<p>Caulker: &#8220;Yolculuk esnas\u0131nda \u015fof\u00f6r\u00fcn arkada\u015f\u0131 uyuyordu&#8221;<\/p>\n<p>Tan\u0131k Steven Caulker ise \u201c\u0130lk ifadem ge\u00e7erli. \u015eof\u00f6r\u00fcn uyudu\u011funa veya dald\u0131\u011f\u0131na dair herhangi bir \u015fey g\u00f6rmedim. Yolculuk esnas\u0131nda \u015fof\u00f6r\u00fcn arkada\u015f\u0131 uyuyordu. S\u0131rt\u0131m d\u00f6n\u00fckt\u00fc. Benim \u00f6zel bir toplant\u0131m vard\u0131. Ben de telefon arac\u0131l\u0131\u011f\u0131 ile T\u00fcrk\u00e7e \u00f6\u011fretmenim Burak K\u00f6se\u2019ye bunu \u015fof\u00f6re T\u00fcrk\u00e7e olarak s\u00f6ylemesini istedim. Toplant\u0131ya yeti\u015fmek i\u00e7in acele etmesi gerekti\u011fini s\u00f6ylettim\u201d dedi.<\/p>\n<p>Mahkeme heyetinin \u015fof\u00f6r\u00fcn yaral\u0131 Sural\u2019a yard\u0131m edip etmedi\u011fini sormas\u0131 \u00fczerine Caulker, \u201cO an\u0131n foto\u011fraf\u0131n\u0131 hat\u0131rlam\u0131yorum. Birden olay yeri kalabal\u0131kla\u015ft\u0131. Direkt onun y\u00fcz\u00fcn\u00fc g\u00f6rd\u00fc\u011f\u00fcm\u00fc s\u00f6yleyemem\u201d diye konu\u015ftu.<\/p>\n<p>Baiano: \u201cUyudu\u011funu g\u00f6rmedim\u201d<\/p>\n<p>Tan\u0131k olarak dinlenen Wanderson De Souza Carnerio (Baiano) da \u201cBen \u015fof\u00f6r\u00fcn yan\u0131nda oturuyordum ancak yola bakm\u0131yordum. Bir ara telefonum yere d\u00fc\u015ft\u00fc. E\u011filip ald\u0131m, kafam\u0131 kald\u0131rd\u0131\u011f\u0131mda ara\u00e7 saatte 60-80 kilometre h\u0131zla sa\u011fa do\u011fru gidiyordu. Uyudu\u011funu g\u00f6rmedim\u201d ifadesini verdi.<\/p>\n<p>Mahkeme Baiano\u2019ya ilk ifadesinde \u015fof\u00f6r\u00fcn fren yapt\u0131\u011f\u0131n\u0131 g\u00f6rmedi\u011fini s\u00f6yledi\u011fini sordu. Baiano da, \u201cEvet g\u00f6rmedim A\u015fa\u011f\u0131 d\u00fc\u015ft\u00fck ve duvar gibi bir \u015feye \u00e7arpt\u0131k. Ara\u00e7 yava\u015flamad\u0131, h\u0131zland\u0131. Toplant\u0131 konusunu ise bilmiyorum ve duymad\u0131m\u201d \u015feklinde cevaplad\u0131.<\/p>\n<p>Welinton: \u201cYol boyunca tahminim h\u0131z\u0131 80 ile 120 kilometre aras\u0131ndayd\u0131\u201d<\/p>\n<p>Tan\u0131k futbolcu Welinton Souza Silva ise \u015funlar\u0131 s\u00f6yledi: \u201cYolculuk s\u0131ras\u0131nda oturuyorduk. Ben tabletten m\u00fczik dinliyordum. Bir ses duyduk. Bir \u015feye \u00e7arpm\u0131\u015f gibiydik. Ara\u00e7 durunca birbirimizi yoklad\u0131k. Ben arkada yolculuk yap\u0131yordum ve bana g\u00f6re ara\u00e7 h\u0131zl\u0131yd\u0131. Ben h\u0131z yapmas\u0131 konusunda bir \u015fey s\u00f6ylemedim. Kazan\u0131n ard\u0131ndan ben baca\u011f\u0131m, kolum ve kafamda a\u011fr\u0131lar oldu\u011fu i\u00e7in Sural\u2019\u0131n bulundu\u011fu yere gidemedim. O y\u00fczden kim yard\u0131m etti bilmiyorum. Dalg\u0131n olup olmad\u0131\u011f\u0131n\u0131 bilmiyorum. Yol boyunca tahminim h\u0131z\u0131 80 ile 120 kilometre aras\u0131ndayd\u0131.\u201d<\/p>\n<p>\u015e\u00fckr\u00fc Yenihan: &#8220;Esat Alt\u0131nta\u015f\u2019\u0131n yaral\u0131ya yard\u0131m etti\u011fini g\u00f6rd\u00fcm&#8221;<\/p>\n<p>Son olarak tan\u0131k s\u0131fat\u0131nda dinlenen \u015fof\u00f6r\u00fcn arkada\u015f\u0131 \u015e\u00fckr\u00fc Yenihan, kaza s\u0131ras\u0131nda uyudu\u011funu, hi\u00e7bir \u015fey g\u00f6rmedi\u011fini, kazadan sonra uyand\u0131\u011f\u0131n\u0131 ve arkada\u015f\u0131 Esat Alt\u0131nta\u015f\u2019\u0131n yaral\u0131ya yard\u0131m etti\u011fini g\u00f6rd\u00fc\u011f\u00fcn\u00fc s\u00f6yledi.<\/p>\n<p>Avukat Sevda \u00dcnl\u00fc, Alt\u0131nta\u015f\u2019\u0131n kontrol \u015fart\u0131 veya kefalet ile beraat\u0131n\u0131 talep etti<\/p>\n<p>Savunma avukat\u0131 Sevda \u00dcnl\u00fc, san\u0131k Esat Alt\u0131nta\u015f\u2019\u0131n \u00fczerine at\u0131l\u0131 su\u00e7lar\u0131 kabul etmediklerini beyan ederek, san\u0131\u011f\u0131n cezaevindeki s\u00fcresi g\u00f6z \u00f6n\u00fcnde bulundurularak adli kontrol \u015fart\u0131 veya kefalet ile beraat\u0131n\u0131 talep etti.<\/p>\n<p>Gere\u011fi d\u00fc\u015f\u00fcn\u00fcld\u00fc<\/p>\n<p>Mahkeme heyeti son soru olarak futbolculara emniyet kemeri takmalar\u0131 y\u00f6n\u00fcnde ikaz al\u0131p almad\u0131klar\u0131 ve tak\u0131p takmad\u0131klar\u0131 konusunu sordu. T\u00fcm futbolcular ikaz almad\u0131klar\u0131n\u0131 s\u00f6ylerken, Baiano emniyet kemeri takt\u0131\u011f\u0131n\u0131 belirtti. Duru\u015fmaya verilen 10 dakikal\u0131k aran\u0131n ard\u0131ndan mahkeme heyeti karar\u0131n\u0131 a\u00e7\u0131klad\u0131. Mahkeme Ba\u015fkan\u0131 Seda Selma Sert\u2019in a\u00e7\u0131klad\u0131\u011f\u0131 karara g\u00f6re; Esat Alt\u0131nta\u015f\u2019\u0131n \u00fczerine at\u0131l\u0131 \u2018Taksirle \u00f6l\u00fcme ve yaralanmaya neden olma\u2019 su\u00e7unu i\u015fledi\u011fine dair somut \u015f\u00fcphe ve olgular\u0131n devam ediyor olmas\u0131na ra\u011fmen, tutuklulukta ge\u00e7irdi\u011fi s\u00fcre, mevcut delil durumu, tutuklaman\u0131n tedbir olu\u015fu hususlar\u0131n\u0131 dikkate al\u0131narak san\u0131\u011f\u0131n adli kontrol \u015fart\u0131yla serbest kalmas\u0131na karar verdiklerini a\u00e7\u0131klad\u0131.<\/p>\n<p>Davan\u0131n 2\u2019nci duru\u015fmas\u0131 ise 14 Kas\u0131m 2019 saat 10.50\u2019ye ertelendi.<\/p>\n","protected":false},"excerpt":{"rendered":"<p>ALANYASPOR&#8217;UN \u00c7EK FUTBOLCUSU JOSEF SURAL&#8217;IN TRAF\u0130K KAZASINDA HAYATINI KAYBETMES\u0130NE NEDEN OLAN S\u00dcR\u00dcC\u00dc ESAT ALTINTA\u015e, YARGILANMASINA BA\u015eLANDI. MAHKEME HEYET\u0130 S\u00dcR\u00dcC\u00dcN\u00dcN TUTUKSUZ YARGILANMASINA KARAR VERD\u0130.<\/p>\n","protected":false},"author":1,"featured_media":196550,"comment_status":"closed","ping_status":"open","sticky":false,"template":"","format":"standard","meta":{"jetpack_post_was_ever_published":false,"_jetpack_newsletter_access":"","_jetpack_dont_email_post_to_subs":false,"_jetpack_newsletter_tier_id":0,"_jetpack_memberships_contains_paywalled_content":false,"_jetpack_memberships_contains_paid_content":false,"footnotes":"","jetpack_publicize_message":"","jetpack_publicize_feature_enabled":true,"jetpack_social_post_already_shared":true,"jetpack_social_options":{"image_generator_settings":{"template":"highway","default_image_id":0,"font":"","enabled":false},"version":2}},"categories":[1],"tags":[33745,1202,6661,2110,1210,1974,33746,313],"class_list":["post-196549","post","type-post","status-publish","format-standard","has-post-thumbnail","hentry","category-genel","tag-alanyasporlu","tag-cikti","tag-hakkinda","tag-karar","tag-kazada","tag-oldugu","tag-suralin","tag-surucu"],"jetpack_publicize_connections":[],"jetpack_featured_media_url":"https:\/\/i0.wp.com\/www.tvturk.com\/wp-content\/uploads\/2019\/08\/alanyasporlu-suralin-oldugu-kazada-surucu-hakkinda-karar-cikti_807d0d9.jpg?fit=1000%2C663","jetpack_sharing_enabled":true,"jetpack_shortlink":"https:\/\/wp.me\/paKIfm-P89","_links":{"self":[{"href":"http:\/\/www.tvturk.com\/index.php\/wp-json\/wp\/v2\/posts\/196549","targetHints":{"allow":["GET"]}}],"collection":[{"href":"http:\/\/www.tvturk.com\/index.php\/wp-json\/wp\/v2\/posts"}],"about":[{"href":"http:\/\/www.tvturk.com\/index.php\/wp-json\/wp\/v2\/types\/post"}],"author":[{"embeddable":true,"href":"http:\/\/www.tvturk.com\/index.php\/wp-json\/wp\/v2\/users\/1"}],"replies":[{"embeddable":true,"href":"http:\/\/www.tvturk.com\/index.php\/wp-json\/wp\/v2\/comments?post=196549"}],"version-history":[{"count":0,"href":"http:\/\/www.tvturk.com\/index.php\/wp-json\/wp\/v2\/posts\/196549\/revisions"}],"wp:featuredmedia":[{"embeddable":true,"href":"http:\/\/www.tvturk.com\/index.php\/wp-json\/wp\/v2\/media\/196550"}],"wp:attachment":[{"href":"http:\/\/www.tvturk.com\/index.php\/wp-json\/wp\/v2\/media?parent=196549"}],"wp:term":[{"taxonomy":"category","embeddable":true,"href":"http:\/\/www.tvturk.com\/index.php\/wp-json\/wp\/v2\/categories?post=196549"},{"taxonomy":"post_tag","embeddable":true,"href":"http:\/\/www.tvturk.com\/index.php\/wp-json\/wp\/v2\/tags?post=196549"}],"curies":[{"name":"wp","href":"https:\/\/api.w.org\/{rel}","templated":true}]}}