{"id":196565,"date":"2019-08-27T13:47:14","date_gmt":"2019-08-27T10:47:14","guid":{"rendered":"http:\/\/www.tvturk.com\/index.php\/karabuksporda-sivas-belediyespor-maci-calismalari-basladi\/"},"modified":"2019-08-27T13:47:14","modified_gmt":"2019-08-27T10:47:14","slug":"karabuksporda-sivas-belediyespor-maci-calismalari-basladi","status":"publish","type":"post","link":"http:\/\/www.tvturk.com\/index.php\/karabuksporda-sivas-belediyespor-maci-calismalari-basladi\/","title":{"rendered":"Karab\u00fckspor\u2019da Sivas Belediyespor ma\u00e7\u0131 \u00e7al\u0131\u015fmalar\u0131 ba\u015flad\u0131"},"content":{"rendered":"<p>TFF 2. Lig\u2019in ilk haftas\u0131nda 1 Eyl\u00fcl Pazar g\u00fcn\u00fc deplasmanda Sivas Belediyespor ile kar\u015f\u0131la\u015facak Kardemir Karab\u00fckspor, ma\u00e7\u0131n haz\u0131rl\u0131klar\u0131na ba\u015flad\u0131.<\/p>\n<p>TFF 2. Lig K\u0131rm\u0131z\u0131 Grup ekiplerinden Kardemir Karab\u00fckspor, 1 Eyl\u00fcl Pazar g\u00fcn\u00fc deplasmanda oynayaca\u011f\u0131 \u00dcmraniyespor ma\u00e7\u0131n\u0131n haz\u0131rl\u0131klar\u0131na tesislerinde yapt\u0131\u011f\u0131 antrenmanla ba\u015flad\u0131. Teknik Direkt\u00f6r \u0130smail Demirci y\u00f6netiminde ger\u00e7ekle\u015fen antrenmanda tak\u0131m \u0131s\u0131nma hareketlerinin ard\u0131ndan anaerobik \u00e7al\u0131\u015fma, pas \u00e7al\u0131\u015fmas\u0131 ve dar alan oyun \u00e7al\u0131\u015fmas\u0131 yapt\u0131.<\/p>\n","protected":false},"excerpt":{"rendered":"<p>TFF 2.L\u0130G\u2019\u0130N \u0130LK HAFTASINDA 1 EYL\u00dcL PAZAR G\u00dcN\u00dc DEPLASMANDA S\u0130VAS BELED\u0130YESPOR \u0130LE KAR\u015eILA\u015eACAK KARDEM\u0130R KARAB\u00dcKSPOR, MA\u00c7IN HAZIRLIKLARINA BA\u015eLADI.<\/p>\n","protected":false},"author":1,"featured_media":196566,"comment_status":"closed","ping_status":"open","sticky":false,"template":"","format":"standard","meta":{"jetpack_post_was_ever_published":false,"_jetpack_newsletter_access":"","_jetpack_dont_email_post_to_subs":false,"_jetpack_newsletter_tier_id":0,"_jetpack_memberships_contains_paywalled_content":false,"_jetpack_memberships_contains_paid_content":false,"footnotes":"","jetpack_publicize_message":"","jetpack_publicize_feature_enabled":true,"jetpack_social_post_already_shared":true,"jetpack_social_options":{"image_generator_settings":{"template":"highway","default_image_id":0,"font":"","enabled":false},"version":2}},"categories":[657],"tags":[55,2556,310,11026,777,4247],"class_list":["post-196565","post","type-post","status-publish","format-standard","has-post-thumbnail","hentry","category-spor","tag-basladi","tag-belediyespor","tag-calismalari","tag-karabuksporda","tag-maci","tag-sivas"],"jetpack_publicize_connections":[],"jetpack_featured_media_url":"https:\/\/i0.wp.com\/www.tvturk.com\/wp-content\/uploads\/2019\/08\/karabuksporda-sivas-belediyespor-maci-calismalari-basladi_4060cc5.jpg?fit=1000%2C666","jetpack_sharing_enabled":true,"jetpack_shortlink":"https:\/\/wp.me\/paKIfm-P8p","_links":{"self":[{"href":"http:\/\/www.tvturk.com\/index.php\/wp-json\/wp\/v2\/posts\/196565","targetHints":{"allow":["GET"]}}],"collection":[{"href":"http:\/\/www.tvturk.com\/index.php\/wp-json\/wp\/v2\/posts"}],"about":[{"href":"http:\/\/www.tvturk.com\/index.php\/wp-json\/wp\/v2\/types\/post"}],"author":[{"embeddable":true,"href":"http:\/\/www.tvturk.com\/index.php\/wp-json\/wp\/v2\/users\/1"}],"replies":[{"embeddable":true,"href":"http:\/\/www.tvturk.com\/index.php\/wp-json\/wp\/v2\/comments?post=196565"}],"version-history":[{"count":0,"href":"http:\/\/www.tvturk.com\/index.php\/wp-json\/wp\/v2\/posts\/196565\/revisions"}],"wp:featuredmedia":[{"embeddable":true,"href":"http:\/\/www.tvturk.com\/index.php\/wp-json\/wp\/v2\/media\/196566"}],"wp:attachment":[{"href":"http:\/\/www.tvturk.com\/index.php\/wp-json\/wp\/v2\/media?parent=196565"}],"wp:term":[{"taxonomy":"category","embeddable":true,"href":"http:\/\/www.tvturk.com\/index.php\/wp-json\/wp\/v2\/categories?post=196565"},{"taxonomy":"post_tag","embeddable":true,"href":"http:\/\/www.tvturk.com\/index.php\/wp-json\/wp\/v2\/tags?post=196565"}],"curies":[{"name":"wp","href":"https:\/\/api.w.org\/{rel}","templated":true}]}}