{"id":196575,"date":"2019-08-27T14:02:37","date_gmt":"2019-08-27T11:02:37","guid":{"rendered":"http:\/\/www.tvturk.com\/index.php\/yeni-malatyaspor-transferde-surprizlere-hazirlaniyor\/"},"modified":"2019-08-27T14:02:37","modified_gmt":"2019-08-27T11:02:37","slug":"yeni-malatyaspor-transferde-surprizlere-hazirlaniyor","status":"publish","type":"post","link":"http:\/\/www.tvturk.com\/index.php\/yeni-malatyaspor-transferde-surprizlere-hazirlaniyor\/","title":{"rendered":"Yeni Malatyaspor transferde s\u00fcrprizlere haz\u0131rlan\u0131yor"},"content":{"rendered":"<p>Yeni Malatyaspor Sportif Direkt\u00f6r\u00fc Ali Ravc\u0131, transferle ilgili yapt\u0131\u011f\u0131 a\u00e7\u0131klamada, \u201cTransfer d\u00f6neminin bitece\u011fi son g\u00fcn ve son saate kadar her \u015fey olabilir. Tek gayemiz alternatifli, forma rekabetinin \u00fcst seviyede oldu\u011fu bir tak\u0131m olu\u015fturabilmek\u201d dedi.<\/p>\n<p>Sportif Direkt\u00f6r Ali Ravc\u0131, tak\u0131mdaki son durum ve transferle ilgili a\u00e7\u0131klamalarda bulundu. Trabzonspor ma\u00e7\u0131nda \u015fans\u0131n yanlar\u0131nda olmad\u0131\u011f\u0131n\u0131 belirten Ravc\u0131, \u00f6nlerindeki Alanyaspor ma\u00e7\u0131n\u0131 kazanarak bu kayb\u0131 telafi etmek istediklerini s\u00f6yledi.<\/p>\n<p>\u201cFutbolumuz pozitif y\u00f6nde seyrediyor\u201d<\/p>\n<p>Yeni Malatyaspor olarak ligde kendilerinden s\u00f6z ettirmek istediklerini belirten Ravc\u0131, \u201cBilindi\u011fi gibi sezona Avrupa ma\u00e7lar\u0131yla ba\u015flad\u0131k. Oradan \u015fanss\u0131z bir \u015fekilde elendik. Daha sonra Ba\u015fak\u015fehir\u2019i saham\u0131zda iyi futbolla ma\u011flup edip iyi bir ba\u015flang\u0131\u00e7 yapt\u0131k. Ge\u00e7en hafta da deplasmanda Trabzonspor\u2019a ma\u011flup olduk. Burada bizi sevindiren nokta oyna\u011f\u0131m\u0131z her ma\u00e7ta da iyi futbol sergilememiz. Gerek Avrupa olsun, gerekse de S\u00fcper Lig olsun futbolumuz pozitif y\u00f6nde seyrediyor. Bu da bizi ileriye daha umutlu bakmaya itiyor. \u0130n\u015fallah bu oyunumuz \u00fcst\u00fcne koyarak devam edecek. Bu hafta saham\u0131zda oynamayaca\u011f\u0131m\u0131z zorlu bir Alanyaspor ma\u00e7\u0131 var. Bu ma\u00e7\u0131 kazanmaktan ba\u015fka d\u00fc\u015f\u00fcncemiz yok.  Taraftar\u0131m\u0131z\u0131n da deste\u011fiyle sahadan 3 puanla ayr\u0131lmak istiyoruz\u201d dedi.<\/p>\n<p>\u201cSon g\u00fcn ve son saate kadar her \u015fey olabilir\u201d<\/p>\n<p>Ravc\u0131, transferdeki son durumla ilgili de konu\u015farak, \u015funlar\u0131 s\u00f6yledi:<\/p>\n<p>\u201cY\u00f6netimimizin ve teknik heyetimizin ortak g\u00f6r\u00fc\u015f\u00fc do\u011frultusunda transfer \u00e7al\u0131\u015fmalar\u0131m\u0131za devam ediyoruz. \u015eu an i\u00e7in ilgilendi\u011fimiz b\u00f6lge, sol bek. Orayla ilgili bir isimle anla\u015ft\u0131k da diyebilirim. Bunun d\u0131\u015f\u0131nda forvet b\u00f6lgesine de bir oyuncu alma d\u00fc\u015f\u00fcncemiz var. Transfer d\u00f6neminin bitece\u011fi son g\u00fcn ve son saate kadar her \u015fey olabilir. Tek gayemiz alternatifli, forma rekabetinin \u00fcst seviyede oldu\u011fu bir tak\u0131m olu\u015fturabilmek.\u201d<\/p>\n","protected":false},"excerpt":{"rendered":"<p>YEN\u0130 MALATYASPOR\u2019UN SPORT\u0130F D\u0130REKT\u00d6R\u00dc AL\u0130 RAVCI, \u201cTRANSFER D\u00d6NEM\u0130N\u0130N B\u0130TECE\u011e\u0130 SON G\u00dcN VE SON SAATE KADAR HER \u015eEY OLAB\u0130L\u0130R. TEK GAYEM\u0130Z ALTERNAT\u0130FL\u0130, FORMA REKABET\u0130N\u0130N \u00dcST SEV\u0130YEDE OLDU\u011eU B\u0130R TAKIM OLU\u015eTURAB\u0130LMEK\u201d DED\u0130.<\/p>\n","protected":false},"author":1,"featured_media":196576,"comment_status":"closed","ping_status":"open","sticky":false,"template":"","format":"standard","meta":{"jetpack_post_was_ever_published":false,"_jetpack_newsletter_access":"","_jetpack_dont_email_post_to_subs":false,"_jetpack_newsletter_tier_id":0,"_jetpack_memberships_contains_paywalled_content":false,"_jetpack_memberships_contains_paid_content":false,"footnotes":"","jetpack_publicize_message":"","jetpack_publicize_feature_enabled":true,"jetpack_social_post_already_shared":true,"jetpack_social_options":{"image_generator_settings":{"template":"highway","default_image_id":0,"font":"","enabled":false},"version":2}},"categories":[657],"tags":[297,528,49376,40050,87],"class_list":["post-196575","post","type-post","status-publish","format-standard","has-post-thumbnail","hentry","category-spor","tag-hazirlaniyor","tag-malatyaspor","tag-surprizlere","tag-transferde","tag-yeni"],"jetpack_publicize_connections":[],"jetpack_featured_media_url":"https:\/\/i0.wp.com\/www.tvturk.com\/wp-content\/uploads\/2019\/08\/yeni-malatyaspor-transferde-surprizlere-hazirlaniyor_8103a39.jpg?fit=1000%2C750","jetpack_sharing_enabled":true,"jetpack_shortlink":"https:\/\/wp.me\/paKIfm-P8z","_links":{"self":[{"href":"http:\/\/www.tvturk.com\/index.php\/wp-json\/wp\/v2\/posts\/196575","targetHints":{"allow":["GET"]}}],"collection":[{"href":"http:\/\/www.tvturk.com\/index.php\/wp-json\/wp\/v2\/posts"}],"about":[{"href":"http:\/\/www.tvturk.com\/index.php\/wp-json\/wp\/v2\/types\/post"}],"author":[{"embeddable":true,"href":"http:\/\/www.tvturk.com\/index.php\/wp-json\/wp\/v2\/users\/1"}],"replies":[{"embeddable":true,"href":"http:\/\/www.tvturk.com\/index.php\/wp-json\/wp\/v2\/comments?post=196575"}],"version-history":[{"count":0,"href":"http:\/\/www.tvturk.com\/index.php\/wp-json\/wp\/v2\/posts\/196575\/revisions"}],"wp:featuredmedia":[{"embeddable":true,"href":"http:\/\/www.tvturk.com\/index.php\/wp-json\/wp\/v2\/media\/196576"}],"wp:attachment":[{"href":"http:\/\/www.tvturk.com\/index.php\/wp-json\/wp\/v2\/media?parent=196575"}],"wp:term":[{"taxonomy":"category","embeddable":true,"href":"http:\/\/www.tvturk.com\/index.php\/wp-json\/wp\/v2\/categories?post=196575"},{"taxonomy":"post_tag","embeddable":true,"href":"http:\/\/www.tvturk.com\/index.php\/wp-json\/wp\/v2\/tags?post=196575"}],"curies":[{"name":"wp","href":"https:\/\/api.w.org\/{rel}","templated":true}]}}