{"id":196603,"date":"2019-08-27T14:46:04","date_gmt":"2019-08-27T11:46:04","guid":{"rendered":"http:\/\/www.tvturk.com\/index.php\/israilli-genclere-toplu-tecavuz-suclamasinda-bulunan-ingiliz-kadin-kefaletle-serbest\/"},"modified":"2019-08-27T14:46:04","modified_gmt":"2019-08-27T11:46:04","slug":"israilli-genclere-toplu-tecavuz-suclamasinda-bulunan-ingiliz-kadin-kefaletle-serbest","status":"publish","type":"post","link":"http:\/\/www.tvturk.com\/index.php\/israilli-genclere-toplu-tecavuz-suclamasinda-bulunan-ingiliz-kadin-kefaletle-serbest\/","title":{"rendered":"\u0130srailli gen\u00e7lere toplu tecav\u00fcz su\u00e7lamas\u0131nda bulunan \u0130ngiliz kad\u0131n, kefaletle serbest"},"content":{"rendered":"<p>G\u00fcney K\u0131br\u0131s\u2019ta bir grup \u0130srailli gencin kendisine tecav\u00fcz etti\u011fini iddia eden, ard\u0131ndan su\u00e7lamas\u0131n\u0131 geri \u00e7eken \u0130ngiliz kad\u0131n, \u00e7\u0131kar\u0131ld\u0131\u011f\u0131 mahkemede bir sonraki duru\u015fmaya kadar kefaletle serbest b\u0131rak\u0131ld\u0131.<\/p>\n<p>G\u00fcney K\u0131br\u0131s\u2019\u0131n e\u011flence merkezi Ayia Napa\u2019da 19 ya\u015f\u0131ndaki \u0130ngiliz kad\u0131n \u00f6nce 12 \u0130srailli turistin kendisine tecav\u00fcz etti\u011fini iddia etmi\u015f ard\u0131ndan da su\u00e7lamay\u0131 geri \u00e7ekmi\u015f bunun \u00fczerine polis taraf\u0131ndan g\u00f6zalt\u0131na al\u0131nm\u0131\u015ft\u0131. Su\u00e7lamay\u0131 geri \u00e7eken kad\u0131n hakk\u0131nda iftira atmaktan Temmuz ay\u0131nda soru\u015fturma a\u00e7\u0131lm\u0131\u015ft\u0131. Paralimni mahkemesinde bug\u00fcn g\u00f6r\u00fclen davada, hakim, \u0130ngiliz kad\u0131n\u0131n kefaletle serbest b\u0131rak\u0131lmas\u0131na h\u00fckmedip, bir sonraki duru\u015fman\u0131n 2 Ekim\u2019de g\u00f6r\u00fclece\u011fini duyurdu.<\/p>\n<p>\u0130ngiliz kad\u0131n\u0131n genel zarar kapsam\u0131nda en fazla 1 y\u0131l hapis cezas\u0131 veya para cezas\u0131na \u00e7arpt\u0131r\u0131lmas\u0131 bekleniyor.<\/p>\n<p>Kad\u0131n\u0131n su\u00e7lamas\u0131 \u00fczerine g\u00f6zalt\u0131na al\u0131nan \u0130srailliler A\u011fustos ay\u0131n\u0131n ba\u015f\u0131nda serbest b\u0131rak\u0131larak \u00fclkelerine geri d\u00f6nm\u00fc\u015ft\u00fc.<\/p>\n","protected":false},"excerpt":{"rendered":"<p>G\u00dcNEY KIBRIS\u2019TA B\u0130R GRUP \u0130SRA\u0130LL\u0130 GENC\u0130N KEND\u0130S\u0130NE TECAV\u00dcZ ETT\u0130\u011e\u0130N\u0130 \u0130DD\u0130A EDEN, ARDINDAN SU\u00c7LAMASINI GER\u0130 \u00c7EKEN \u0130NG\u0130L\u0130Z KADIN, \u00c7IKARILDI\u011eI MAHKEMEDE B\u0130R SONRAK\u0130 DURU\u015eMAYA KADAR KEFALETLE SERBEST BIRAKILDI.<\/p>\n","protected":false},"author":1,"featured_media":196604,"comment_status":"closed","ping_status":"open","sticky":false,"template":"","format":"standard","meta":{"jetpack_post_was_ever_published":false,"_jetpack_newsletter_access":"","_jetpack_dont_email_post_to_subs":false,"_jetpack_newsletter_tier_id":0,"_jetpack_memberships_contains_paywalled_content":false,"_jetpack_memberships_contains_paid_content":false,"footnotes":"","jetpack_publicize_message":"","jetpack_publicize_feature_enabled":true,"jetpack_social_post_already_shared":true,"jetpack_social_options":{"image_generator_settings":{"template":"highway","default_image_id":0,"font":"","enabled":false},"version":2}},"categories":[10],"tags":[1834,4624,4656,29162,108,12760,594,49383,21483,1349],"class_list":["post-196603","post","type-post","status-publish","format-standard","has-post-thumbnail","hentry","category-dunya","tag-bulunan","tag-genclere","tag-ingiliz","tag-israilli","tag-kadin","tag-kefaletle","tag-serbest","tag-suclamasinda","tag-tecavuz","tag-toplu"],"jetpack_publicize_connections":[],"jetpack_featured_media_url":"https:\/\/i0.wp.com\/www.tvturk.com\/wp-content\/uploads\/2019\/08\/israilli-genclere-toplu-tecavuz-suclamasinda-bulunan-ingiliz-kadin-kefaletle-serbest_8950313.jpg?fit=1000%2C699","jetpack_sharing_enabled":true,"jetpack_shortlink":"https:\/\/wp.me\/paKIfm-P91","_links":{"self":[{"href":"http:\/\/www.tvturk.com\/index.php\/wp-json\/wp\/v2\/posts\/196603","targetHints":{"allow":["GET"]}}],"collection":[{"href":"http:\/\/www.tvturk.com\/index.php\/wp-json\/wp\/v2\/posts"}],"about":[{"href":"http:\/\/www.tvturk.com\/index.php\/wp-json\/wp\/v2\/types\/post"}],"author":[{"embeddable":true,"href":"http:\/\/www.tvturk.com\/index.php\/wp-json\/wp\/v2\/users\/1"}],"replies":[{"embeddable":true,"href":"http:\/\/www.tvturk.com\/index.php\/wp-json\/wp\/v2\/comments?post=196603"}],"version-history":[{"count":0,"href":"http:\/\/www.tvturk.com\/index.php\/wp-json\/wp\/v2\/posts\/196603\/revisions"}],"wp:featuredmedia":[{"embeddable":true,"href":"http:\/\/www.tvturk.com\/index.php\/wp-json\/wp\/v2\/media\/196604"}],"wp:attachment":[{"href":"http:\/\/www.tvturk.com\/index.php\/wp-json\/wp\/v2\/media?parent=196603"}],"wp:term":[{"taxonomy":"category","embeddable":true,"href":"http:\/\/www.tvturk.com\/index.php\/wp-json\/wp\/v2\/categories?post=196603"},{"taxonomy":"post_tag","embeddable":true,"href":"http:\/\/www.tvturk.com\/index.php\/wp-json\/wp\/v2\/tags?post=196603"}],"curies":[{"name":"wp","href":"https:\/\/api.w.org\/{rel}","templated":true}]}}