{"id":196613,"date":"2019-08-27T15:01:24","date_gmt":"2019-08-27T12:01:24","guid":{"rendered":"http:\/\/www.tvturk.com\/index.php\/netanyahudan-israili-tehdit-eden-nasrallaha-uyari-sakin-ol\/"},"modified":"2019-08-27T15:01:24","modified_gmt":"2019-08-27T12:01:24","slug":"netanyahudan-israili-tehdit-eden-nasrallaha-uyari-sakin-ol","status":"publish","type":"post","link":"http:\/\/www.tvturk.com\/index.php\/netanyahudan-israili-tehdit-eden-nasrallaha-uyari-sakin-ol\/","title":{"rendered":"Netanyahu\u2019dan \u0130srail\u2019i tehdit eden Nasrallah\u2019a uyar\u0131: \u201cSakin ol\u201d"},"content":{"rendered":"<p>\u0130srail Ba\u015fbakan\u0131 Binyamin Netanyahu, L\u00fcbnan\u2019a sald\u0131ran \u0130srail\u2019e kar\u015f\u0131 cevap haz\u0131rlad\u0131\u011f\u0131n\u0131 s\u00f6yleyen Hizbullah Lideri Hasan Nasrallah\u2019\u0131 \u201csakinle\u015fmesi\u201d konusunda uyard\u0131.<\/p>\n<p>\u0130srail sava\u015f u\u00e7aklar\u0131n\u0131n L\u00fcbnan s\u0131n\u0131r\u0131nda bir noktay\u0131 ve ba\u015fkent Beyrut\u2019ta iki noktay\u0131 hedef almas\u0131 \u00fczerine L\u00fcbnan Cumhurba\u015fkan\u0131 Michel Aoun ve Hizbullah lideri Hasan Nasrallah, \u0130srail\u2019i agresif eylemleri nedeniyle uyarm\u0131\u015ft\u0131. Hizbullah lideri Nasrallah\u2019\u0131n \u0130srail\u2019i a\u00e7\u0131k\u00e7a tehdit etmesi \u00fczerine a\u00e7\u0131klamalarda bulunan \u0130srail Ba\u015fbakan\u0131 Binyamin Netanyahu, kar\u015f\u0131 taraf\u0131 s\u00fckunete davet etti. Netanyahu a\u00e7\u0131klamas\u0131nda, \u201cNasrallah\u2019\u0131n ne dedi\u011fini duydum. Nasrallah\u2019a sakinle\u015fmesini \u00f6neririm. Nasrallah, \u0130srail\u2019in kendisini nas\u0131l savunaca\u011f\u0131n\u0131 ve d\u00fc\u015fmanlar\u0131ndan nas\u0131l \u00f6\u00e7 alaca\u011f\u0131n\u0131 iyi biliyor\u201d dedi.<\/p>\n<p>Nasrallah, \u0130srail\u2019in hava sald\u0131r\u0131s\u0131 nedeniyle, \u201c\u0130srail ordusuna bu geceden itibaren s\u0131n\u0131rda uyan\u0131k durmalar\u0131n\u0131 s\u00f6yl\u00fcyorum. Bir, iki, \u00fc\u00e7, d\u00f6rt, g\u00fcn bizi bekleyin\u201d demi\u015fti.<\/p>\n<p>L\u00fcbnan\u2019a d\u00fczenlenen hava sald\u0131r\u0131s\u0131nda 3 farkl\u0131 insans\u0131z hava arac\u0131 kullan\u0131ld\u0131. \u0130HA\u2019lardan biri d\u00fc\u015ferken, di\u011fer ikisi de Beyrut \u015fehrinde bulunan Hizbullah\u2019a ait bir medya merkezine sald\u0131rd\u0131.<\/p>\n","protected":false},"excerpt":{"rendered":"<p>\u0130SRA\u0130L BA\u015eBAKANI B\u0130NYAM\u0130N NETANYAHU, L\u00dcBNAN\u2019A SALDIRAN \u0130SRA\u0130L\u2019E KAR\u015eI CEVAP HAZIRLADI\u011eINI S\u00d6YLEYEN H\u0130ZBULLAH L\u0130DER\u0130 HASAN NASRALLAH\u2019I \u201cSAK\u0130NLE\u015eMES\u0130\u201d KONUSUNDA UYARDI.<\/p>\n","protected":false},"author":1,"featured_media":196614,"comment_status":"closed","ping_status":"open","sticky":false,"template":"","format":"standard","meta":{"jetpack_post_was_ever_published":false,"_jetpack_newsletter_access":"","_jetpack_dont_email_post_to_subs":false,"_jetpack_newsletter_tier_id":0,"_jetpack_memberships_contains_paywalled_content":false,"_jetpack_memberships_contains_paid_content":false,"footnotes":"","jetpack_publicize_message":"","jetpack_publicize_feature_enabled":true,"jetpack_social_post_already_shared":true,"jetpack_social_options":{"image_generator_settings":{"template":"highway","default_image_id":0,"font":"","enabled":false},"version":2}},"categories":[10],"tags":[2393,35137,49388,21862,15908,17672,8054,4084],"class_list":["post-196613","post","type-post","status-publish","format-standard","has-post-thumbnail","hentry","category-dunya","tag-eden","tag-israili","tag-nasrallaha","tag-netanyahudan","tag-ol","tag-sakin","tag-tehdit","tag-uyari"],"jetpack_publicize_connections":[],"jetpack_featured_media_url":"https:\/\/i0.wp.com\/www.tvturk.com\/wp-content\/uploads\/2019\/08\/netanyahudan-israili-tehdit-eden-nasrallaha-uyari-sakin-ol_15fed5f.jpg?fit=1000%2C666","jetpack_sharing_enabled":true,"jetpack_shortlink":"https:\/\/wp.me\/paKIfm-P9b","_links":{"self":[{"href":"http:\/\/www.tvturk.com\/index.php\/wp-json\/wp\/v2\/posts\/196613","targetHints":{"allow":["GET"]}}],"collection":[{"href":"http:\/\/www.tvturk.com\/index.php\/wp-json\/wp\/v2\/posts"}],"about":[{"href":"http:\/\/www.tvturk.com\/index.php\/wp-json\/wp\/v2\/types\/post"}],"author":[{"embeddable":true,"href":"http:\/\/www.tvturk.com\/index.php\/wp-json\/wp\/v2\/users\/1"}],"replies":[{"embeddable":true,"href":"http:\/\/www.tvturk.com\/index.php\/wp-json\/wp\/v2\/comments?post=196613"}],"version-history":[{"count":0,"href":"http:\/\/www.tvturk.com\/index.php\/wp-json\/wp\/v2\/posts\/196613\/revisions"}],"wp:featuredmedia":[{"embeddable":true,"href":"http:\/\/www.tvturk.com\/index.php\/wp-json\/wp\/v2\/media\/196614"}],"wp:attachment":[{"href":"http:\/\/www.tvturk.com\/index.php\/wp-json\/wp\/v2\/media?parent=196613"}],"wp:term":[{"taxonomy":"category","embeddable":true,"href":"http:\/\/www.tvturk.com\/index.php\/wp-json\/wp\/v2\/categories?post=196613"},{"taxonomy":"post_tag","embeddable":true,"href":"http:\/\/www.tvturk.com\/index.php\/wp-json\/wp\/v2\/tags?post=196613"}],"curies":[{"name":"wp","href":"https:\/\/api.w.org\/{rel}","templated":true}]}}