{"id":196629,"date":"2019-08-27T15:16:38","date_gmt":"2019-08-27T12:16:38","guid":{"rendered":"http:\/\/www.tvturk.com\/index.php\/koca-siddetine-maruz-kalan-kadinlarin-guc-birligi\/"},"modified":"2019-08-27T15:16:38","modified_gmt":"2019-08-27T12:16:38","slug":"koca-siddetine-maruz-kalan-kadinlarin-guc-birligi","status":"publish","type":"post","link":"http:\/\/www.tvturk.com\/index.php\/koca-siddetine-maruz-kalan-kadinlarin-guc-birligi\/","title":{"rendered":"Koca \u015fiddetine maruz kalan kad\u0131nlar\u0131n g\u00fc\u00e7 birli\u011fi"},"content":{"rendered":"<p>Gaziantep\u2019te, 2 y\u0131l \u00f6nce kocas\u0131 taraf\u0131ndan u\u011frad\u0131\u011f\u0131 silahl\u0131 sald\u0131r\u0131 sonucu karn\u0131ndaki bebe\u011fi ile bir baca\u011f\u0131n\u0131 kaybeden \u00c7a\u011flar A\u015f\u0131k, ge\u00e7en Cuma gecesi kocas\u0131 taraf\u0131ndan hastanede b\u0131\u00e7akl\u0131 sald\u0131r\u0131ya u\u011frayan G\u00fcldane Y\u0131rt\u0131c\u0131\u2019y\u0131 evinde ziyaret etti. Gen\u00e7 kad\u0131n\u0131n ya\u015fad\u0131\u011f\u0131 ac\u0131lara ortak olan A\u015f\u0131k, Y\u0131rt\u0131c\u0131\u2019n\u0131n elini biran olsun b\u0131rakmayarak moral verdi.<\/p>\n<p>Ge\u00e7en Cuma gecesi Gaziantep\u2019te do\u011fum yapt\u0131ktan sonra kocas\u0131 taraf\u0131ndan b\u0131\u00e7akl\u0131 sald\u0131r\u0131ya u\u011frayan ve \u015fans eseri hayatta kalan G\u00fcldane Y\u0131rt\u0131c\u0131\u2019y\u0131 hasta yata\u011f\u0131nda teselli etme g\u00f6revi, ayn\u0131 ac\u0131lar\u0131 ve olaylar\u0131 daha \u00f6nce ya\u015fam\u0131\u015f olan \u00c7a\u011flar A\u015f\u0131k\u2019a d\u00fc\u015ft\u00fc. T\u0131pk\u0131 G\u00fcldane Y\u0131rt\u0131c\u0131 gibi kocas\u0131 taraf\u0131ndan sald\u0131r\u0131ya u\u011frayan ve bir baca\u011f\u0131n\u0131 kaybeden \u00c7a\u011flar A\u015f\u0131k, bug\u00fcn hastaneden taburcu olan Y\u0131rt\u0131c\u0131\u2019y\u0131 evinde ziyaret etti. Yeni do\u011fum yapan Y\u0131rt\u0131c\u0131\u2019n\u0131n elini s\u0131ms\u0131k\u0131 tutan ve bir an olsun b\u0131rakmayan A\u015f\u0131k, Y\u0131rt\u0131c\u0131\u2019n\u0131n bebe\u011fini de kuca\u011f\u0131na alarak sevdi.<\/p>\n<p>1 bu\u00e7uk ayl\u0131k hamileyken e\u015finin kendisini b\u0131\u00e7aklamas\u0131 sonucu bebe\u011fini kaybetti\u011fini hat\u0131rlatan A\u015f\u0131k, \u201cBenim \u00e7ocu\u011fum olsayd\u0131 1 bu\u00e7uk ya\u015f\u0131nda olacakt\u0131 ama ben onu kendi ellerimle topra\u011fa verdim. Ama senin bebe\u011fin ya\u015f\u0131yor ve ben inan\u0131yorum ki bu bebek senin yeniden aya\u011fa kalkmana yard\u0131mc\u0131 olacak\u201d diyerek Y\u0131r\u0131t\u0131c\u0131\u2019y\u0131 teselli etti.<\/p>\n<p>\u201c\u00d6nemli olan b\u00f6yle olaylar ya\u015fanmadan \u00f6nlem al\u0131nmas\u0131\u201d<\/p>\n<p>Y\u0131rt\u0131c\u0131\u2019ya ge\u00e7mi\u015f olsun dileklerini ileten \u00c7a\u011flar A\u015f\u0131k, \u201cBiz iyile\u015firiz bir \u015fekilde \u00f6nemli olan niye b\u00f6yle \u015feyler ya\u015f\u0131yoruz, biz kad\u0131nlar niye s\u00fcrekli \u015fiddete maruz kal\u0131yoruz, niye s\u00fcrekli ma\u011fdur oluyoruz? B\u00f6yle olaylardan sonra aya\u011fa kalk\u0131yoruz bir \u015fekilde devletimizin sayesinde, Allah devletimizden raz\u0131 olsun ama \u00f6nemli olan b\u00f6yle olaylar ya\u015fanmadan \u00f6nlem al\u0131nmas\u0131. Biz b\u00f6yle olaylar ya\u015famak zorunda m\u0131y\u0131z\u201d \u015feklinde konu\u015ftu.<\/p>\n<p>\u201c\u0130kimizin de \u00e7ocuklar\u0131 var, onlar i\u00e7in ayakta kalmal\u0131y\u0131z\u201d<\/p>\n<p>G\u00fcldane Y\u0131rt\u0131c\u0131\u2019n\u0131n da t\u0131pk\u0131 kendisi gibi t\u00fcm ac\u0131lar\u0131n\u0131 unutaca\u011f\u0131n\u0131 ve en g\u00fc\u00e7l\u00fc \u015fekilde aya\u011fa kalkaca\u011f\u0131n\u0131 s\u00f6yleyen A\u015f\u0131k, \u201cBuna inan\u0131yorum. \u00c7\u00fcnk\u00fc \u00f6yle olmak zorunday\u0131z. \u0130kimizin de \u00e7ocuklar\u0131 var, onlar i\u00e7in ayakta kalmal\u0131y\u0131z. Ne ya\u015farsak ya\u015fayal\u0131m eskisinden daha g\u00fc\u00e7l\u00fc bir \u015fekilde aya\u011fa kalkal\u0131m, biz onlar i\u00e7in ya\u015f\u0131yoruz\u201d dedi.<\/p>\n<p>\u201cCan\u0131m\u0131z\u0131 yakmay\u0131n\u201d<\/p>\n<p>Devletin kad\u0131nlara \u00e7ok yard\u0131mc\u0131 oldu\u011funu aktaran A\u015f\u0131k, t\u00fcm erkeklere seslenerek, \u201cKad\u0131nlar acizdir, kad\u0131nlar kendilerini savunam\u0131yor, yapmay\u0131n. Sebep ne olursa olsun can\u0131m\u0131z\u0131 yakmay\u0131n. Buradan kad\u0131nlara da sesleniyorum, korkmay\u0131n, devlet her zaman yan\u0131m\u0131zda. Siz her zaman g\u00fc\u00e7l\u00fc durun\u201d ifadelerini kulland\u0131.<\/p>\n<p>A\u015f\u0131k, son olarak bu t\u00fcr olaylar\u0131 yapanlar\u0131n en a\u011f\u0131r \u015fekilde cezaland\u0131r\u0131lmas\u0131 gerekti\u011fini dile getirerek, \u201cCan yakan hi\u00e7bir varl\u0131k affedilmemeli, bunlar da en a\u011f\u0131r \u015fekilde cezaland\u0131r\u0131lmal\u0131\u201d ifadelerine yer verdi.<\/p>\n<p>G\u00fcldane Y\u0131rt\u0131c\u0131: \u201cBebe\u011fimin de benim de durumum iyi\u201d<\/p>\n<p>\u00c7a\u011flar A\u015f\u0131k\u2019\u0131n kendisini ziyaret etmesinden dolay\u0131 mutlu oldu\u011funu ve g\u00fc\u00e7 buldu\u011funu aktaran G\u00fcldane Y\u0131rt\u0131c\u0131 ise hem kendisinin hem de bebe\u011finin sa\u011fl\u0131k durumunun iyi oldu\u011funu belirterek, \u00e7ocuklar\u0131yla bir arada olman\u0131n kendisini rahatlatt\u0131\u011f\u0131n\u0131 ve iyi hissettirdi\u011fini belirtti. Yeni do\u011fan bebe\u011fine \u2019Umut\u2019 ismini verdi\u011fini kaydeden Y\u0131rt\u0131c\u0131, \u201cO benim umudum olacak art\u0131k\u201d dedi.<\/p>\n<p>\u201cHi\u00e7bir anne \u00f6lmesin hi\u00e7bir \u00e7ocuk annesiz kalmas\u0131n\u201d<\/p>\n<p>Y\u0131rt\u0131c\u0131, \u00c7a\u011flar A\u015f\u0131k\u2019a te\u015fekk\u00fcr ederek kad\u0131nlar\u0131n g\u00fc\u00e7 birli\u011fi yapmas\u0131n\u0131n \u00f6nemine de\u011findi. Art\u0131k bu t\u00fcr olaylar\u0131n ya\u015fanmamas\u0131n\u0131 isteyen Y\u0131rt\u0131c\u0131, \u201cBiz kad\u0131nlar birbirimize destek olduk\u00e7a bu zorluklar\u0131n \u00fcstesinden gelebiliriz. Ben burada devletimize de sesleniyorum art\u0131k b\u00f6yle bizim gibi kad\u0131nlar \u015fiddet g\u00f6rmesin bunu yapan insanlar en a\u011f\u0131r cezalarla cezaland\u0131r\u0131ls\u0131n. Hi\u00e7bir anne bebe\u011fini kaybetmesin, Emine Bulutlar gibi hi\u00e7bir anne \u00f6lmesin. Ben \u015fu an kurtuldum ama Emine Bulut gibi kad\u0131nlar \u00f6ld\u00fc ve \u00e7ocuklar annesiz kald\u0131. Hi\u00e7bir anne \u00f6lmesin hi\u00e7bir \u00e7ocuk annesiz kalmas\u0131n\u201d diye konu\u015ftu.<\/p>\n","protected":false},"excerpt":{"rendered":"<p>GAZ\u0130ANTEP\u2019TE, 2 YIL \u00d6NCE KOCASI TARAFINDAN U\u011eRADI\u011eI S\u0130LAHLI SALDIRI SONUCU KARNINDAK\u0130 BEBE\u011e\u0130 \u0130LE B\u0130R BACA\u011eINI KAYBEDEN \u00c7A\u011eLAR I\u015eIK, GE\u00c7EN CUMA GECES\u0130 Y\u0130NE KOCASI TARAFINDAN HASTANEDE BI\u00c7AKLI SALDIRIYA U\u011eRAYAN G\u00dcLDANE YIRTICI\u2019YI EV\u0130NDE Z\u0130YARET ETT\u0130. GEN\u00c7 KADININ YA\u015eADI\u011eI ACILARA ORTAK OLAN A\u015eIK, YIRTICI\u2019NIN EL\u0130N\u0130 B\u0130RAN OLSUN BIRAKMAYARAK MORAL VERD\u0130.<\/p>\n","protected":false},"author":1,"featured_media":196630,"comment_status":"closed","ping_status":"open","sticky":false,"template":"","format":"standard","meta":{"jetpack_post_was_ever_published":false,"_jetpack_newsletter_access":"","_jetpack_dont_email_post_to_subs":false,"_jetpack_newsletter_tier_id":0,"_jetpack_memberships_contains_paywalled_content":false,"_jetpack_memberships_contains_paid_content":false,"footnotes":"","jetpack_publicize_message":"","jetpack_publicize_feature_enabled":true,"jetpack_social_post_already_shared":true,"jetpack_social_options":{"image_generator_settings":{"template":"highway","default_image_id":0,"font":"","enabled":false},"version":2}},"categories":[1],"tags":[668,4650,2098,1274,2154,14568,40785],"class_list":["post-196629","post","type-post","status-publish","format-standard","has-post-thumbnail","hentry","category-genel","tag-birligi","tag-guc","tag-kadinlarin","tag-kalan","tag-koca","tag-maruz","tag-siddetine"],"jetpack_publicize_connections":[],"jetpack_featured_media_url":"https:\/\/i0.wp.com\/www.tvturk.com\/wp-content\/uploads\/2019\/08\/koca-siddetine-maruz-kalan-kadinlarin-guc-birligi_472a848.jpg?fit=1000%2C666","jetpack_sharing_enabled":true,"jetpack_shortlink":"https:\/\/wp.me\/paKIfm-P9r","_links":{"self":[{"href":"http:\/\/www.tvturk.com\/index.php\/wp-json\/wp\/v2\/posts\/196629","targetHints":{"allow":["GET"]}}],"collection":[{"href":"http:\/\/www.tvturk.com\/index.php\/wp-json\/wp\/v2\/posts"}],"about":[{"href":"http:\/\/www.tvturk.com\/index.php\/wp-json\/wp\/v2\/types\/post"}],"author":[{"embeddable":true,"href":"http:\/\/www.tvturk.com\/index.php\/wp-json\/wp\/v2\/users\/1"}],"replies":[{"embeddable":true,"href":"http:\/\/www.tvturk.com\/index.php\/wp-json\/wp\/v2\/comments?post=196629"}],"version-history":[{"count":0,"href":"http:\/\/www.tvturk.com\/index.php\/wp-json\/wp\/v2\/posts\/196629\/revisions"}],"wp:featuredmedia":[{"embeddable":true,"href":"http:\/\/www.tvturk.com\/index.php\/wp-json\/wp\/v2\/media\/196630"}],"wp:attachment":[{"href":"http:\/\/www.tvturk.com\/index.php\/wp-json\/wp\/v2\/media?parent=196629"}],"wp:term":[{"taxonomy":"category","embeddable":true,"href":"http:\/\/www.tvturk.com\/index.php\/wp-json\/wp\/v2\/categories?post=196629"},{"taxonomy":"post_tag","embeddable":true,"href":"http:\/\/www.tvturk.com\/index.php\/wp-json\/wp\/v2\/tags?post=196629"}],"curies":[{"name":"wp","href":"https:\/\/api.w.org\/{rel}","templated":true}]}}