{"id":196633,"date":"2019-08-27T15:17:20","date_gmt":"2019-08-27T12:17:20","guid":{"rendered":"http:\/\/www.tvturk.com\/index.php\/adil-rami-resmen-fenerbahcede\/"},"modified":"2019-08-27T15:17:20","modified_gmt":"2019-08-27T12:17:20","slug":"adil-rami-resmen-fenerbahcede","status":"publish","type":"post","link":"http:\/\/www.tvturk.com\/index.php\/adil-rami-resmen-fenerbahcede\/","title":{"rendered":"Adil Rami resmen Fenerbah\u00e7e\u2019de"},"content":{"rendered":"<p>Fenerbah\u00e7e, Frans\u0131z savunma oyuncusu Adil Rami ile 1+1 y\u0131ll\u0131k s\u00f6zle\u015fme imzaland\u0131\u011f\u0131n\u0131 a\u00e7\u0131klad\u0131.<\/p>\n<p>Sar\u0131-lacivertli kul\u00fcp, ge\u00e7ti\u011fimiz g\u00fcnlerde transfer g\u00f6r\u00fc\u015fmeleri i\u00e7in \u0130stanbul\u2019a gelen 33 ya\u015f\u0131ndaki Frans\u0131z stoper Adil Rami ile resmi s\u00f6zle\u015fme imzaland\u0131\u011f\u0131n\u0131 duyurdu. Deneyimli savunmac\u0131 1+1 y\u0131ll\u0131k s\u00f6zle\u015fmeye imza att\u0131. Kul\u00fcpten yap\u0131lan a\u00e7\u0131klamada, &#8220;Kul\u00fcb\u00fcm\u00fcz, Frans\u0131z savunma oyuncusu Adil Rami ile anla\u015fma sa\u011flad\u0131. Deneyimli stoper ile 1+1 y\u0131ll\u0131k s\u00f6zle\u015fme imzaland\u0131. \u00dclker Stadyumu Fenerbah\u00e7e \u015e\u00fckr\u00fc Saraco\u011flu Spor Kompleksi\u2019nde ger\u00e7ekle\u015ftirilen imza t\u00f6reninde Sportif Direkt\u00f6r\u00fcm\u00fcz Damien Comolli de haz\u0131r bulundu. Adil Rami\u2019ye Fenerbah\u00e7e\u2019ye \u2018ho\u015f geldin\u2019 diyor, sar\u0131-lacivertli forma alt\u0131nda ba\u015far\u0131lar diliyoruz&#8221; ifadelerine yer verildi.<\/p>\n","protected":false},"excerpt":{"rendered":"<p>FENERBAH\u00c7E, FRANSIZ SAVUNMA OYUNCUSU AD\u0130L RAM\u0130 \u0130LE 1+1 YILLIK S\u00d6ZLE\u015eME \u0130MZALANDI\u011eINI A\u00c7IKLADI.<\/p>\n","protected":false},"author":1,"featured_media":196634,"comment_status":"closed","ping_status":"open","sticky":false,"template":"","format":"standard","meta":{"jetpack_post_was_ever_published":false,"_jetpack_newsletter_access":"","_jetpack_dont_email_post_to_subs":false,"_jetpack_newsletter_tier_id":0,"_jetpack_memberships_contains_paywalled_content":false,"_jetpack_memberships_contains_paid_content":false,"footnotes":"","jetpack_publicize_message":"","jetpack_publicize_feature_enabled":true,"jetpack_social_post_already_shared":true,"jetpack_social_options":{"image_generator_settings":{"template":"highway","default_image_id":0,"font":"","enabled":false},"version":2}},"categories":[657],"tags":[5570,8118,23195,7760],"class_list":["post-196633","post","type-post","status-publish","format-standard","has-post-thumbnail","hentry","category-spor","tag-fenerbahcede","tag-adil","tag-rami","tag-resmen"],"jetpack_publicize_connections":[],"jetpack_featured_media_url":"https:\/\/i0.wp.com\/www.tvturk.com\/wp-content\/uploads\/2019\/08\/adil-rami-resmen-fenerbahcede_22d4358.jpg?fit=1000%2C813","jetpack_sharing_enabled":true,"jetpack_shortlink":"https:\/\/wp.me\/paKIfm-P9v","_links":{"self":[{"href":"http:\/\/www.tvturk.com\/index.php\/wp-json\/wp\/v2\/posts\/196633","targetHints":{"allow":["GET"]}}],"collection":[{"href":"http:\/\/www.tvturk.com\/index.php\/wp-json\/wp\/v2\/posts"}],"about":[{"href":"http:\/\/www.tvturk.com\/index.php\/wp-json\/wp\/v2\/types\/post"}],"author":[{"embeddable":true,"href":"http:\/\/www.tvturk.com\/index.php\/wp-json\/wp\/v2\/users\/1"}],"replies":[{"embeddable":true,"href":"http:\/\/www.tvturk.com\/index.php\/wp-json\/wp\/v2\/comments?post=196633"}],"version-history":[{"count":0,"href":"http:\/\/www.tvturk.com\/index.php\/wp-json\/wp\/v2\/posts\/196633\/revisions"}],"wp:featuredmedia":[{"embeddable":true,"href":"http:\/\/www.tvturk.com\/index.php\/wp-json\/wp\/v2\/media\/196634"}],"wp:attachment":[{"href":"http:\/\/www.tvturk.com\/index.php\/wp-json\/wp\/v2\/media?parent=196633"}],"wp:term":[{"taxonomy":"category","embeddable":true,"href":"http:\/\/www.tvturk.com\/index.php\/wp-json\/wp\/v2\/categories?post=196633"},{"taxonomy":"post_tag","embeddable":true,"href":"http:\/\/www.tvturk.com\/index.php\/wp-json\/wp\/v2\/tags?post=196633"}],"curies":[{"name":"wp","href":"https:\/\/api.w.org\/{rel}","templated":true}]}}