{"id":196649,"date":"2019-08-27T15:46:37","date_gmt":"2019-08-27T12:46:37","guid":{"rendered":"http:\/\/www.tvturk.com\/index.php\/sozenden-chp-ve-hdpye-sert-elestiri\/"},"modified":"2019-08-27T15:46:37","modified_gmt":"2019-08-27T12:46:37","slug":"sozenden-chp-ve-hdpye-sert-elestiri","status":"publish","type":"post","link":"http:\/\/www.tvturk.com\/index.php\/sozenden-chp-ve-hdpye-sert-elestiri\/","title":{"rendered":"S\u00f6zen\u2019den CHP ve HDP\u2019ye sert ele\u015ftiri:"},"content":{"rendered":"<p>Anadolu G\u00fcvenlik Korucular\u0131 ve \u015eehit Aileleri Konfederasyonu Genel Ba\u015fkan\u0131 Ziya S\u00f6zen, Mardin\u2019e gelerek \u0130\u00e7i\u015fleri Bakanl\u0131\u011f\u0131 taraf\u0131ndan g\u00f6revlendirme yap\u0131lan Mardin Valisi ve B\u00fcy\u00fck\u015fehir Belediye Ba\u015fkan Vekili Mustafa Yaman\u2019\u0131 ziyaret ederek \u00e7al\u0131\u015fmalar\u0131nda ba\u015far\u0131lar diledi. S\u00f6zen, HDP\u2019nin su\u00e7luluk psikolojisi ile alg\u0131 operasyonu y\u00fcr\u00fctt\u00fc\u011f\u00fcn\u00fc ifade ederek CHP\u2019li heyet ve Muharrem \u0130nce\u2019nin \u015fehit ailelerini ve o\u011flunu da\u011fda ter\u00f6r \u00f6rg\u00fct\u00fcn\u00fcn elinden kurtaran Hacire anneyi ziyaret etmemesine tepki g\u00f6sterdi.<\/p>\n<p>Mardin Valisi ve B\u00fcy\u00fck\u015fehir Belediye Ba\u015fkan Vekili Mustafa Yaman\u2019a hay\u0131rl\u0131 olsun ziyareti kapsam\u0131nda kente gelen Anadolu G\u00fcvenlik Korucular\u0131 ve \u015eehit Aileleri Konfederasyonu Genel Ba\u015fkan\u0131 Ziya S\u00f6zen, Vali Yaman\u2019a yeni g\u00f6revinde ba\u015far\u0131lar diledi. S\u00f6zen daha sonra T\u00fcrkiye G\u00fcvenlik Korucular\u0131 ve \u015eehit Aileleri Federasyonu Ba\u015fkan\u0131 Orhan Kandemir ile 15 Temmuz Demokrasi \u015eehitleri, Gazi ve Ter\u00f6r Ma\u011fdurlar\u0131 Derne\u011fi Ba\u015fkan\u0131 Hatice Turan Kandemir ile birlikte bas\u0131n a\u00e7\u0131klamas\u0131 yapt\u0131. S\u00f6zen a\u00e7\u0131klamas\u0131nda HDP ve CHP\u2019lileri sert bir dille ele\u015ftirerek Ahmet T\u00fcrk\u2019ten ter\u00f6r \u00f6rg\u00fctlerine yapt\u0131\u011f\u0131 yard\u0131mlar\u0131n belgelerini a\u00e7\u0131klamas\u0131n\u0131 istedi.<\/p>\n<p>\u2019\u2019PKK\u2019ya g\u00f6nderdi\u011finiz yard\u0131m paralar\u0131n\u0131n da belgelerini yay\u0131nlamalar\u0131n\u0131 bekliyoruz\u2019\u2019<\/p>\n<p>Mardin, Diyarbak\u0131r Van\u2019a belediye ba\u015fkanlar\u0131 atanmas\u0131n\u0131n ard\u0131ndan yo\u011fun bir kara propaganda yap\u0131ld\u0131\u011f\u0131n\u0131 belirten S\u00f6zen, \u2019\u2019Bu kapsamda Mardin Valimize y\u00f6nelik bir tak\u0131m belgeler yay\u0131nl\u0131yorlar. Asl\u0131nda bu belgeler ile Mardinli vatanda\u015flar\u0131m\u0131za hakaret ediyorlar. Mardin halk\u0131 vatansever ve misafirperverdir. Buraya gelen insanlara devlet gelene\u011fi i\u00e7inde bir tak\u0131m sembolik hediyeleri g\u00fcndeme getirerek halk\u0131m\u0131z\u0131n misafirperverli\u011fine g\u00f6lge d\u00fc\u015f\u00fcr\u00fcyor. Biz bu anlamda \u015fu soruyu sormak istiyoruz, PKK\u2019ya g\u00f6nderdi\u011finiz yard\u0131m paralar\u0131n\u0131n da belgelerini yay\u0131nlamalar\u0131n\u0131 istiyoruz. PKK\u2019ya mali kaynak aktaran HDP\u2019li belediyeler kendi ay\u0131plar\u0131n\u0131 kusurlar\u0131n\u0131 \u00f6rtmek i\u00e7in bug\u00fcn ucuz politikalar pe\u015finde kendilerine yak\u0131\u015fan\u0131 yap\u0131yorlar. HDP\u2019nin belediyelerin PKK\u2019ya yapt\u0131klar\u0131 yard\u0131mlar\u0131 biz gayet iyi biliyoruz\u2019\u2019 dedi.<\/p>\n<p>CHP\u2019li ve HDP\u2019li y\u00f6neticilere tepki<\/p>\n<p>CHP\u2019li Muharrem \u0130nce ve beraberindeki heyetin HDP\u2019li Ahmet T\u00fcrk ziyaretini de ele\u015ftiren S\u00f6zen, konu\u015fmas\u0131na \u015f\u00f6yle devam etti:<\/p>\n<p>&#8220;D\u00fcn biz \u015fehit aileleri ve gazileri \u00fczen inciten bir di\u011fer husus ana muhalefet partisinin tak\u0131nd\u0131\u011f\u0131 tutum bizleri rahats\u0131z ediyor. Mardin\u2019e gelen \u0130nce g\u00f6revden al\u0131nan ve su\u00e7 dosyas\u0131 kabar\u0131k Ahmet T\u00fcrk\u2019\u00fc HDP binas\u0131nda ziyaret ederek kendisine yolda\u015f\u0131m, arkada\u015f\u0131m demesi her t\u00fcrl\u00fc deste\u011fi kendilerine sunmu\u015ftur. Mardin\u2019e gelen CHP vekilleri herhangi bir \u015fehit ve gazi ailemizi evinde ziyaret etmi\u015fler midir? Yol arkada\u015f\u0131m yolda\u015f\u0131m dedikleri ki\u015filerle bir beraberlik ya\u015famaktad\u0131rlar. Bu yolda\u015fl\u0131klar\u0131n\u0131 gizlemelerine gerek yok. \u0130stanbul se\u00e7imlerinde beraber hareket ettiniz. Adalet y\u00fcr\u00fcy\u00fc\u015f\u00fcnde kol kala y\u00fcr\u00fcd\u00fcn\u00fcz. Arkada\u015fl\u0131k hukuklar\u0131n\u0131 ortakl\u0131klar\u0131n\u0131 resmiyete d\u00f6ks\u00fcnler. Biz HDP\u2019li belediyelere destek sunan CHP\u2019lileri s\u00f6zde ayd\u0131nlar\u0131 bir kez daha k\u0131n\u0131yoruz. CHP\u2019nin bu ziyaretleri ile HDP ile ortakl\u0131klar\u0131 resmile\u015fmi\u015ftir. Biz bu ba\u011flamda Mardin B\u00fcy\u00fck\u015fehir Belediye Ba\u015fkan Vekil Yaman\u2019\u0131n kentin huzuru karde\u015fli\u011fi olarak verdi\u011fi deste\u011fe inan\u0131yoruz. Valimizin yan\u0131nday\u0131z ve her hizmette kendisini bu ba\u011flamda konfederasyonumuz olarak destekliyoruz.\u2019\u2019<\/p>\n<p>\u2019\u2019\u015eehit aileleri i\u015ften \u00e7\u0131kar\u0131nca CHP vekilleri Mardin\u2019e gelmedi\u2019\u2019<\/p>\n<p>Son iki g\u00fcnde Vali Yaman\u2019a y\u00f6nelik yap\u0131lan mesnetsiz a\u00e7\u0131klamalar\u0131n ard\u0131nda su\u00e7luluk psikolojinin yap\u0131ld\u0131\u011f\u0131n\u0131 dile getiren S\u00f6zen, \u015fu ifadeleri kulland\u0131:<\/p>\n<p>\u2019\u2019Bunlar\u0131n yapt\u0131klar\u0131 faaliyetler nitelendi\u011finde PKK\u2019ya yapt\u0131\u011f\u0131 yard\u0131m yatakl\u0131k yat\u0131yor. Valilik \u0130\u00e7i\u015fleri Bakanl\u0131\u011f\u0131n\u0131n ve Say\u0131\u015ftay denetimlerine tabidir. Bu denetimleri isteyenler kendi d\u00f6nemlerinin sorgulanmas\u0131n\u0131 ve denetlenmesini ve g\u00f6revden al\u0131nmalar\u0131n\u0131 antidemokratik olarak nitelendirmektedirler. HDP\u2019liller ve CHP\u2019liller son zamanlar ayn\u0131 a\u011fz\u0131 kullan\u0131yorlar. S\u00f6z konusu PKK\u2019l\u0131lar olunca s\u00f6z konusu PKK yanda\u015flar\u0131 olunca demokrasi ve insan haklar\u0131 oluyor ama s\u00f6z konusu vatansever insanlar\u0131n haklar\u0131n\u0131n imkanlar\u0131 elinden al\u0131n\u0131nca o zaman demokrasi bir kenara rafa kald\u0131r\u0131yorlar. Burada onca \u015fehit ve gazi ailelerimiz Ahmet T\u00fcrk g\u00f6reve gelir gelmez i\u015ften al\u0131nca hi\u00e7bir CHP milletvekili yada Mardin CHP y\u00f6netimi gelip o \u015fehit ailelerimizin yan\u0131nda durdu\u011funa \u015fahit olmad\u0131k. Ama s\u00f6z konusu antidemokratik y\u00f6ntemlerle i\u015flerine son verildi\u011finde herkesi ilgilendiren kavramlar\u0131 hat\u0131rl\u0131yorlar.\u2019\u2019<\/p>\n<p>\u2019\u2019Diyarbak\u0131r\u2019da o\u011flunu ter\u00f6r \u00f6rg\u00fct\u00fcn\u00fcn elinden kurtaran anneye y\u0131l\u0131n annesi \u00f6d\u00fcl\u00fc verilmeli\u2019\u2019<\/p>\n<p>Diyarbak\u0131r\u2019da evlad\u0131n\u0131 ter\u00f6r \u00f6rg\u00fct\u00fcnden kurtaran Hacire anneye y\u0131l\u0131n annesi \u00f6d\u00fcl\u00fc verilmesi gerekti\u011fini ve CHP\u2019lillerin de ziyaret etme gere\u011fi duymad\u0131\u011f\u0131n\u0131 hat\u0131rlatan vurgulayan S\u00f6zen, \u2019\u2019Bu anne y\u0131l\u0131n annesi se\u00e7ilmesi gerekir. Bu annenin bu evlad\u0131na sahip \u00e7\u0131kan hareketleri kar\u015f\u0131nda g\u00f6revden al\u0131nan Ahmet T\u00fcrk\u2019\u00fc ziyaret edenleri anneyi ziyaret ederken g\u00f6rmedik. Bu annenin g\u00f6sterdi\u011fi dik duru\u015f ve cesaret sergilemeyenler. Biz demokrasi ve insan haklar\u0131ndan bahsedenleri Diyarbak\u0131r da o anneyi ziyaret etmeye de bekliyoruz\u2019\u2019 diye konu\u015ftu.<\/p>\n","protected":false},"excerpt":{"rendered":"<p>ANADOLU G\u00dcVENL\u0130K KORUCULARI VE \u015eEH\u0130T A\u0130LELER\u0130 KONFEDERASYONU GENEL BA\u015eKANI Z\u0130YA S\u00d6ZEN (ORTADA), CHP\u2019L\u0130 HEYET VE MUHARREM \u0130NCE\u2019N\u0130N \u015eEH\u0130T A\u0130LELER\u0130N\u0130 VE O\u011eLUNU DA\u011eDA TER\u00d6R \u00d6RG\u00dcT\u00dcN\u00dcN EL\u0130NDEN KURTARAN HAC\u0130RE ANNEY\u0130 Z\u0130YARET ETMEMES\u0130NE TEPK\u0130 G\u00d6STERD\u0130.<\/p>\n","protected":false},"author":1,"featured_media":196650,"comment_status":"closed","ping_status":"open","sticky":false,"template":"","format":"standard","meta":{"jetpack_post_was_ever_published":false,"_jetpack_newsletter_access":"","_jetpack_dont_email_post_to_subs":false,"_jetpack_newsletter_tier_id":0,"_jetpack_memberships_contains_paywalled_content":false,"_jetpack_memberships_contains_paid_content":false,"footnotes":"","jetpack_publicize_message":"","jetpack_publicize_feature_enabled":true,"jetpack_social_post_already_shared":true,"jetpack_social_options":{"image_generator_settings":{"template":"highway","default_image_id":0,"font":"","enabled":false},"version":2}},"categories":[1],"tags":[20958,30,8795,3503,12194],"class_list":["post-196649","post","type-post","status-publish","format-standard","has-post-thumbnail","hentry","category-genel","tag-hdpye","tag-chp","tag-elestiri","tag-sert","tag-sozenden"],"jetpack_publicize_connections":[],"jetpack_featured_media_url":"https:\/\/i0.wp.com\/www.tvturk.com\/wp-content\/uploads\/2019\/08\/sozenden-chp-ve-hdpye-sert-elestiri_249ffc0.jpg?fit=1000%2C750","jetpack_sharing_enabled":true,"jetpack_shortlink":"https:\/\/wp.me\/paKIfm-P9L","_links":{"self":[{"href":"http:\/\/www.tvturk.com\/index.php\/wp-json\/wp\/v2\/posts\/196649","targetHints":{"allow":["GET"]}}],"collection":[{"href":"http:\/\/www.tvturk.com\/index.php\/wp-json\/wp\/v2\/posts"}],"about":[{"href":"http:\/\/www.tvturk.com\/index.php\/wp-json\/wp\/v2\/types\/post"}],"author":[{"embeddable":true,"href":"http:\/\/www.tvturk.com\/index.php\/wp-json\/wp\/v2\/users\/1"}],"replies":[{"embeddable":true,"href":"http:\/\/www.tvturk.com\/index.php\/wp-json\/wp\/v2\/comments?post=196649"}],"version-history":[{"count":0,"href":"http:\/\/www.tvturk.com\/index.php\/wp-json\/wp\/v2\/posts\/196649\/revisions"}],"wp:featuredmedia":[{"embeddable":true,"href":"http:\/\/www.tvturk.com\/index.php\/wp-json\/wp\/v2\/media\/196650"}],"wp:attachment":[{"href":"http:\/\/www.tvturk.com\/index.php\/wp-json\/wp\/v2\/media?parent=196649"}],"wp:term":[{"taxonomy":"category","embeddable":true,"href":"http:\/\/www.tvturk.com\/index.php\/wp-json\/wp\/v2\/categories?post=196649"},{"taxonomy":"post_tag","embeddable":true,"href":"http:\/\/www.tvturk.com\/index.php\/wp-json\/wp\/v2\/tags?post=196649"}],"curies":[{"name":"wp","href":"https:\/\/api.w.org\/{rel}","templated":true}]}}