{"id":196661,"date":"2019-08-27T16:02:04","date_gmt":"2019-08-27T13:02:04","guid":{"rendered":"http:\/\/www.tvturk.com\/index.php\/ozel-binali-yildirim-kendi-kullandigi-aracla-nemruta-cikti\/"},"modified":"2019-08-27T16:02:04","modified_gmt":"2019-08-27T13:02:04","slug":"ozel-binali-yildirim-kendi-kullandigi-aracla-nemruta-cikti","status":"publish","type":"post","link":"http:\/\/www.tvturk.com\/index.php\/ozel-binali-yildirim-kendi-kullandigi-aracla-nemruta-cikti\/","title":{"rendered":"(\u00d6zel) Binali Y\u0131ld\u0131r\u0131m kendi kulland\u0131\u011f\u0131 ara\u00e7la Nemrut\u2019a \u00e7\u0131kt\u0131"},"content":{"rendered":"<p>T\u00fcrkiye\u2019nin son Ba\u015fbakan\u0131, T\u00fcrkiye B\u00fcy\u00fck Millet Meclisi (TBMM) eski Ba\u015fkan\u0131 Binali Y\u0131ld\u0131r\u0131m, kendisi kulland\u0131\u011f\u0131 ara\u00e7la Nemrut Krater G\u00f6l\u00fc\u2019ne \u00e7\u0131kt\u0131.<\/p>\n<p>Gezi ve incelemelerde bulunmak \u00fczere Bitlis\u2019e geleni son Ba\u015fbakan\u0131 Binali Y\u0131ld\u0131r\u0131m, Nemrut Krater G\u00f6l\u00fc\u2019ne giderken arac\u0131 kendisi kulland\u0131. Yan\u0131nda bulunan AK Parti Bitlis Milletvekili Vahit Kiler ile sohbet ederek Nemrut Krater G\u00f6l\u00fc\u2019ne giden Y\u0131ld\u0131r\u0131m, yolcuktan b\u00fcy\u00fck keyif ald\u0131\u011f\u0131n\u0131 s\u00f6yledi.<\/p>\n<p>Nemrut Krater G\u00f6l\u00fcn\u00fcn ve Da\u011f\u0131n\u0131n 7 bin y\u0131ll\u0131k Bitlis tarihinde \u00e7ok \u00f6nemli bir yere sahip oldu\u011funu ifade eden Y\u0131ld\u0131r\u0131m,  \u201cNemrut 7 bin y\u0131ll\u0131k Bitlis tarihi i\u00e7erisinde \u00f6nemli bir yere sahip. Nemrut Krater G\u00f6l\u00fc en son kay\u0131tlara g\u00f6re bin 440 y\u0131l\u0131nda lav p\u00fcsk\u00fcrtmeye ba\u015flam\u0131\u015f o g\u00fcnden bug\u00fcne kadar da gayri faal durumda. Ancak 12 kilometrekareyi bulan g\u00f6l\u00fcn etraf\u0131 muazzam bir do\u011fal g\u00fczelli\u011fe sahip. Buras\u0131 adeta ke\u015ffedilmeyi bekleyen cennetten bir k\u00f6\u015fe. Son y\u0131llarda h\u00fck\u00fcmetimizin ve Bitlis milletvekillerimizin gayretleri ile de\u011fi\u015fim ve ula\u015f\u0131ma y\u00f6nelik g\u00fczel \u00e7al\u0131\u015fmalar yap\u0131ld\u0131\u201d diye konu\u015ftu.<\/p>\n<p>Y\u0131ld\u0131r\u0131m ve beraberindekiler, Nemrut Krater G\u00f6l\u00fcnde bir gezi d\u00fczenleyerek bol bol hat\u0131ra foto\u011fraf\u0131 \u00e7ektirdiler.<\/p>\n","protected":false},"excerpt":{"rendered":"<p>ESK\u0130 BA\u015eBAKAN VE T\u00dcRK\u0130YE B\u00dcY\u00dcK M\u0130LLET MECL\u0130S\u0130 BA\u015eKANI B\u0130NAL\u0130 YILDIRIM, KEND\u0130S\u0130 KULLANDI\u011eI ARA\u00c7LA NEMRUT KRATER G\u00d6L\u00dcNE \u00c7IKTI.<\/p>\n","protected":false},"author":1,"featured_media":196662,"comment_status":"closed","ping_status":"open","sticky":false,"template":"","format":"standard","meta":{"jetpack_post_was_ever_published":false,"_jetpack_newsletter_access":"","_jetpack_dont_email_post_to_subs":false,"_jetpack_newsletter_tier_id":0,"_jetpack_memberships_contains_paywalled_content":false,"_jetpack_memberships_contains_paid_content":false,"footnotes":"","jetpack_publicize_message":"","jetpack_publicize_feature_enabled":true,"jetpack_social_post_already_shared":true,"jetpack_social_options":{"image_generator_settings":{"template":"highway","default_image_id":0,"font":"","enabled":false},"version":2}},"categories":[1],"tags":[1073,12176,3333,1202,5646,11043,49406,376],"class_list":["post-196661","post","type-post","status-publish","format-standard","has-post-thumbnail","hentry","category-genel","tag-ozel","tag-aracla","tag-binali","tag-cikti","tag-kendi","tag-kullandigi","tag-nemruta","tag-yildirim"],"jetpack_publicize_connections":[],"jetpack_featured_media_url":"https:\/\/i0.wp.com\/www.tvturk.com\/wp-content\/uploads\/2019\/08\/ozel-binali-yildirim-kendi-kullandigi-aracla-nemruta-cikti_624df55.jpg?fit=1000%2C673","jetpack_sharing_enabled":true,"jetpack_shortlink":"https:\/\/wp.me\/paKIfm-P9X","_links":{"self":[{"href":"http:\/\/www.tvturk.com\/index.php\/wp-json\/wp\/v2\/posts\/196661","targetHints":{"allow":["GET"]}}],"collection":[{"href":"http:\/\/www.tvturk.com\/index.php\/wp-json\/wp\/v2\/posts"}],"about":[{"href":"http:\/\/www.tvturk.com\/index.php\/wp-json\/wp\/v2\/types\/post"}],"author":[{"embeddable":true,"href":"http:\/\/www.tvturk.com\/index.php\/wp-json\/wp\/v2\/users\/1"}],"replies":[{"embeddable":true,"href":"http:\/\/www.tvturk.com\/index.php\/wp-json\/wp\/v2\/comments?post=196661"}],"version-history":[{"count":0,"href":"http:\/\/www.tvturk.com\/index.php\/wp-json\/wp\/v2\/posts\/196661\/revisions"}],"wp:featuredmedia":[{"embeddable":true,"href":"http:\/\/www.tvturk.com\/index.php\/wp-json\/wp\/v2\/media\/196662"}],"wp:attachment":[{"href":"http:\/\/www.tvturk.com\/index.php\/wp-json\/wp\/v2\/media?parent=196661"}],"wp:term":[{"taxonomy":"category","embeddable":true,"href":"http:\/\/www.tvturk.com\/index.php\/wp-json\/wp\/v2\/categories?post=196661"},{"taxonomy":"post_tag","embeddable":true,"href":"http:\/\/www.tvturk.com\/index.php\/wp-json\/wp\/v2\/tags?post=196661"}],"curies":[{"name":"wp","href":"https:\/\/api.w.org\/{rel}","templated":true}]}}