{"id":196665,"date":"2019-08-27T16:16:34","date_gmt":"2019-08-27T13:16:34","guid":{"rendered":"http:\/\/www.tvturk.com\/index.php\/chpli-belediyenin-isine-son-verdigi-isci-1-hafta-sonunda-ankaraya-ulasti\/"},"modified":"2019-08-27T16:16:34","modified_gmt":"2019-08-27T13:16:34","slug":"chpli-belediyenin-isine-son-verdigi-isci-1-hafta-sonunda-ankaraya-ulasti","status":"publish","type":"post","link":"http:\/\/www.tvturk.com\/index.php\/chpli-belediyenin-isine-son-verdigi-isci-1-hafta-sonunda-ankaraya-ulasti\/","title":{"rendered":"CHP\u2019li belediyenin i\u015fine son verdi\u011fi i\u015f\u00e7i 1 hafta sonunda Ankara\u2019ya ula\u015ft\u0131"},"content":{"rendered":"<p>\u0130zmir\u2019in Menemen Belediyesinde 31 Mart yerel se\u00e7imlerinde CHP\u2019li Serdar Aksoy\u2019un ba\u015fkan se\u00e7ilmesinin ard\u0131ndan 283 i\u015f\u00e7i ile birlikte i\u015fine son verilen ve bisikletiyle 610 kilometrelik yolu katederek Ankara\u2019ya<\/p>\n<p>gelen Bayram Akba\u015f, \u201cBeklentimiz bundan sonra bir i\u015f\u00e7i k\u0131y\u0131m\u0131 olmamas\u0131d\u0131r\u201d dedi.<\/p>\n<p>\u0130zmir\u2019in Menemen Belediyesi taraf\u0131ndan i\u015ften \u00e7\u0131kar\u0131lan 284 i\u015f\u00e7iden biri olan evli ve 4 \u00e7ocuk babas\u0131 Bayram Akba\u015f, kendisi ve i\u015fsiz kalan arkada\u015flar\u0131 ad\u0131na hak arama m\u00fccadelesi ba\u015flatt\u0131. 49 ya\u015f\u0131ndaki Akba\u015f, CHP Genel Ba\u015fkan\u0131 Kemal K\u0131l\u0131\u00e7daro\u011flu ile g\u00f6r\u00fc\u015fmek amac\u0131yla 20 A\u011fustos Sal\u0131 g\u00fcn\u00fc Menemen\u2019den bisikletiyle yola \u00e7\u0131kt\u0131. Menemen-Ankara aras\u0131nda yakla\u015f\u0131k 610 kilometrelik yolu bisikletiyle kateden Akba\u015f, 1 hafta sonunda Ankara\u2019ya ula\u015ft\u0131.<\/p>\n<p>CHP Genel Ba\u015fkan\u0131 Kemal K\u0131l\u0131\u00e7daro\u011flu\u2019nun s\u00f6z\u00fcn\u00fc tutmas\u0131 gerekti\u011fini belirten Bayram Akba\u015f, \u201d\u0130lk g\u00f6reve geldi\u011fi hafta 284 arkada\u015f\u0131m\u0131z\u0131n i\u015fine son verdi. Yasal d\u00fczenleme yapaca\u011f\u0131n\u0131 iddia etti ama yapmad\u0131. Bu yolculuk siyasi bir y\u00fcr\u00fcy\u00fc\u015f de\u011fil, hak arama y\u00fcr\u00fcy\u00fc\u015f\u00fcd\u00fcr. Bu sabah CHP Genel Merkezi\u2019nin \u00f6n\u00fcne gittim, bir muhatap, bir ki\u015fi bulamad\u0131m. 10 g\u00fcnd\u00fcr randevu talebimiz var ama geri d\u00f6n\u00fc\u015f yapan yok. Ma\u011fdur edildik. Yola \u00e7\u0131k\u0131\u015f sebebim Say\u0131n K\u0131l\u0131\u00e7daro\u011flu\u2019nun s\u00f6z\u00fcn\u00fc hat\u0131rlatmak, \u2018hi\u00e7bir i\u015f\u00e7i i\u015ften \u00e7\u0131kar\u0131lmayacak\u2019 diye. S\u00f6z\u00fcn\u00fc tutmas\u0131n\u0131 bekliyorum. K\u0131l\u0131\u00e7daro\u011flu\u2019nun s\u00f6zlerini kendisine hat\u0131rlat\u0131yorum. Son olarak An\u0131tkabir\u2019i ziyarete geldim. Atama \u015fikayette bulunaca\u011f\u0131m, CHP i\u00e7indeki halk kelimesinin art\u0131k \u00e7\u0131kar\u0131lm\u0131\u015f ve kendi ama\u00e7lar\u0131 i\u00e7in kullan\u0131ld\u0131\u011f\u0131n\u0131 ifade edece\u011fim. Beklentimiz bundan sonra bir i\u015f\u00e7i k\u0131y\u0131m\u0131 olmamas\u0131d\u0131r\u201d diye konu\u015ftu.<\/p>\n","protected":false},"excerpt":{"rendered":"<p>CHP&#8217;L\u0130 BELED\u0130YEN\u0130N \u0130\u015e\u0130NE SON VERD\u0130\u011e\u0130 284 K\u0130\u015e\u0130DEN B\u0130R\u0130 OLAN BAYRAM AKBA\u015e, \u201cBEKLENT\u0130M\u0130Z BUNDAN SONRA B\u0130R \u0130\u015e\u00c7\u0130 KIYIMI OLMAMASIDIR\u201d DED\u0130.<\/p>\n","protected":false},"author":1,"featured_media":196666,"comment_status":"closed","ping_status":"open","sticky":false,"template":"","format":"standard","meta":{"jetpack_post_was_ever_published":false,"_jetpack_newsletter_access":"","_jetpack_dont_email_post_to_subs":false,"_jetpack_newsletter_tier_id":0,"_jetpack_memberships_contains_paywalled_content":false,"_jetpack_memberships_contains_paid_content":false,"footnotes":"","jetpack_publicize_message":"","jetpack_publicize_feature_enabled":true,"jetpack_social_post_already_shared":true,"jetpack_social_options":{"image_generator_settings":{"template":"highway","default_image_id":0,"font":"","enabled":false},"version":2}},"categories":[1],"tags":[7873,7904,623,1178,1030,13393,1240,2031,2574,7149],"class_list":["post-196665","post","type-post","status-publish","format-standard","has-post-thumbnail","hentry","category-genel","tag-ankaraya","tag-belediyenin","tag-chpli","tag-hafta","tag-isci","tag-isine","tag-son","tag-sonunda","tag-ulasti","tag-verdigi"],"jetpack_publicize_connections":[],"jetpack_featured_media_url":"https:\/\/i0.wp.com\/www.tvturk.com\/wp-content\/uploads\/2019\/08\/chpli-belediyenin-isine-son-verdigi-isci-1-hafta-sonunda-ankaraya-ulasti_98cd9fe.jpg?fit=1000%2C750","jetpack_sharing_enabled":true,"jetpack_shortlink":"https:\/\/wp.me\/paKIfm-Pa1","_links":{"self":[{"href":"http:\/\/www.tvturk.com\/index.php\/wp-json\/wp\/v2\/posts\/196665","targetHints":{"allow":["GET"]}}],"collection":[{"href":"http:\/\/www.tvturk.com\/index.php\/wp-json\/wp\/v2\/posts"}],"about":[{"href":"http:\/\/www.tvturk.com\/index.php\/wp-json\/wp\/v2\/types\/post"}],"author":[{"embeddable":true,"href":"http:\/\/www.tvturk.com\/index.php\/wp-json\/wp\/v2\/users\/1"}],"replies":[{"embeddable":true,"href":"http:\/\/www.tvturk.com\/index.php\/wp-json\/wp\/v2\/comments?post=196665"}],"version-history":[{"count":0,"href":"http:\/\/www.tvturk.com\/index.php\/wp-json\/wp\/v2\/posts\/196665\/revisions"}],"wp:featuredmedia":[{"embeddable":true,"href":"http:\/\/www.tvturk.com\/index.php\/wp-json\/wp\/v2\/media\/196666"}],"wp:attachment":[{"href":"http:\/\/www.tvturk.com\/index.php\/wp-json\/wp\/v2\/media?parent=196665"}],"wp:term":[{"taxonomy":"category","embeddable":true,"href":"http:\/\/www.tvturk.com\/index.php\/wp-json\/wp\/v2\/categories?post=196665"},{"taxonomy":"post_tag","embeddable":true,"href":"http:\/\/www.tvturk.com\/index.php\/wp-json\/wp\/v2\/tags?post=196665"}],"curies":[{"name":"wp","href":"https:\/\/api.w.org\/{rel}","templated":true}]}}