{"id":196671,"date":"2019-08-27T16:31:45","date_gmt":"2019-08-27T13:31:45","guid":{"rendered":"http:\/\/www.tvturk.com\/index.php\/gemlik-belediyesinden-sukru-senol-ortaokuluna-asfalt-destegi\/"},"modified":"2019-08-27T16:31:45","modified_gmt":"2019-08-27T13:31:45","slug":"gemlik-belediyesinden-sukru-senol-ortaokuluna-asfalt-destegi","status":"publish","type":"post","link":"http:\/\/www.tvturk.com\/index.php\/gemlik-belediyesinden-sukru-senol-ortaokuluna-asfalt-destegi\/","title":{"rendered":"Gemlik Belediyesi\u2019nden \u015e\u00fckr\u00fc \u015eenol Ortaokulu\u2019na asfalt deste\u011fi"},"content":{"rendered":"<p>Gemlik Belediyesi ekipleri, \u015e\u00fckr\u00fc \u015eenol Ortaokulu\u2019nun bah\u00e7esini asfaltlad\u0131.<\/p>\n<p>Yeni e\u011fitim \u00f6\u011fretim d\u00f6neminin ba\u015flamas\u0131na k\u0131sa s\u00fcre kala okullara destek olacak \u00e7al\u0131\u015fmalar ba\u015flad\u0131. Fen \u0130\u015fleri M\u00fcd\u00fcrl\u00fc\u011f\u00fc ekipleri, \u015e\u00fckr\u00fc \u015eenol Ortaokulu bah\u00e7esinde ihtiya\u00e7 duyulan b\u00f6l\u00fcmlere asfaltlama yaparak bah\u00e7eyi \u00f6\u011frenciler i\u00e7in daha kullan\u0131\u015fl\u0131 h\u00e2le getirdi. Ekipler 1300 metrekarelik alana 240 ton asfalt d\u00f6kerek bah\u00e7eyi yeniledi.<\/p>\n<p>Konuyla ilgili a\u00e7\u0131klama yapan Gemlik Belediye Ba\u015fkan\u0131 Mehmet U\u011fur Sertaslan, \u00e7al\u0131\u015fmalar\u0131ndan dolay\u0131 Fen \u0130\u015fleri ekiplerine te\u015fekk\u00fcr ederek, \u00f6\u011frenci ve okullara katk\u0131lar\u0131n\u0131n s\u00fcrece\u011fini dile getirdi. Ba\u015fkan Sertaslan, \u201cYeni e\u011fitim ve \u00f6\u011fretim y\u0131l\u0131na yakla\u015ft\u0131\u011f\u0131m\u0131z \u015fu g\u00fcnlerde okullar\u0131m\u0131z\u0131n ihtiya\u00e7lar\u0131n\u0131 g\u00f6zden ge\u00e7irerek gerekli \u00e7al\u0131\u015fmalar\u0131 ger\u00e7ekle\u015ftirmeye ba\u015flad\u0131k. \u00d6\u011frencilerimiz, \u00f6\u011fretmenlerimiz ve velilerimiz i\u00e7in onlar\u0131n hayatlar\u0131n\u0131 kolayla\u015ft\u0131r\u0131c\u0131 \u00e7e\u015fitli \u00e7al\u0131\u015fma ve desteklerimiz s\u00fcrecek. \u015e\u00fckr\u00fc \u015eenol Ortaokulu\u2019ndaki asfalt \u00e7al\u0131\u015fmas\u0131 ve bunun gibi \u00e7evre d\u00fczenlemelerinin h\u00e2ricinde il\u00e7emizdeki ilkokula ba\u015flayan \u00f6\u011frencilerimize k\u0131rtasiye yard\u0131mlar\u0131 da okullar\u0131n a\u00e7\u0131lmas\u0131 ile ba\u015flayacak\u201d dedi.<\/p>\n","protected":false},"excerpt":{"rendered":"<p>GEML\u0130K BELED\u0130YES\u0130 EK\u0130PLER\u0130, \u015e\u00dcKR\u00dc \u015eENOL ORTAOKULU\u2019NUN BAH\u00c7ES\u0130N\u0130 ASFALTLADI.<\/p>\n","protected":false},"author":1,"featured_media":196672,"comment_status":"closed","ping_status":"open","sticky":false,"template":"","format":"standard","meta":{"jetpack_post_was_ever_published":false,"_jetpack_newsletter_access":"","_jetpack_dont_email_post_to_subs":false,"_jetpack_newsletter_tier_id":0,"_jetpack_memberships_contains_paywalled_content":false,"_jetpack_memberships_contains_paid_content":false,"footnotes":"","jetpack_publicize_message":"","jetpack_publicize_feature_enabled":true,"jetpack_social_post_already_shared":true,"jetpack_social_options":{"image_generator_settings":{"template":"highway","default_image_id":0,"font":"","enabled":false},"version":2}},"categories":[1],"tags":[5096,119,53,15890,49408,7695,3334],"class_list":["post-196671","post","type-post","status-publish","format-standard","has-post-thumbnail","hentry","category-genel","tag-asfalt","tag-belediyesinden","tag-destegi","tag-gemlik","tag-ortaokuluna","tag-senol","tag-sukru"],"jetpack_publicize_connections":[],"jetpack_featured_media_url":"https:\/\/i0.wp.com\/www.tvturk.com\/wp-content\/uploads\/2019\/08\/gemlik-belediyesinden-sukru-senol-ortaokuluna-asfalt-destegi_a87cfca.jpg?fit=1000%2C750","jetpack_sharing_enabled":true,"jetpack_shortlink":"https:\/\/wp.me\/paKIfm-Pa7","_links":{"self":[{"href":"http:\/\/www.tvturk.com\/index.php\/wp-json\/wp\/v2\/posts\/196671","targetHints":{"allow":["GET"]}}],"collection":[{"href":"http:\/\/www.tvturk.com\/index.php\/wp-json\/wp\/v2\/posts"}],"about":[{"href":"http:\/\/www.tvturk.com\/index.php\/wp-json\/wp\/v2\/types\/post"}],"author":[{"embeddable":true,"href":"http:\/\/www.tvturk.com\/index.php\/wp-json\/wp\/v2\/users\/1"}],"replies":[{"embeddable":true,"href":"http:\/\/www.tvturk.com\/index.php\/wp-json\/wp\/v2\/comments?post=196671"}],"version-history":[{"count":0,"href":"http:\/\/www.tvturk.com\/index.php\/wp-json\/wp\/v2\/posts\/196671\/revisions"}],"wp:featuredmedia":[{"embeddable":true,"href":"http:\/\/www.tvturk.com\/index.php\/wp-json\/wp\/v2\/media\/196672"}],"wp:attachment":[{"href":"http:\/\/www.tvturk.com\/index.php\/wp-json\/wp\/v2\/media?parent=196671"}],"wp:term":[{"taxonomy":"category","embeddable":true,"href":"http:\/\/www.tvturk.com\/index.php\/wp-json\/wp\/v2\/categories?post=196671"},{"taxonomy":"post_tag","embeddable":true,"href":"http:\/\/www.tvturk.com\/index.php\/wp-json\/wp\/v2\/tags?post=196671"}],"curies":[{"name":"wp","href":"https:\/\/api.w.org\/{rel}","templated":true}]}}