{"id":196675,"date":"2019-08-27T16:46:12","date_gmt":"2019-08-27T13:46:12","guid":{"rendered":"http:\/\/www.tvturk.com\/index.php\/unlu-yazar-paulo-coelho-fransadan-ozur-diledi\/"},"modified":"2019-08-27T16:46:12","modified_gmt":"2019-08-27T13:46:12","slug":"unlu-yazar-paulo-coelho-fransadan-ozur-diledi","status":"publish","type":"post","link":"http:\/\/www.tvturk.com\/index.php\/unlu-yazar-paulo-coelho-fransadan-ozur-diledi\/","title":{"rendered":"\u00dcnl\u00fc yazar Paulo Coelho, Fransa\u2019dan \u00f6z\u00fcr diledi"},"content":{"rendered":"<p>Brezilyal\u0131lar, Fransa Cumhurba\u015fkan\u0131 Emmanuel Macron\u2019un e\u015fiyle dalga ge\u00e7en Brezilya Devlet Ba\u015fkan\u0131 Jair Bolsonaro ad\u0131na \u00f6z\u00fcr dilemeye devam ediyor. D\u00fcnyaca \u00fcnl\u00fc \u2018Simyac\u0131\u2019 kitab\u0131n\u0131n Brezilyal\u0131 yazar\u0131 Paulo Coelho, \u00f6z\u00fcr videosu yay\u0131nlad\u0131.<\/p>\n<p>Brezilya Devlet Ba\u015fkan\u0131 Jair Bolsonaro\u2019nun sosyal medya hesab\u0131 \u00fczerinden Fransa Cumhurba\u015fkan\u0131n\u0131n e\u015fi Brigitte Macron\u2019la alay etmesi \u00fczerine iki \u00fclke aras\u0131nda gerginlik ya\u015fan\u0131rken Brezilyal\u0131lar, devlet ba\u015fkanlar\u0131 ad\u0131na \u00f6z\u00fcr dilemeye devam ediyor. Ba\u015fta \u00e7ok sevilen \u2018simyac\u0131\u2019 olmak \u00fczere d\u00fcnyaca \u00fcnl\u00fc kitaplar\u0131n Brezilyal\u0131 yazar\u0131 Paulo Coelho da, sosyal medyadan payla\u015ft\u0131\u011f\u0131 bir video arac\u0131l\u0131\u011f\u0131yla Frans\u0131z halk\u0131ndan \u00f6z\u00fcr dileyen isimler aras\u0131nda yer ald\u0131. Jair Bolsonaro\u2019nun Amazon\u2019daki yang\u0131n krizi s\u0131ras\u0131nda sarf etti\u011fi hakaretler ve diplomatik olmayan s\u00f6zleri i\u00e7in \u00f6z\u00fcr dileyen Brezilyal\u0131 yazar Paulo Coelho, &#8220;\u00d6z\u00fcr dilerim, binlerce kez \u00f6z\u00fcr dilerim&#8221; dedi.<\/p>\n<p>Coelho, Frans\u0131zca olarak payla\u015ft\u0131\u011f\u0131 videoya \u201cBu, Bolsonaro\u2019nun Fransa, Fransa Cumhurba\u015fkan\u0131 ve onun e\u015fi ile ilgili histerisi sonucu \u00e7\u0131kan kriz nedeniyle Frans\u0131z dostlar\u0131mdan \u00f6z\u00fcr dilemek i\u00e7in \u00e7ekti\u011fim bir video. Brezilya\u2019da, ayn\u0131 gecenin ge\u00e7ti\u011fi gibi ge\u00e7ecek karanl\u0131k bir d\u00f6nemdeyiz ve ben size \u00f6z\u00fcrlerimi sunuyorum\u201d ifadeleriyle ba\u015flad\u0131. Brezilya y\u00f6netiminin son zamanlardaki davran\u0131\u015flar\u0131n\u0131 ele\u015ftiren \u00fcnl\u00fc yazar, \u201cAmazonlar yanmaya devam ederken sorumluluk almaktan ka\u00e7\u0131nmak i\u00e7in hi\u00e7bir arg\u00fcmanlar\u0131 yok, inkar edemezler ve kimseye hakaret edemezler\u201d dedi.<\/p>\n<p>\u201cAffet Brigitte\u201d<\/p>\n<p>Amazon yang\u0131nlar\u0131 ile ilgili tansiyonun y\u00fckseldi\u011fi s\u0131rada Brezilya Devlet Ba\u015fkan\u0131 Bolsonaro\u2019nun Frans\u0131z mevkida\u015f\u0131n\u0131n e\u015fi Brigitte Macron\u2019a y\u00f6nelik hakaretleri, iki \u00fclke aras\u0131nda en b\u00fcy\u00fck diplomatik krizlerden birine neden olmu\u015ftu. Fransa Cumhurba\u015fkan\u0131 Macron ise d\u00fcn cevap niteli\u011findeki a\u00e7\u0131klamas\u0131nda \u201cBrezilya halk\u0131n\u0131n en k\u0131sa zamanda mevkisine uygun davranan bir devlet liderine kavu\u015fmas\u0131n\u0131 umuyorum\u201d demi\u015fti.<\/p>\n<p>\u00c7ok say\u0131da Brezilyal\u0131, krizin patlak vermesinin ard\u0131ndan sosyal medya hesaplar\u0131 \u00fczerinden Bolsonaro\u2019ya tepki g\u00f6sterdi ve \u201cAffet Brigitte\u201d etiketiyle Brigitte Macron\u2019dan \u00f6z\u00fcr diledi.<\/p>\n","protected":false},"excerpt":{"rendered":"<p>(AR\u015e\u0130V) \u00dcNL\u00dc YAZAR PAULO COELHO, FRANSA\u2019DAN \u00d6Z\u00dcR D\u0130LED\u0130<\/p>\n","protected":false},"author":1,"featured_media":196676,"comment_status":"closed","ping_status":"open","sticky":false,"template":"","format":"standard","meta":{"jetpack_post_was_ever_published":false,"_jetpack_newsletter_access":"","_jetpack_dont_email_post_to_subs":false,"_jetpack_newsletter_tier_id":0,"_jetpack_memberships_contains_paywalled_content":false,"_jetpack_memberships_contains_paid_content":false,"footnotes":"","jetpack_publicize_message":"","jetpack_publicize_feature_enabled":true,"jetpack_social_post_already_shared":true,"jetpack_social_options":{"image_generator_settings":{"template":"highway","default_image_id":0,"font":"","enabled":false},"version":2}},"categories":[10],"tags":[41747,437,28307,685,24189,5590,1448],"class_list":["post-196675","post","type-post","status-publish","format-standard","has-post-thumbnail","hentry","category-dunya","tag-coelho","tag-diledi","tag-fransadan","tag-ozur","tag-paulo","tag-unlu","tag-yazar"],"jetpack_publicize_connections":[],"jetpack_featured_media_url":"https:\/\/i0.wp.com\/www.tvturk.com\/wp-content\/uploads\/2019\/08\/unlu-yazar-paulo-coelho-fransadan-ozur-diledi_06da966.jpg?fit=1000%2C666","jetpack_sharing_enabled":true,"jetpack_shortlink":"https:\/\/wp.me\/paKIfm-Pab","_links":{"self":[{"href":"http:\/\/www.tvturk.com\/index.php\/wp-json\/wp\/v2\/posts\/196675","targetHints":{"allow":["GET"]}}],"collection":[{"href":"http:\/\/www.tvturk.com\/index.php\/wp-json\/wp\/v2\/posts"}],"about":[{"href":"http:\/\/www.tvturk.com\/index.php\/wp-json\/wp\/v2\/types\/post"}],"author":[{"embeddable":true,"href":"http:\/\/www.tvturk.com\/index.php\/wp-json\/wp\/v2\/users\/1"}],"replies":[{"embeddable":true,"href":"http:\/\/www.tvturk.com\/index.php\/wp-json\/wp\/v2\/comments?post=196675"}],"version-history":[{"count":0,"href":"http:\/\/www.tvturk.com\/index.php\/wp-json\/wp\/v2\/posts\/196675\/revisions"}],"wp:featuredmedia":[{"embeddable":true,"href":"http:\/\/www.tvturk.com\/index.php\/wp-json\/wp\/v2\/media\/196676"}],"wp:attachment":[{"href":"http:\/\/www.tvturk.com\/index.php\/wp-json\/wp\/v2\/media?parent=196675"}],"wp:term":[{"taxonomy":"category","embeddable":true,"href":"http:\/\/www.tvturk.com\/index.php\/wp-json\/wp\/v2\/categories?post=196675"},{"taxonomy":"post_tag","embeddable":true,"href":"http:\/\/www.tvturk.com\/index.php\/wp-json\/wp\/v2\/tags?post=196675"}],"curies":[{"name":"wp","href":"https:\/\/api.w.org\/{rel}","templated":true}]}}