{"id":196687,"date":"2019-08-27T17:02:30","date_gmt":"2019-08-27T14:02:30","guid":{"rendered":"http:\/\/www.tvturk.com\/index.php\/vestel-venus-sultanlar-ligi-ve-efeler-liginde-ilk-hafta-maclari-belli-oldu\/"},"modified":"2019-08-27T17:02:30","modified_gmt":"2019-08-27T14:02:30","slug":"vestel-venus-sultanlar-ligi-ve-efeler-liginde-ilk-hafta-maclari-belli-oldu","status":"publish","type":"post","link":"http:\/\/www.tvturk.com\/index.php\/vestel-venus-sultanlar-ligi-ve-efeler-liginde-ilk-hafta-maclari-belli-oldu\/","title":{"rendered":"Vestel Ven\u00fcs Sultanlar Ligi ve Efeler Ligi\u2019nde ilk hafta ma\u00e7lar\u0131 belli oldu"},"content":{"rendered":"<p>Voleybolda, Vestel Venus Sultanlar Ligi ve Efeler Ligi 2019-2020 sezonu fikst\u00fcr\u00fc \u00e7ekildi. Sultanlar Ligi 12 Ekim\u2019de, Efeler Ligi ise 27 Ekim\u2019de ba\u015flayacak.<\/p>\n<p>Volley Hotel Ankara Toplant\u0131 salonunda ger\u00e7ekle\u015fen fikst\u00fcr \u00e7ekiminde kul\u00fcplerin voleyboldan sorumlu idarecileri kat\u0131ld\u0131. Fikst\u00fcr \u00e7ekimi \u00f6ncesinde konu\u015fan ve milli tak\u0131m\u0131n ba\u015far\u0131lar\u0131na de\u011finen T\u00fcrkiye Voleybol Federasyonu Ba\u015fkan\u0131 Mehmet Akif \u00dcst\u00fcnda\u011f, &#8220;Milli tak\u0131m\u0131n olu\u015fmas\u0131nda, co\u015fkuyu ve birlikteli\u011fi yakalamas\u0131nda hi\u00e7 ku\u015fkusuz en b\u00fcy\u00fck pay sahibi kul\u00fcplerimizdir. Kul\u00fcplerimizin voleybola vermi\u015f oldu\u011fu destek ve emek takdire \u015fayand\u0131r&#8221; dedi.<\/p>\n<p>Genel olarak T\u00fcrk voleybolunun d\u00fcnyada ve Avrupa\u2019da \u00e7ok \u00f6nemli bir yerde oldu\u011funu dile getiren Ba\u015fkan \u00dcst\u00fcnda\u011f, \u201c\u00dclkemizi iki tak\u0131m\u011fn Kul\u00fcpler D\u00fcnya \u015eampiyonas\u0131\u2019nda temsil etmesi, d\u00fcnyada T\u00fcrk voleybolunun nereye geldi\u011fini bir kez daha g\u00f6zler \u00f6n\u00fcne sermi\u015ftir. Eczac\u0131ba\u015f\u0131 ve Vak\u0131fbank kul\u00fcplerini tebrik ediyorum\u201d ifadelerini kulland\u0131.<\/p>\n<p>\u00dcst\u00fcnda\u011f, \u201c12 tak\u0131ml\u0131 Efeler ve Sultanlar Lig\u2019inde 6\u2019\u015far tak\u0131mla Avrupa\u2019da temsil ediliyoruz. Burada da \u00e7ok ba\u015far\u0131l\u0131 sonu\u00e7lar elde ederek \u00fclkemizi en iyi \u015fekilde temsil ediyoruz. Avrupa Kupas\u0131\u2019nda m\u00fccadele edecek tak\u0131mlar\u0131m\u0131za Avrupa arenas\u0131nda, \u00fclkemiz liginde oynayacak tak\u0131mlara ise ligimizde ba\u015far\u0131lar diliyorum. Bu sezon aram\u0131za yeni kat\u0131lan 4 tak\u0131m var. Yeni kat\u0131lan tak\u0131mlar\u0131m\u0131za da ba\u015far\u0131lar diliyorum\u201d \u015feklinde konu\u015ftu.<\/p>\n<p>Konu\u015fman\u0131n ard\u0131ndan \u00e7ekilen kura sonucunda liglerde ilk haftalar \u015fu \u015fekilde olu\u015ftu:<\/p>\n<p>Vestel Ven\u00fcs Sultanlar Ligi &#8211; 1. Hafta<\/p>\n<p>Fenerbah\u00e7e Opet &#8211; T\u00fcrk Hava Yollar\u0131<\/p>\n<p>Karayollar\u0131 &#8211; Be\u015fikta\u015f<\/p>\n<p>Atlas Global Ye\u015filyurt &#8211; PTT<\/p>\n<p>Nil\u00fcfer BLD. &#8211; Galatasaray<\/p>\n<p>Vak\u0131fbank &#8211; Ayd\u0131n B.\u015eehir BLD.<\/p>\n<p>Beylikd\u00fcz\u00fc Voleybol \u0130htisas &#8211; Eczac\u0131ba\u015f\u0131 Vitra<\/p>\n<p>Efeler Ligi &#8211; 1. Hafta<\/p>\n<p>Arkas Spor &#8211; Belediye Plevne<\/p>\n<p>Spor Toto &#8211; Sorgun BLD.<\/p>\n<p>Fenerbah\u00e7e HDI Sigorta &#8211; Halkbank<\/p>\n<p>Ziraat Bankas\u0131 &#8211; \u0130stanbul BBSK<\/p>\n<p>Galatasaray &#8211; \u0130neg\u00f6l BLD.<\/p>\n<p>Bursa B.\u015eehir BLD. &#8211; Arhavi Voleybol<\/p>\n<p>Vestel Ven\u00fcs Sultanlar Ligi\u2019nde 2019-2020 sezonu, 12 Ekim 2019 &#8211; 15 Mart 2020 tarihleri aras\u0131nda, Efeler Ligi\u2019nde ise 2019-2020 sezonu 27 Ekim 2019 &#8211; 14 Mart 2020 tarihleri aras\u0131nda oynanacak.<\/p>\n","protected":false},"excerpt":{"rendered":"<p>VESTEL VENUS SULTANLAR L\u0130G\u0130 VE EFELER L\u0130G\u0130 2019-2020 SEZONU F\u0130KST\u00dcRLER\u0130 \u00c7EK\u0130LD\u0130.<\/p>\n","protected":false},"author":1,"featured_media":196688,"comment_status":"closed","ping_status":"open","sticky":false,"template":"","format":"standard","meta":{"jetpack_post_was_ever_published":false,"_jetpack_newsletter_access":"","_jetpack_dont_email_post_to_subs":false,"_jetpack_newsletter_tier_id":0,"_jetpack_memberships_contains_paywalled_content":false,"_jetpack_memberships_contains_paid_content":false,"footnotes":"","jetpack_publicize_message":"","jetpack_publicize_feature_enabled":true,"jetpack_social_post_already_shared":true,"jetpack_social_options":{"image_generator_settings":{"template":"highway","default_image_id":0,"font":"","enabled":false},"version":2}},"categories":[657],"tags":[612,671,1178,37,1717,9145,8789,77,8678,8677,8676],"class_list":["post-196687","post","type-post","status-publish","format-standard","has-post-thumbnail","hentry","category-spor","tag-belli","tag-efeler","tag-hafta","tag-ilk","tag-ligi","tag-liginde","tag-maclari","tag-oldu","tag-sultanlar","tag-venus","tag-vestel"],"jetpack_publicize_connections":[],"jetpack_featured_media_url":"https:\/\/i0.wp.com\/www.tvturk.com\/wp-content\/uploads\/2019\/08\/vestel-venus-sultanlar-ligi-ve-efeler-liginde-ilk-hafta-maclari-belli-oldu_910166d.jpg?fit=1000%2C666","jetpack_sharing_enabled":true,"jetpack_shortlink":"https:\/\/wp.me\/paKIfm-Pan","_links":{"self":[{"href":"http:\/\/www.tvturk.com\/index.php\/wp-json\/wp\/v2\/posts\/196687","targetHints":{"allow":["GET"]}}],"collection":[{"href":"http:\/\/www.tvturk.com\/index.php\/wp-json\/wp\/v2\/posts"}],"about":[{"href":"http:\/\/www.tvturk.com\/index.php\/wp-json\/wp\/v2\/types\/post"}],"author":[{"embeddable":true,"href":"http:\/\/www.tvturk.com\/index.php\/wp-json\/wp\/v2\/users\/1"}],"replies":[{"embeddable":true,"href":"http:\/\/www.tvturk.com\/index.php\/wp-json\/wp\/v2\/comments?post=196687"}],"version-history":[{"count":0,"href":"http:\/\/www.tvturk.com\/index.php\/wp-json\/wp\/v2\/posts\/196687\/revisions"}],"wp:featuredmedia":[{"embeddable":true,"href":"http:\/\/www.tvturk.com\/index.php\/wp-json\/wp\/v2\/media\/196688"}],"wp:attachment":[{"href":"http:\/\/www.tvturk.com\/index.php\/wp-json\/wp\/v2\/media?parent=196687"}],"wp:term":[{"taxonomy":"category","embeddable":true,"href":"http:\/\/www.tvturk.com\/index.php\/wp-json\/wp\/v2\/categories?post=196687"},{"taxonomy":"post_tag","embeddable":true,"href":"http:\/\/www.tvturk.com\/index.php\/wp-json\/wp\/v2\/tags?post=196687"}],"curies":[{"name":"wp","href":"https:\/\/api.w.org\/{rel}","templated":true}]}}