{"id":196713,"date":"2019-08-27T18:01:55","date_gmt":"2019-08-27T15:01:55","guid":{"rendered":"http:\/\/www.tvturk.com\/index.php\/osmanli-devletinin-ilk-telsiz-ve-telgraf-istasyonu-gun-yuzune-cikiyor\/"},"modified":"2019-08-27T18:01:55","modified_gmt":"2019-08-27T15:01:55","slug":"osmanli-devletinin-ilk-telsiz-ve-telgraf-istasyonu-gun-yuzune-cikiyor","status":"publish","type":"post","link":"http:\/\/www.tvturk.com\/index.php\/osmanli-devletinin-ilk-telsiz-ve-telgraf-istasyonu-gun-yuzune-cikiyor\/","title":{"rendered":"Osmanl\u0131 Devletinin ilk telsiz ve telgraf istasyonu g\u00fcn y\u00fcz\u00fcne \u00e7\u0131k\u0131yor"},"content":{"rendered":"<p>Osmanl\u0131 Devletinin Avrupa\u2019daki ilk k\u00fclt\u00fcrel ve tarihi miras\u0131 olan Patara Telsiz Telgraf \u0130stasyonu 113 y\u0131l sonra g\u00fcn y\u00fcz\u00fcne \u00e7\u0131k\u0131yor. \u0130stasyonun Sultan 2. Abd\u00fclhamid\u2019in \u00f6nemli eserlerinden bir tanesi oldu\u011funa dikkat \u00e7eken Patara Kaz\u0131 Ba\u015fkan\u0131 Prof.Dr. Havva \u0130\u015fkan, &#8220;Ara\u015ft\u0131rmalar sonucu bu yap\u0131lar\u0131n Osmanl\u0131 Devletinin ilk telsiz telgraf istasyonu oldu\u011funu \u00f6\u011frendik ve b\u00fcy\u00fck bir m\u00fccadeleye giri\u015ftik. Elimizde Ka\u015f\u0131k\u00e7\u0131 Elmas\u0131 de\u011ferinde bir tarihi miras var Patara\u2019da&#8221; dedi.<\/p>\n<p>Osmanl\u0131 Devletinden T\u00fcrkiye Cumhuriyetine aktar\u0131lan bir k\u00fclt\u00fcrel ve tarihi miras olan Patara Telsiz Telgraf \u0130stasyonu, bir asr\u0131 ge\u00e7en telsizcilik tarihinin ilk ve en \u00f6nemli eserlerinden biri. Osmanl\u0131 Devleti topraklar\u0131nda kurulan ilk istasyonlar\u0131 olan Patara-Derne istasyonlar\u0131 ayn\u0131 zamanda en uzak mesafeye sahip Avrupa\u2019n\u0131n ilk istasyonu. Bu y\u0131l d\u00fczenlenecek t\u00f6renle istasyon, a\u00e7\u0131l\u0131\u015f\u0131n\u0131n 113\u2019\u00fcnc\u00fc y\u0131l d\u00f6n\u00fcm\u00fcnde Patara \u00f6ren yerinde an\u0131lacak. Patara Telsiz Telgraf \u0130stasyonu kapsam\u0131nda Antalya Gazeteciler Cemiyetinde (AGC) bir araya gelen Antalya K\u00fclt\u00fcr ve Turizm \u0130l M\u00fcd\u00fcr\u00fc \u0130brahim Acar, Ka\u015f Kaymakam\u0131 Ula\u015f Akhan, Ka\u015f Belediye Ba\u015fkan\u0131 Mutlu Uluta\u015f, Patara Kaz\u0131 Ba\u015fkan\u0131 Prof.Dr. Havva \u0130\u015fkan, Akdeniz \u00dcniversitesi Ara\u015ft\u0131rma G\u00f6revlisi Diren \u00c7ak\u0131lc\u0131 tarihi esere ili\u015fkin \u00f6nemli bilgiler verdi.<\/p>\n<p>Kaymakam Akhan: &#8220;Osmanl\u0131\u2019n\u0131n ileti\u015fim konusunda \u00f6nemli yat\u0131r\u0131m\u0131n\u0131 ke\u015ffettik&#8221;<\/p>\n<p>Ka\u015f\u2019\u0131n Antalya\u2019n\u0131n nadide yerlerinden biri oldu\u011funu ifade eden Kaymakam Ula\u015f Akhan, turizmle tan\u0131nmas\u0131n\u0131n yan\u0131 s\u0131ra tarihi ve k\u00fclt\u00fcrel hazinelerin de d\u00fcnyaca tan\u0131nmas\u0131nda \u00f6nemli rol oynad\u0131\u011f\u0131n\u0131 kaydetti. Akhan, &#8220;Teke yar\u0131madas\u0131n\u0131 ku\u015fatan Likya Uygarl\u0131\u011f\u0131n\u0131n olmas\u0131, belki de d\u00fcnyan\u0131n ilk meclis binas\u0131n\u0131n yer al\u0131yor olmas\u0131 Patara\u2019y\u0131 \u00e7ok tan\u0131n\u0131r bir hale getirmi\u015fti. Biz Patara\u2019da yakla\u015f\u0131k 5 bin y\u0131l \u00f6nceye giden tarihi a\u00e7\u0131\u011fa \u00e7\u0131karmakla ilgili \u00e7al\u0131\u015famalar y\u00fcr\u00fct\u00fcyorduk. Hocalar\u0131m\u0131z\u0131n yakla\u015f\u0131k 30 y\u0131ll\u0131k bir eme\u011fi s\u00f6z konusuydu, bu emek sonucu \u00e7ok de\u011ferli tarihi ve k\u00fclt\u00fcrel ger\u00e7eklikler ortaya \u00e7\u0131kar\u0131ld\u0131. Bug\u00fcn devam\u0131n\u0131 getirdi\u011fimiz Osmanl\u0131 \u0130mparatorlu\u011funun son y\u00fczy\u0131l\u0131nda teknolojiyi ne kadar yak\u0131ndan takip etti\u011fi, \u00f6zellikle ileti\u015fim konusunda d\u00fcnyada bile ilk say\u0131labilecek \u00f6nemli yat\u0131r\u0131mlara nas\u0131l imza att\u0131\u011f\u0131n\u0131 ke\u015ffetmi\u015f olduk. Buradaki telsiz telgraf istasyonu bug\u00fcn bizim i\u00e7in \u00e7ok ilkel bir \u015fey say\u0131labilir ama yap\u0131ld\u0131\u011f\u0131 d\u00f6nem itibariyle belki de en modern ve en uzun mesafeyi birbirine kavu\u015fturan bir istasyon. Hem T\u00fcrkiye i\u00e7in hem de d\u00fcnya i\u00e7in \u00f6nemli bir teknolojik at\u0131l\u0131m oldu\u011funu d\u00fc\u015f\u00fcn\u00fcyoruz&#8221; \u015feklinde konu\u015ftu.<\/p>\n<p>Akhan, bu y\u0131l d\u00fczenlenecek t\u00f6renle, 5 bin y\u0131ll\u0131k tarihi g\u00f6zler \u00f6n\u00fcne sermek istediklerini dile getirdi.<\/p>\n<p>Uluta\u015f: &#8220;Ka\u015f ve Patara\u2019n\u0131n tan\u0131t\u0131m\u0131na hem de turizme katk\u0131s\u0131 olacak&#8221;<\/p>\n<p>Ka\u015f Belediye Ba\u015fkan\u0131 Uluta\u015f ise, b\u00f6yle bir eserin var olu\u015funun ve ortaya \u00e7\u0131kar\u0131lmas\u0131n\u0131n hem Ka\u015f ve Patara\u2019n\u0131n tan\u0131t\u0131m\u0131na hem de turizme katk\u0131s\u0131 olaca\u011f\u0131n\u0131 s\u00f6yledi. Uluta\u015f, &#8220;Oradaki tarihi de\u011ferlerin ortaya \u00e7\u0131kmas\u0131 i\u00e7in hep birlikte destek olaca\u011f\u0131z. Elimizden geldi\u011fince tarihe, k\u00fclt\u00fcre ve de\u011ferlerin a\u00e7\u0131\u011fa \u00e7\u0131kmas\u0131na destek olaca\u011f\u0131z. Bundan bu t\u00fcr organizasyonlarla Ka\u015f\u2019\u0131m\u0131z\u0131n, b\u00f6lgemizin sesini duyurmaya devam edece\u011fiz&#8221; ifadelerine yer verdi.<\/p>\n<p>Kaz\u0131 Ba\u015fkan\u0131 \u0130\u015fkan: &#8220;Ka\u015f\u0131k\u00e7\u0131 Elmas\u0131 de\u011ferinde tarihi miras&#8221;<\/p>\n<p>1988 y\u0131l\u0131nda beri Patara\u2019da \u00e7al\u0131\u015fan Patara Kaz\u0131 Ba\u015fkan\u0131 Prof. Dr. \u0130\u015fkan, Antalya Valisi M\u00fcnir Karalo\u011flu\u2019nun vizyoner g\u00f6r\u00fc\u015f\u00fc, kaymakam, belediye ba\u015fkan\u0131 ve il k\u00fclt\u00fcr m\u00fcd\u00fcrl\u00fc\u011f\u00fcn\u00fcn deste\u011fi sayesinde 2019 y\u0131l\u0131nda bu miras\u0131n uluslararas\u0131 boyuta ta\u015f\u0131nd\u0131\u011f\u0131n\u0131n alt\u0131n\u0131 \u00e7izdi. Burada \u00e7ok ciddi bir zaman dilimi ge\u00e7ti\u011fini hat\u0131rlatan \u0130\u015fkan, \u00e7ok say\u0131da bilim insan\u0131n\u0131n tek idealinin kentin ortaya \u00e7\u0131kar\u0131lmas\u0131 oldu\u011funu aktard\u0131. \u0130lk y\u0131ldan bu yana Patara\u2019da baz\u0131 yap\u0131 kal\u0131nt\u0131lar\u0131n\u0131n dikkatlerini \u00e7ekti\u011fini s\u00f6yleyen \u0130\u015fkan, Gelemi\u015f k\u00f6y\u00fcn\u00fcn ya\u015fl\u0131lar\u0131n\u0131n bu yap\u0131lardan &#8220;Alman evleri&#8221; olarak s\u00f6z etti\u011fini anlatt\u0131. Ara\u015ft\u0131rmalar sonucu bu yap\u0131lar\u0131n Osmanl\u0131 Devletinin ilk telsiz telgraf istasyonu oldu\u011funu \u00f6\u011frenince b\u00fcy\u00fck bir m\u00fccadeleye giri\u015fti\u011fini belirten \u0130\u015fkan, &#8220;Elimizde Ka\u015f\u0131k\u00e7\u0131 Elmas\u0131 de\u011ferinde bir tarihi miras var Patara\u2019da&#8221; dedi.<\/p>\n<p>Ara\u015ft\u0131rma G\u00f6revlisi Diren \u00c7ak\u0131lc\u0131: &#8220;Devlet ar\u015fivinden bir\u00e7ok bilgiye ula\u015ft\u0131k&#8221;<\/p>\n<p>Osmanl\u0131 Devlet ar\u015fivlerini ara\u015ft\u0131ran \u00c7ak\u0131lc\u0131, o d\u00f6nemde tutulan kay\u0131tlardan istasyonlar\u0131n kurulu\u015f s\u00fcre\u00e7lerine ili\u015fkin bir\u00e7ok belge ve veriye ula\u015ft\u0131klar\u0131n\u0131 s\u00f6yledi. \u0130stasyonlar\u0131n, Sultan 2. Abd\u00fclhamid\u2019in \u00f6nemli eserlerinden bir tanesi oldu\u011funu ifade eden \u00c7ak\u0131lc\u0131, &#8220;Sultan 2. Abd\u00fclhamid ve ekibi Osmanl\u0131 devletinin elindeki son Afrika topra\u011f\u0131 olan Libya ile Trablusgarp ile irtibat\u0131 kolayla\u015ft\u0131rmak ve h\u0131zland\u0131rmak i\u00e7in bu istasyonlar\u0131n temelini atm\u0131\u015flar&#8221; diye konu\u015ftu.<\/p>\n<p>Bu istasyonlar\u0131n Almanya\u2019da Siemens fabrikalar\u0131nda in\u015fa ettirilmesinden dolay\u0131 yerli k\u00f6y halk\u0131n\u0131n &#8220;Alman evleri&#8221; dedi\u011fini payla\u015fan \u00c7ak\u0131lc\u0131, b\u00f6lgede Alman m\u00fchendislerin de ya\u015fad\u0131\u011f\u0131n\u0131 s\u00f6yledi. Deneme kay\u0131tlar\u0131ndan itibaren inceleme yapt\u0131klar\u0131n\u0131 kaydeden \u00c7ak\u0131lc\u0131, Trablusgarp ile idari, askeri, ekonomik devlet yaz\u0131\u015fmalar\u0131n oldu\u011funu ifade etti. Di\u011fer yandan uluslararas\u0131 alanda, Akdeniz\u2019de seyir eden y\u00fck ve ticaret gemilerinin bu istasyonlar arac\u0131l\u0131\u011f\u0131 ile Avrupa\u2019daki ba\u015fkentlerle ileti\u015fim kurduklar\u0131n\u0131 belirterek, &#8220;Akdeniz ortas\u0131ndaki bir f\u0131rt\u0131nay\u0131 bu istasyona aktar\u0131p di\u011fer limanlara haber verebiliyor veya bir kazadan bilgi verebiliyor&#8221; \u015feklinde konu\u015ftu.<\/p>\n<p>\u00c7ak\u0131lc\u0131, tarihe sahip \u00e7\u0131k\u0131ld\u0131k\u00e7a ileriye daha g\u00fc\u00e7l\u00fc ve cesaretle bak\u0131laca\u011f\u0131n\u0131 belirterek, buran\u0131n en k\u0131sa zamanda bir telsiz telgraf m\u00fczesine d\u00f6n\u00fc\u015ft\u00fcr\u00fclmesini temenni etti.<\/p>\n","protected":false},"excerpt":{"rendered":"<p>OSMANLI DEVLET\u0130N\u0130N AVRUPA&#8217;DAK\u0130 \u0130LK K\u00dcLT\u00dcREL VE TAR\u0130H\u0130 M\u0130RASI OLAN PATARA TELS\u0130Z TELGRAF \u0130STASYONU 113 YIL SONRA G\u00dcN Y\u00dcZ\u00dcNE \u00c7IKIYOR.<\/p>\n","protected":false},"author":1,"featured_media":196714,"comment_status":"closed","ping_status":"open","sticky":false,"template":"","format":"standard","meta":{"jetpack_post_was_ever_published":false,"_jetpack_newsletter_access":"","_jetpack_dont_email_post_to_subs":false,"_jetpack_newsletter_tier_id":0,"_jetpack_memberships_contains_paywalled_content":false,"_jetpack_memberships_contains_paid_content":false,"footnotes":"","jetpack_publicize_message":"","jetpack_publicize_feature_enabled":true,"jetpack_social_post_already_shared":true,"jetpack_social_options":{"image_generator_settings":{"template":"highway","default_image_id":0,"font":"","enabled":false},"version":2}},"categories":[1],"tags":[5410,2233,20473,2579,37,9498,49419,13242,14142],"class_list":["post-196713","post","type-post","status-publish","format-standard","has-post-thumbnail","hentry","category-genel","tag-osmanli","tag-cikiyor","tag-devletinin","tag-gun","tag-ilk","tag-istasyonu","tag-telgraf","tag-telsiz","tag-yuzune"],"jetpack_publicize_connections":[],"jetpack_featured_media_url":"https:\/\/i0.wp.com\/www.tvturk.com\/wp-content\/uploads\/2019\/08\/osmanli-devletinin-ilk-telsiz-ve-telgraf-istasyonu-gun-yuzune-cikiyor_efbda81.jpg?fit=1000%2C666","jetpack_sharing_enabled":true,"jetpack_shortlink":"https:\/\/wp.me\/paKIfm-PaN","_links":{"self":[{"href":"http:\/\/www.tvturk.com\/index.php\/wp-json\/wp\/v2\/posts\/196713","targetHints":{"allow":["GET"]}}],"collection":[{"href":"http:\/\/www.tvturk.com\/index.php\/wp-json\/wp\/v2\/posts"}],"about":[{"href":"http:\/\/www.tvturk.com\/index.php\/wp-json\/wp\/v2\/types\/post"}],"author":[{"embeddable":true,"href":"http:\/\/www.tvturk.com\/index.php\/wp-json\/wp\/v2\/users\/1"}],"replies":[{"embeddable":true,"href":"http:\/\/www.tvturk.com\/index.php\/wp-json\/wp\/v2\/comments?post=196713"}],"version-history":[{"count":0,"href":"http:\/\/www.tvturk.com\/index.php\/wp-json\/wp\/v2\/posts\/196713\/revisions"}],"wp:featuredmedia":[{"embeddable":true,"href":"http:\/\/www.tvturk.com\/index.php\/wp-json\/wp\/v2\/media\/196714"}],"wp:attachment":[{"href":"http:\/\/www.tvturk.com\/index.php\/wp-json\/wp\/v2\/media?parent=196713"}],"wp:term":[{"taxonomy":"category","embeddable":true,"href":"http:\/\/www.tvturk.com\/index.php\/wp-json\/wp\/v2\/categories?post=196713"},{"taxonomy":"post_tag","embeddable":true,"href":"http:\/\/www.tvturk.com\/index.php\/wp-json\/wp\/v2\/tags?post=196713"}],"curies":[{"name":"wp","href":"https:\/\/api.w.org\/{rel}","templated":true}]}}