{"id":196721,"date":"2019-08-27T18:32:30","date_gmt":"2019-08-27T15:32:30","guid":{"rendered":"http:\/\/www.tvturk.com\/index.php\/basketbol-2-lig-fikstur-cekimi-yapildi\/"},"modified":"2019-08-27T18:32:30","modified_gmt":"2019-08-27T15:32:30","slug":"basketbol-2-lig-fikstur-cekimi-yapildi","status":"publish","type":"post","link":"http:\/\/www.tvturk.com\/index.php\/basketbol-2-lig-fikstur-cekimi-yapildi\/","title":{"rendered":"Basketbol 2. Lig fikst\u00fcr \u00e7ekimi yap\u0131ld\u0131"},"content":{"rendered":"<p>Tekirda\u011f\u2019\u0131n \u00c7orlu il\u00e7esindeki \u00c7orlu Belediyesi Gen\u00e7lik ve Spor Kul\u00fcb\u00fc\u2019n\u00fcn de yer ald\u0131\u011f\u0131 T\u00fcrkiye Basketbol \u0130kinci Ligi\u2019nde 2019-2020 sezonu fikst\u00fcr\u00fc ger\u00e7ekle\u015ftirilen kura \u00e7ekimiyle belirlendi.<\/p>\n<p>Crowne Plaza Florya Hotel\u2019deki kura \u00e7ekimine T\u00fcrkiye Basketbol Federasyonu (TBF) Y\u00f6netim Kurulu \u00dcyesi Mehmet Serhan Antalyal\u0131, TBF Genel Sekreter Yard\u0131mc\u0131s\u0131 Emin Balc\u0131, TBF Erkek Ligleri Direkt\u00f6r\u00fc Derya Yannier, TBF yetkilileri, \u00c7orlu Belediyesi Gen\u00e7lik ve Spor Kul\u00fcb\u00fc ad\u0131na \u00c7orlu Belediyesi Meclis \u00dcyesi Mert Y\u0131lmaz ve T\u00fcrkiye Basketbol \u0130kinci Ligi\u2019nde m\u00fccadele edecek di\u011fer tak\u0131mlar\u0131n temsilcileri kat\u0131ld\u0131.<\/p>\n<p>A\u00e7\u0131l\u0131\u015f konu\u015fmas\u0131n\u0131 TBF Erkek Ligleri Direkt\u00f6r\u00fc Derya Yannier ger\u00e7ekle\u015ftirdi. Yannier EBBL\u2019den kat\u0131lma hakk\u0131 kazanarak y\u00fckselen \u00c7orlu Belediyesi, Ba\u015fkent Yeni\u015fehir ve Ege \u00dcniversitesi\u2019yle ek kat\u0131l\u0131m s\u00fcrecinde lige dahil olan Ankara Kay\u0131 Gen\u00e7lik, Murat Pa\u015fao\u011flu, \u0130zmir B\u015eB, Kar\u015f\u0131yaka Belediye tak\u0131mlar\u0131na ho\u015f geldin diyerek s\u00f6zlerine ba\u015flarken, bu sene lig format\u0131nda de\u011fi\u015fikli\u011fe gittiklerini belirterek 16 tak\u0131m\u0131n tek grupta oynanaca\u011f\u0131n\u0131 s\u00f6yledi.<\/p>\n<p>Kura \u00e7ekiminin mevcut 15 tak\u0131m olmas\u0131na ra\u011fmen 16 tak\u0131mla \u00e7ekilece\u011fini s\u00f6yleyen Yannier, lige kat\u0131lmas\u0131 muhtemel tak\u0131m\u0131n\u0131n isimsiz olarak kurada olaca\u011f\u0131n\u0131 ancak y\u00f6netim kurulu olarak \u00f6n\u00fcm\u00fczdeki g\u00fcnlerde ilgili kul\u00fcb\u00fcn lige al\u0131n\u0131p al\u0131nmayaca\u011f\u0131na karar vereceklerini dile getirdi.<\/p>\n<p>2. Ligin TBL format\u0131yla ayn\u0131 olaca\u011f\u0131n\u0131 s\u00f6yleyen Yannier, normal sezonu 1. bitirenin do\u011frudan TBL\u2019ye \u00e7\u0131kaca\u011f\u0131n\u0131, 2-9 aras\u0131ndaki di\u011fer tak\u0131mlar\u0131n ise play-off oynayarak TBL\u2019ye y\u00fckseleceklerini ifade etti.<\/p>\n<p>Yannier, ligin normal sezonunun Ekim-Nisan aras\u0131nda oynanmas\u0131n\u0131 planlad\u0131klar\u0131n\u0131 ifade ederek yeni sezonda m\u00fccadele edecek t\u00fcm tak\u0131mlara iyi bir sezon diledi. \u00c7orlu Belediyesi Gen\u00e7lik ve Spor Kul\u00fcb\u00fc ad\u0131na kura \u00e7ekimine kat\u0131lan \u00c7orlu Belediyesi Meclis \u00dcyesi ve E\u011fitim, K\u00fclt\u00fcr, Gen\u00e7lik ve Spor Komisyonu \u00fcyesi Mert Y\u0131lmaz ise a\u00e7\u0131klamas\u0131nda T\u00fcrkiye Basketbol \u0130kinci Ligi\u2019nde olmaktan dolay\u0131 \u00e7ok mutlu olduklar\u0131n\u0131 belirterek avantajl\u0131 bir kura \u00e7ektiklerini belirtti.<\/p>\n<p>Kura \u00e7ekim sonucu ilk hafta ma\u00e7lar\u0131 ise \u015f\u00f6yle olu\u015ftu:<\/p>\n<p>\u00c7orlu Belediyesi &#8211; \u0130zmir B\u015eB<\/p>\n<p>Ege \u00dcniversitesi GSK &#8211; Kar\u015f\u0131yaka Belediyesi<\/p>\n<p>TED Ankara Kolej &#8211; Nazilli Belediye<\/p>\n<p>Kocaeli Ka\u011f\u0131tspor &#8211; UPS Spor<\/p>\n<p>Ankara Kay\u0131 &#8211; Erzurum B\u015eB Gen\u00e7lik<\/p>\n<p>Murat Pa\u015fao\u011flu &#8211; 16. Tak\u0131m<\/p>\n<p>Haliliye Belediye &#8211; Ba\u015fkent Yeni\u015fehir<\/p>\n<p>Bornova Bossan &#8211; Beylikd\u00fcz\u00fc Basket<\/p>\n","protected":false},"excerpt":{"rendered":"<p>BASKETBOL 2. L\u0130G F\u0130KST\u00dcR \u00c7EK\u0130M\u0130 YAPILDI<\/p>\n","protected":false},"author":1,"featured_media":196722,"comment_status":"closed","ping_status":"open","sticky":false,"template":"","format":"standard","meta":{"jetpack_post_was_ever_published":false,"_jetpack_newsletter_access":"","_jetpack_dont_email_post_to_subs":false,"_jetpack_newsletter_tier_id":0,"_jetpack_memberships_contains_paywalled_content":false,"_jetpack_memberships_contains_paid_content":false,"footnotes":"","jetpack_publicize_message":"","jetpack_publicize_feature_enabled":true,"jetpack_social_post_already_shared":true,"jetpack_social_options":{"image_generator_settings":{"template":"highway","default_image_id":0,"font":"","enabled":false},"version":2}},"categories":[657],"tags":[5099,3879,24979,905,117],"class_list":["post-196721","post","type-post","status-publish","format-standard","has-post-thumbnail","hentry","category-spor","tag-fikstur","tag-basketbol","tag-cekimi","tag-lig","tag-yapildi"],"jetpack_publicize_connections":[],"jetpack_featured_media_url":"https:\/\/i0.wp.com\/www.tvturk.com\/wp-content\/uploads\/2019\/08\/basketbol-2-lig-fikstur-cekimi-yapildi_c8844ba.jpg?fit=1000%2C731","jetpack_sharing_enabled":true,"jetpack_shortlink":"https:\/\/wp.me\/paKIfm-PaV","_links":{"self":[{"href":"http:\/\/www.tvturk.com\/index.php\/wp-json\/wp\/v2\/posts\/196721","targetHints":{"allow":["GET"]}}],"collection":[{"href":"http:\/\/www.tvturk.com\/index.php\/wp-json\/wp\/v2\/posts"}],"about":[{"href":"http:\/\/www.tvturk.com\/index.php\/wp-json\/wp\/v2\/types\/post"}],"author":[{"embeddable":true,"href":"http:\/\/www.tvturk.com\/index.php\/wp-json\/wp\/v2\/users\/1"}],"replies":[{"embeddable":true,"href":"http:\/\/www.tvturk.com\/index.php\/wp-json\/wp\/v2\/comments?post=196721"}],"version-history":[{"count":0,"href":"http:\/\/www.tvturk.com\/index.php\/wp-json\/wp\/v2\/posts\/196721\/revisions"}],"wp:featuredmedia":[{"embeddable":true,"href":"http:\/\/www.tvturk.com\/index.php\/wp-json\/wp\/v2\/media\/196722"}],"wp:attachment":[{"href":"http:\/\/www.tvturk.com\/index.php\/wp-json\/wp\/v2\/media?parent=196721"}],"wp:term":[{"taxonomy":"category","embeddable":true,"href":"http:\/\/www.tvturk.com\/index.php\/wp-json\/wp\/v2\/categories?post=196721"},{"taxonomy":"post_tag","embeddable":true,"href":"http:\/\/www.tvturk.com\/index.php\/wp-json\/wp\/v2\/tags?post=196721"}],"curies":[{"name":"wp","href":"https:\/\/api.w.org\/{rel}","templated":true}]}}