{"id":196731,"date":"2019-08-27T19:31:51","date_gmt":"2019-08-27T16:31:51","guid":{"rendered":"http:\/\/www.tvturk.com\/index.php\/trabzonda-heyelanda-evde-mahsur-kalan-3-kisi-kurtarildi\/"},"modified":"2019-08-27T19:31:51","modified_gmt":"2019-08-27T16:31:51","slug":"trabzonda-heyelanda-evde-mahsur-kalan-3-kisi-kurtarildi","status":"publish","type":"post","link":"http:\/\/www.tvturk.com\/index.php\/trabzonda-heyelanda-evde-mahsur-kalan-3-kisi-kurtarildi\/","title":{"rendered":"Trabzon\u2019da heyelanda evde mahsur kalan 3 ki\u015fi kurtar\u0131ld\u0131"},"content":{"rendered":"<p>Trabzon\u2019un Of il\u00e7esinde meydana gelen heyelanda evde mahsur kalan 3 ki\u015fi jandarma ekiplerince kurtar\u0131ld\u0131.<\/p>\n<p>Edinilen bilgiye g\u00f6re, Of il\u00e7esine ba\u011fl\u0131 Ball\u0131ca Mahallesi\u2019nde a\u015f\u0131r\u0131 ya\u011fmur sonucu olu\u015fan heyelanda bir evin alt kat\u0131nda \u00e7amur olu\u015ftu. Evde mahsur kalan ve aralar\u0131nda engelli bir ki\u015finin de bulundu\u011fu 3 ki\u015fi i\u00e7in ekipler harekete ge\u00e7ti. Olay yerine k\u0131sa s\u00fcrede ula\u015fan jandarma ekipleri mahsur kalanlar\u0131 kurtararak g\u00fcvenli b\u00f6lgeye ta\u015f\u0131d\u0131.<\/p>\n<p>B\u00f6lgede AFAD ve jandarma ekipleri harekete ge\u00e7erek \u00e7al\u0131\u015fmalar\u0131n\u0131 s\u00fcrd\u00fcr\u00fcrken Hayrat il\u00e7esinde de a\u015f\u0131r\u0131 ya\u011fmur y\u00fcz\u00fcnden caddeler dereye d\u00f6n\u00fc\u015ft\u00fc.<\/p>\n","protected":false},"excerpt":{"rendered":"<p>TRABZON\u2019UN OF \u0130L\u00c7ES\u0130NDE MEYDANA GELEN HEYELANDA EVDE MAHSUR KALAN 3 K\u0130\u015e\u0130 JANDARMA EK\u0130PLER\u0130NCE KURTARILDI.<\/p>\n","protected":false},"author":1,"featured_media":196732,"comment_status":"closed","ping_status":"open","sticky":false,"template":"","format":"standard","meta":{"jetpack_post_was_ever_published":false,"_jetpack_newsletter_access":"","_jetpack_dont_email_post_to_subs":false,"_jetpack_newsletter_tier_id":0,"_jetpack_memberships_contains_paywalled_content":false,"_jetpack_memberships_contains_paid_content":false,"footnotes":"","jetpack_publicize_message":"","jetpack_publicize_feature_enabled":true,"jetpack_social_post_already_shared":true,"jetpack_social_options":{"image_generator_settings":{"template":"highway","default_image_id":0,"font":"","enabled":false},"version":2}},"categories":[1],"tags":[4714,25820,1274,1012,766,2381,248],"class_list":["post-196731","post","type-post","status-publish","format-standard","has-post-thumbnail","hentry","category-genel","tag-evde","tag-heyelanda","tag-kalan","tag-kisi","tag-kurtarildi","tag-mahsur","tag-trabzonda"],"jetpack_publicize_connections":[],"jetpack_featured_media_url":"https:\/\/i0.wp.com\/www.tvturk.com\/wp-content\/uploads\/2019\/08\/trabzonda-heyelanda-evde-mahsur-kalan-3-kisi-kurtarildi_0a4780f.jpg?fit=1000%2C750","jetpack_sharing_enabled":true,"jetpack_shortlink":"https:\/\/wp.me\/paKIfm-Pb5","_links":{"self":[{"href":"http:\/\/www.tvturk.com\/index.php\/wp-json\/wp\/v2\/posts\/196731","targetHints":{"allow":["GET"]}}],"collection":[{"href":"http:\/\/www.tvturk.com\/index.php\/wp-json\/wp\/v2\/posts"}],"about":[{"href":"http:\/\/www.tvturk.com\/index.php\/wp-json\/wp\/v2\/types\/post"}],"author":[{"embeddable":true,"href":"http:\/\/www.tvturk.com\/index.php\/wp-json\/wp\/v2\/users\/1"}],"replies":[{"embeddable":true,"href":"http:\/\/www.tvturk.com\/index.php\/wp-json\/wp\/v2\/comments?post=196731"}],"version-history":[{"count":0,"href":"http:\/\/www.tvturk.com\/index.php\/wp-json\/wp\/v2\/posts\/196731\/revisions"}],"wp:featuredmedia":[{"embeddable":true,"href":"http:\/\/www.tvturk.com\/index.php\/wp-json\/wp\/v2\/media\/196732"}],"wp:attachment":[{"href":"http:\/\/www.tvturk.com\/index.php\/wp-json\/wp\/v2\/media?parent=196731"}],"wp:term":[{"taxonomy":"category","embeddable":true,"href":"http:\/\/www.tvturk.com\/index.php\/wp-json\/wp\/v2\/categories?post=196731"},{"taxonomy":"post_tag","embeddable":true,"href":"http:\/\/www.tvturk.com\/index.php\/wp-json\/wp\/v2\/tags?post=196731"}],"curies":[{"name":"wp","href":"https:\/\/api.w.org\/{rel}","templated":true}]}}