{"id":196733,"date":"2019-08-27T19:31:56","date_gmt":"2019-08-27T16:31:56","guid":{"rendered":"http:\/\/www.tvturk.com\/index.php\/ibrahim-tatlises-dogdugu-magarayi-gorunce-duygusal-anlar-yasadi\/"},"modified":"2019-08-27T19:31:56","modified_gmt":"2019-08-27T16:31:56","slug":"ibrahim-tatlises-dogdugu-magarayi-gorunce-duygusal-anlar-yasadi","status":"publish","type":"post","link":"http:\/\/www.tvturk.com\/index.php\/ibrahim-tatlises-dogdugu-magarayi-gorunce-duygusal-anlar-yasadi\/","title":{"rendered":"\u0130brahim Tatl\u0131ses do\u011fdu\u011fu ma\u011faray\u0131 g\u00f6r\u00fcnce duygusal anlar ya\u015fad\u0131"},"content":{"rendered":"<p>T\u00fcrk\u00fcc\u00fc \u0130brahim Tatl\u0131ses, do\u011fdu\u011fu ma\u011faran\u0131n yer ald\u0131\u011f\u0131 evi ziyaret etti. Duygusal anlar ya\u015fayan Tatl\u0131ses, &#8220;\u0130brahim Tatl\u0131ses\u2019\u0131n do\u011fdu\u011fu ma\u011fara insanlar gelip g\u00f6rs\u00fcnler. Bir\u00e7ok ki\u015fi tepeden inerken ben ma\u011faradan geldim&#8221; dedi.<\/p>\n<p>T\u00fcrk\u00fcc\u00fc \u0130brahim Tatl\u0131ses, \u015eanl\u0131urfa B\u00fcy\u00fck\u015fehir Belediyesi ile Haliliye Belediyesi i\u015fbirli\u011fi ile restore edilerek m\u00fczeye d\u00f6n\u00fc\u015ft\u00fcr\u00fclmesine karar verilen do\u011fdu\u011fu ma\u011faran\u0131n i\u00e7inde oldu\u011fu evi ziyaret etti. H\u0131zmal\u0131 Mahallesi\u2019ndeki tek katl\u0131 evin i\u00e7inde olan ma\u011faray\u0131 g\u00f6rmek i\u00e7in alana gelen Tatl\u0131ses\u2019e, halk yo\u011fun ilgi g\u00f6sterdi. Tatl\u0131ses, do\u011fdu\u011fu ma\u011faray\u0131 g\u00f6r\u00fcnce a\u011flay\u0131p, duygusal anlar ya\u015fad\u0131. Ma\u011faran\u0131n restore edilip turizme kazand\u0131r\u0131lmas\u0131ndan duydu\u011fu memnuniyeti dile getiren Tatl\u0131ses, &#8220;Ben \u0130brahim Tatl\u0131ses olarak bu ma\u011farada do\u011fdum. Daha sonra bu hale geldim. Benim en b\u00fcy\u00fck arzum. Bu evi turizme kazand\u0131rmak, Urfa\u2019ya turist ak\u0131n\u0131 olsun. Bir\u00e7ok ki\u015fi tepeden inerken ben bu ma\u011farada d\u00fcnyaya geldim&#8221; diye konu\u015ftu.<\/p>\n","protected":false},"excerpt":{"rendered":"<p>T\u00dcRK\u00dcC\u00dc \u0130BRAH\u0130M TATLISES, DO\u011eDU\u011eU MA\u011eARANIN YER ALDI\u011eI EV\u0130 Z\u0130YARET ETT\u0130. DUYGUSAL ANLAR YA\u015eAYAN TATLISES, &#8220;\u0130BRAH\u0130M TATLISES&#8217;IN DO\u011eDU\u011eU MA\u011eARA \u0130NSANLAR GEL\u0130P G\u00d6RS\u00dcNLER. B\u0130R\u00c7OK K\u0130\u015e\u0130 TEPEDEN \u0130NERKEN BEN MA\u011eARADAN GELD\u0130M&#8221; DED\u0130.<\/p>\n","protected":false},"author":1,"featured_media":196734,"comment_status":"closed","ping_status":"open","sticky":false,"template":"","format":"standard","meta":{"jetpack_post_was_ever_published":false,"_jetpack_newsletter_access":"","_jetpack_dont_email_post_to_subs":false,"_jetpack_newsletter_tier_id":0,"_jetpack_memberships_contains_paywalled_content":false,"_jetpack_memberships_contains_paid_content":false,"footnotes":"","jetpack_publicize_message":"","jetpack_publicize_feature_enabled":true,"jetpack_social_post_already_shared":true,"jetpack_social_options":{"image_generator_settings":{"template":"highway","default_image_id":0,"font":"","enabled":false},"version":2}},"categories":[1],"tags":[5816,18769,3649,9341,602,34433,22383,8303],"class_list":["post-196733","post","type-post","status-publish","format-standard","has-post-thumbnail","hentry","category-genel","tag-anlar","tag-dogdugu","tag-duygusal","tag-gorunce","tag-ibrahim","tag-magarayi","tag-tatlises","tag-yasadi"],"jetpack_publicize_connections":[],"jetpack_featured_media_url":"https:\/\/i0.wp.com\/www.tvturk.com\/wp-content\/uploads\/2019\/08\/ibrahim-tatlises-dogdugu-magarayi-gorunce-duygusal-anlar-yasadi_450b76f.jpg?fit=1000%2C687","jetpack_sharing_enabled":true,"jetpack_shortlink":"https:\/\/wp.me\/paKIfm-Pb7","_links":{"self":[{"href":"http:\/\/www.tvturk.com\/index.php\/wp-json\/wp\/v2\/posts\/196733","targetHints":{"allow":["GET"]}}],"collection":[{"href":"http:\/\/www.tvturk.com\/index.php\/wp-json\/wp\/v2\/posts"}],"about":[{"href":"http:\/\/www.tvturk.com\/index.php\/wp-json\/wp\/v2\/types\/post"}],"author":[{"embeddable":true,"href":"http:\/\/www.tvturk.com\/index.php\/wp-json\/wp\/v2\/users\/1"}],"replies":[{"embeddable":true,"href":"http:\/\/www.tvturk.com\/index.php\/wp-json\/wp\/v2\/comments?post=196733"}],"version-history":[{"count":0,"href":"http:\/\/www.tvturk.com\/index.php\/wp-json\/wp\/v2\/posts\/196733\/revisions"}],"wp:featuredmedia":[{"embeddable":true,"href":"http:\/\/www.tvturk.com\/index.php\/wp-json\/wp\/v2\/media\/196734"}],"wp:attachment":[{"href":"http:\/\/www.tvturk.com\/index.php\/wp-json\/wp\/v2\/media?parent=196733"}],"wp:term":[{"taxonomy":"category","embeddable":true,"href":"http:\/\/www.tvturk.com\/index.php\/wp-json\/wp\/v2\/categories?post=196733"},{"taxonomy":"post_tag","embeddable":true,"href":"http:\/\/www.tvturk.com\/index.php\/wp-json\/wp\/v2\/tags?post=196733"}],"curies":[{"name":"wp","href":"https:\/\/api.w.org\/{rel}","templated":true}]}}