{"id":196737,"date":"2019-08-27T19:46:27","date_gmt":"2019-08-27T16:46:27","guid":{"rendered":"http:\/\/www.tvturk.com\/index.php\/il-saglik-mudurlugunden-selzedeler-icin-mobil-saglik-ekibi\/"},"modified":"2019-08-27T19:46:27","modified_gmt":"2019-08-27T16:46:27","slug":"il-saglik-mudurlugunden-selzedeler-icin-mobil-saglik-ekibi","status":"publish","type":"post","link":"http:\/\/www.tvturk.com\/index.php\/il-saglik-mudurlugunden-selzedeler-icin-mobil-saglik-ekibi\/","title":{"rendered":"\u0130l Sa\u011fl\u0131k M\u00fcd\u00fcrl\u00fc\u011f\u00fcnden selzedeler i\u00e7in mobil sa\u011fl\u0131k ekibi"},"content":{"rendered":"<p>Samsun \u0130l Sa\u011fl\u0131k M\u00fcd\u00fcr\u00fc Dr. \u00d6\u011fretim \u00dcyesi Muhammet Ali Oru\u00e7, \u201cDo\u011fal afetten daha \u00e7ok etkilenen mahallelerde gerekli sa\u011fl\u0131k taramalar\u0131n\u0131n ve kapsaml\u0131 sa\u011fl\u0131k e\u011fitimlerinin verilmesi amac\u0131yla halk sa\u011fl\u0131\u011f\u0131 uzman\u0131 tabip, pratisyen tabip, ebe ve sa\u011fl\u0131k memurundan olu\u015fan mobil sa\u011fl\u0131k ekibi olu\u015fturulmu\u015ftur\u201d dedi.<\/p>\n<p>Oru\u00e7, Sal\u0131pazar\u0131 ve Terme il\u00e7elerinde ya\u015fanan sel afeti sonras\u0131 afet b\u00f6lgesinde yer alan mahallerde y\u00fcr\u00fct\u00fclen \u00e7al\u0131\u015fmalar hakk\u0131nda bilgi verdi<\/p>\n<p>\u201cSulardan numune al\u0131nd\u0131\u201d<\/p>\n<p>Ya\u015fanan afet neticesinde il\u00e7e genelindeki baz\u0131 mahallelerde su kesintilerinin oldu\u011fu, sularda k\u0131smi fiziksel bulan\u0131kl\u0131k oldu\u011fu ve baz\u0131 \u015febeke u\u00e7 noktalar\u0131nda yeterli d\u00fczeyde serbest klor olmad\u0131\u011f\u0131n\u0131n tespit edildi\u011fini kaydeden Oru\u00e7, \u201cM\u00fcd\u00fcrl\u00fc\u011f\u00fcm\u00fcz \u00c7evre Sa\u011fl\u0131\u011f\u0131 Birimi ve \u0130l\u00e7e Sa\u011fl\u0131k M\u00fcd\u00fcrl\u00fcklerimizin koordineli \u00e7al\u0131\u015fmas\u0131yla SASK\u0130 ve ilgili belediyelerle irtibata ge\u00e7ilerek ortak bir \u00e7al\u0131\u015fma y\u00fcr\u00fct\u00fclm\u00fc\u015f, sel bask\u0131n\u0131 sonras\u0131 il\u00e7e merkezine ve mahallelere su ak\u0131\u015f\u0131 sa\u011flanamad\u0131\u011f\u0131ndan dolay\u0131 acil \u00f6nlem olarak SASK\u0130 Genel M\u00fcd\u00fcrl\u00fc\u011f\u00fcne ait temiz i\u00e7me suyu tankerleri ile su nakline ba\u015flanm\u0131\u015ft\u0131r. Dolum noktalar\u0131nda tankerlerin klor \u00f6l\u00e7\u00fcmleri plakalar\u0131 baz al\u0131narak yap\u0131lm\u0131\u015f, gerekli klor seviyeleri belirlenmi\u015f, tespit edilen b\u00f6lgelerde su depolama alanlar\u0131n\u0131n s\u00fcper klorlama i\u015flemiyle temizlenme s\u00fcreci takip edilmi\u015f, t\u00fcm bu \u00e7al\u0131\u015fmalar boyunca hem depolardan hem verilen sulardan numune al\u0131narak s\u00fcre\u00e7 yak\u0131ndan takip edilmi\u015ftir\u201d diye konu\u015ftu.<\/p>\n<p>\u201cGerekli sa\u011fl\u0131k taramalar\u0131 yap\u0131ld\u0131\u201d<\/p>\n<p>Mevcut durumda halen tankerle yap\u0131lan sa\u011fl\u0131kl\u0131 i\u00e7me ve kullanma suyu transferinin yak\u0131ndan takip edildi\u011fini de ifade eden Oru\u00e7, \u015funlar\u0131 kaydetti:<\/p>\n<p>\u201c\u015eebeke hatt\u0131n\u0131n sa\u011flam oldu\u011fu ve su ak\u0131\u015f\u0131n\u0131n devam etti\u011fi b\u00f6lgelerde bakiye klor seviyeleri d\u00fczenli olarak izlenmekte ve gerekli kontrol numuneleri g\u00f6nderilmektedir. Akut ba\u011f\u0131rsak enfeksiyonu s\u00fcrveyans\u0131na kar\u015f\u0131 yap\u0131lan \u00e7al\u0131\u015fmalara ve halka y\u00f6nelik bilgilendirici duyurulara devam edilmektedir. Ayr\u0131ca do\u011fal afetten daha \u00e7ok etkilenen mahallelerde gerekli sa\u011fl\u0131k taramalar\u0131n\u0131n ve kapsaml\u0131 sa\u011fl\u0131k e\u011fitimlerinin verilmesi amac\u0131yla halk sa\u011fl\u0131\u011f\u0131 uzman\u0131, tabip, pratisyen tabip, ebe ve sa\u011fl\u0131k memurundan olu\u015fan mobil sa\u011fl\u0131k ekibi olu\u015fturulmu\u015ftur. Ya\u015fanan sel afeti sonras\u0131nda meydana gelen organik kirlenmenin ve kal\u0131nt\u0131lar\u0131n bertaraf edilmesi amac\u0131yla ilgili kurumlarla irtibata ge\u00e7ilmi\u015f ve s\u00fcre\u00e7 takibe al\u0131nm\u0131\u015ft\u0131r. Sel sular\u0131n\u0131n \u00e7ekilmesi sonras\u0131 ya\u015fanabilecek fare, s\u0131\u00e7an vb. kemirici istilas\u0131, akrep, y\u0131lan gibi canl\u0131lar\u0131n ortaya \u00e7\u0131kmas\u0131 ve \u00f6zellikle sivrisinek vb. ha\u015ferelerin art\u0131\u015f\u0131 hususlar\u0131nda gerekli vekt\u00f6r m\u00fccadelesi ve ila\u00e7lama \u00e7al\u0131\u015fmalar\u0131 i\u00e7in ilgili payda\u015f kurumlarla irtibata ge\u00e7ilmi\u015ftir. Bu hususlarda mobil sa\u011fl\u0131k ekipleri taraf\u0131ndan da vatanda\u015flara y\u00f6nelik e\u011fitim verilmektedir.\u201d<\/p>\n","protected":false},"excerpt":{"rendered":"<p>SAMSUN \u0130L SA\u011eLIK M\u00dcD\u00dcR\u00dc DR. \u00d6\u011eRET\u0130M \u00dcYES\u0130 MUHAMMET AL\u0130 ORU\u00c7, \u201cDO\u011eAL AFETTEN DAHA \u00c7OK ETK\u0130LENEN MAHALLELERDE GEREKL\u0130 SA\u011eLIK TARAMALARININ VE KAPSAMLI SA\u011eLIK E\u011e\u0130T\u0130MLER\u0130N\u0130N VER\u0130LMES\u0130 AMACIYLA HALK SA\u011eLI\u011eI UZMANI, TAB\u0130P, PRAT\u0130SYEN TAB\u0130P, EBE VE SA\u011eLIK MEMURUNDAN OLU\u015eAN MOB\u0130L SA\u011eLIK EK\u0130B\u0130 OLU\u015eTURULMU\u015eTUR\u201d DED\u0130.<\/p>\n","protected":false},"author":1,"featured_media":196738,"comment_status":"closed","ping_status":"open","sticky":false,"template":"","format":"standard","meta":{"jetpack_post_was_ever_published":false,"_jetpack_newsletter_access":"","_jetpack_dont_email_post_to_subs":false,"_jetpack_newsletter_tier_id":0,"_jetpack_memberships_contains_paywalled_content":false,"_jetpack_memberships_contains_paid_content":false,"footnotes":"","jetpack_publicize_message":"","jetpack_publicize_feature_enabled":true,"jetpack_social_post_already_shared":true,"jetpack_social_options":{"image_generator_settings":{"template":"highway","default_image_id":0,"font":"","enabled":false},"version":2}},"categories":[1],"tags":[2948,44,424,2183,2222,734,40060],"class_list":["post-196737","post","type-post","status-publish","format-standard","has-post-thumbnail","hentry","category-genel","tag-ekibi","tag-icin","tag-il","tag-mobil","tag-mudurlugunden","tag-saglik","tag-selzedeler"],"jetpack_publicize_connections":[],"jetpack_featured_media_url":"https:\/\/i0.wp.com\/www.tvturk.com\/wp-content\/uploads\/2019\/08\/il-saglik-mudurlugunden-selzedeler-icin-mobil-saglik-ekibi_6d458ab.jpg?fit=1000%2C666","jetpack_sharing_enabled":true,"jetpack_shortlink":"https:\/\/wp.me\/paKIfm-Pbb","_links":{"self":[{"href":"http:\/\/www.tvturk.com\/index.php\/wp-json\/wp\/v2\/posts\/196737","targetHints":{"allow":["GET"]}}],"collection":[{"href":"http:\/\/www.tvturk.com\/index.php\/wp-json\/wp\/v2\/posts"}],"about":[{"href":"http:\/\/www.tvturk.com\/index.php\/wp-json\/wp\/v2\/types\/post"}],"author":[{"embeddable":true,"href":"http:\/\/www.tvturk.com\/index.php\/wp-json\/wp\/v2\/users\/1"}],"replies":[{"embeddable":true,"href":"http:\/\/www.tvturk.com\/index.php\/wp-json\/wp\/v2\/comments?post=196737"}],"version-history":[{"count":0,"href":"http:\/\/www.tvturk.com\/index.php\/wp-json\/wp\/v2\/posts\/196737\/revisions"}],"wp:featuredmedia":[{"embeddable":true,"href":"http:\/\/www.tvturk.com\/index.php\/wp-json\/wp\/v2\/media\/196738"}],"wp:attachment":[{"href":"http:\/\/www.tvturk.com\/index.php\/wp-json\/wp\/v2\/media?parent=196737"}],"wp:term":[{"taxonomy":"category","embeddable":true,"href":"http:\/\/www.tvturk.com\/index.php\/wp-json\/wp\/v2\/categories?post=196737"},{"taxonomy":"post_tag","embeddable":true,"href":"http:\/\/www.tvturk.com\/index.php\/wp-json\/wp\/v2\/tags?post=196737"}],"curies":[{"name":"wp","href":"https:\/\/api.w.org\/{rel}","templated":true}]}}