{"id":196745,"date":"2019-08-27T20:01:28","date_gmt":"2019-08-27T17:01:28","guid":{"rendered":"http:\/\/www.tvturk.com\/index.php\/cumhurbaskani-erdogan-idlibteki-durumu-tum-boyutlari-ile-el-aldik\/"},"modified":"2019-08-27T20:01:28","modified_gmt":"2019-08-27T17:01:28","slug":"cumhurbaskani-erdogan-idlibteki-durumu-tum-boyutlari-ile-el-aldik","status":"publish","type":"post","link":"http:\/\/www.tvturk.com\/index.php\/cumhurbaskani-erdogan-idlibteki-durumu-tum-boyutlari-ile-el-aldik\/","title":{"rendered":"Cumhurba\u015fkan\u0131 Erdo\u011fan: \u201c\u0130dlib\u2019teki durumu t\u00fcm boyutlar\u0131 ile el ald\u0131k\u201d"},"content":{"rendered":"<p>Cumhurba\u015fkan\u0131 Recep Tayyip Erdo\u011fan, \u201cSuriye\u2019de ya\u015fanan geli\u015fmeleri \u0130dlib\u2019teki durum \u00f6zelinde t\u00fcm boyutlar\u0131 ile el ald\u0131k. Ge\u00e7en sene Say\u0131n Putin ile \u00e7ok hassas bir d\u00f6nemde kritik bir ad\u0131m atarak \u0130dlib\u2019de insani trajedinin \u00f6n\u00fcne ge\u00e7mi\u015ftik. Ancak rejimin May\u0131s ay\u0131ndan beri sivilleri ve sivil alt yap\u0131y\u0131 hedef alan sald\u0131r\u0131lar\u0131 \u0130dlib\u2019te tahsis etti\u011fimiz s\u00fckuneti maalesef bozdu. Bu sald\u0131r\u0131lar So\u00e7i Mutabakat\u0131\u2019n\u0131 hayata ge\u00e7irme \u00e7abalar\u0131m\u0131za da sekte vurdu\u201d dedi.<\/p>\n<p>Cumhurba\u015fkan\u0131 Recep Tayyip Erdo\u011fan ve Rusya Devlet Ba\u015fkan\u0131 Vladimir Putin, ba\u015fkent Moskova\u2019da ger\u00e7ekle\u015ftirdikleri heyetler aras\u0131 g\u00f6r\u00fc\u015fmenin ard\u0131ndan bas\u0131n a\u00e7\u0131klamas\u0131 yapt\u0131. Bas\u0131n toplant\u0131s\u0131nda yapt\u0131\u011f\u0131 konu\u015fmada \u00f6ncelikle Rusya\u2019n\u0131n davetinden ve misafirperverli\u011finden dolay\u0131 te\u015fekk\u00fcrlerini sunan Cumhurba\u015fkan\u0131 Erdo\u011fan, \u201cHer \u015feyden \u00f6nce bug\u00fcn ki bu anlaml\u0131 ziyareti MAKS 2019 Fuar\u0131\u2019n\u0131n gerek Rusya gerekse d\u00fcnyadaki savunma sanayi, uzay teknolojileriyle alakal\u0131 geli\u015fmeler noktas\u0131nda \u00f6nemli bir s\u0131\u00e7rama olaca\u011f\u0131na ben de inan\u0131yorum. Ve Rusya\u2019da bu fuar sebebi ile bulunmaktan duydu\u011fum memnuniyeti \u00f6zelikle ifade etmek istiyorum\u201d diye konu\u015ftu.<\/p>\n<p>\u201cSavunma sanayinde m\u00fcspet ad\u0131mlar at\u0131yoruz\u201d<\/p>\n<p>Rus taraf\u0131n\u0131 da 17-22 Ekim\u2019de d\u00fczenlenecek TeknoFest\u2019e davet eden Cumhurba\u015fkan\u0131 Erdo\u011fan, Rusya ile olan ili\u015fkilerin her alanda ilerledi\u011fine vurgu yaparak, \u201cSavunma sanayinde S-400 savunma sistemlerinin teslimat\u0131n\u0131n ba\u015flamas\u0131 da dahil m\u00fcspet ad\u0131mlar at\u0131yoruz. Nitekim bug\u00fcn ikili g\u00f6r\u00fc\u015fmede de savunma sanayine y\u00f6nelik bir\u00e7ok alandan neler yapabiliriz, ne gibi ad\u0131mlar atabiliriz bunlar\u0131 ele alma f\u0131rsat\u0131 bulduk\u201d \u015feklinde konu\u015ftu.<\/p>\n<p>\u201c\u0130dlib\u2019teki durumu t\u00fcm boyutlar\u0131 ile el ald\u0131k\u201d<\/p>\n<p>Putin ile yap\u0131lan g\u00f6r\u00fc\u015fmede Suriye\u2019de  ya\u015fanan son geli\u015fmeleri de ele ald\u0131klar\u0131n\u0131 belirten Cumhurba\u015fkan\u0131 Erdo\u011fan, \u201cSay\u0131n Ba\u015fkanla Suriye\u2019de ya\u015fanan geli\u015fmeleri \u0130dlib\u2019teki durum \u00f6zelinde t\u00fcm boyutlar\u0131 ile el ald\u0131k. Eyl\u00fcl ay\u0131nda So\u00e7i\u2019de vard\u0131\u011f\u0131m\u0131z mutabakatla \u0130dlib\u2019de nispi istikrar\u0131 sa\u011flam\u0131\u015ft\u0131k. Ge\u00e7en sene Say\u0131n Putin ile \u00e7ok hassas bir d\u00f6nemde kritik bir ad\u0131m atarak \u0130dlib\u2019de insani trajedinin \u00f6n\u00fcne ge\u00e7mi\u015ftik. Ancak rejimin May\u0131s ay\u0131ndan beri sivilleri ve sivil alt yap\u0131y\u0131 hedef alan sald\u0131r\u0131lar\u0131 \u0130dlib\u2019te tahsis etti\u011fimiz s\u00fckuneti maalesef bozdu. Bu sald\u0131r\u0131lar So\u00e7i Mutabakat\u0131\u2019n\u0131 hayata ge\u00e7irme \u00e7abalar\u0131m\u0131za da sekte vurdu\u201d \u015feklinde konu\u015ftu.<\/p>\n<p>\u201cRejimin ter\u00f6rizm ile m\u00fccadele bahanesi ile sivillere \u00f6l\u00fcm ya\u011fd\u0131rmas\u0131 kabul edilemez\u201d<\/p>\n<p>\u0130dlib\u2019te rejim sald\u0131r\u0131lar\u0131 sonucu b\u00f6lgede y\u00fczlerce sivilin \u00f6ld\u00fc\u011f\u00fcn\u00fc belirten Cumhurba\u015fkan\u0131 Erdo\u011fan, \u201c\u0130dlib\u2019te rejim sald\u0131r\u0131lar\u0131 sonucu May\u0131s ay\u0131ndan beri  500\u2019\u00fc a\u015fk\u0131n masum insan hayat\u0131n\u0131 kaybetti, bin 200\u2019\u00fcn \u00fczerinde sivil yaraland\u0131. Y\u00fcz binlerce \u0130dlibli evlerini, yuvalar\u0131n\u0131 \u015fuanda terk etmek zorunda kald\u0131. Bildi\u011finiz gibi 3 bu\u00e7uk milyon Suriyeli yeni bir insani felaket ile kar\u015f\u0131 kar\u015f\u0131ya bulunuyor. Bu insanlar\u0131n \u00f6nemli bir  k\u0131sm\u0131 \u00fclkemiz s\u0131n\u0131rlar\u0131na do\u011fru y\u00f6nelmi\u015f vaziyette. T\u00fcrkiye olarak halihaz\u0131rda 3.6 milyon Suriyeliye ev sahipli\u011fi yapan bir \u00fclkeyiz. Rejimin ter\u00f6rizm ile m\u00fccadele bahanesi ile sivillere karadan ve havadan \u00f6l\u00fcm ya\u011fd\u0131rmas\u0131 kabul edilemez\u201d ifadelerini kulland\u0131.<\/p>\n<p>\u201cRejimin k\u0131\u015fk\u0131rtmalar\u0131 b\u00f6lgedeki askerlerimizin can g\u00fcvenli\u011fini riske etme boyutuna varm\u0131\u015ft\u0131r\u201d<\/p>\n<p>Sivilleri hedef alan sald\u0131r\u0131lar\u0131n radikal g\u00fc\u00e7leri de kuvvetlendirdi\u011fini belirten Cumhurba\u015fkan\u0131 Erdo\u011fan, \u201cRejimin k\u0131\u015fk\u0131rtmalar\u0131 b\u00f6lgedeki askerlerimizin can g\u00fcvenli\u011fini riske etme boyutuna varm\u0131\u015ft\u0131r. Buradan \u015funu da ifade etmek istiyorum. Me\u015fru m\u00fcdafaa hakk\u0131m\u0131z, \u00f6zelikle s\u0131n\u0131rlar\u0131m\u0131z boyunca bizi m\u00fcdafaaya sevk etmektedir.  Ve tabii gereken ad\u0131mlar\u0131 da gereken zamanda atmak durumunday\u0131z. \u00dclkemizin bu konudaki kararl\u0131l\u0131\u011f\u0131n\u0131 de\u011ferli dostum Putin\u2019e de bizzat ifade ettim&#8221; a\u00e7\u0131klamas\u0131nda bulundu.<\/p>\n<p>\u201cAstana ruhu \u00e7er\u00e7evesinde \u00e7al\u0131\u015fmaya haz\u0131r\u0131z\u201d<\/p>\n<p>\u0130dlib\u2019te artan gerginli\u011fin sonlanmas\u0131 gerekti\u011fini belirten Cumhurba\u015fkan\u0131 Erdo\u011fan, \u201c\u0130dlib\u2019te s\u00fckunetin sa\u011flanmas\u0131 i\u00e7in Astana ruhu \u00e7er\u00e7evesinde \u00e7al\u0131\u015fmaya haz\u0131r oldu\u011fumuzu bir kez daha vurgulad\u0131m. So\u00e7i mutabakat\u0131 ile \u00fczerimize d\u00fc\u015fen sorumluluklar\u0131 ancak rejimin sald\u0131r\u0131lar\u0131na son verilmesi ile yerine getirebiliriz. Zaten bildi\u011finiz gibi Eyl\u00fcl ay\u0131n\u0131n ortalar\u0131nda T\u00fcrkiye\u2019de yap\u0131lacak \u00fc\u00e7l\u00fc zirve ile s\u00fcreci devam ettirece\u011fiz. Ve bu s\u00fcrecin b\u00f6lgedeki bar\u0131\u015fa \u00f6nemli katk\u0131larda bulunmas\u0131 laz\u0131m ki, temennimiz Cenevre \u00f6ncesi \u00e7ok daha \u00f6nemli ad\u0131mlar\u0131 atm\u0131\u015f olal\u0131m\u201d dedi.<\/p>\n<p>\u201cSuriye\u2019nin toprak b\u00fct\u00fcnl\u00fc\u011f\u00fcne olan ba\u011fl\u0131l\u0131\u011f\u0131m\u0131z\u0131 bir kez daha teyit ettik\u201d<\/p>\n<p>F\u0131rat\u2019\u0131n do\u011fusunda ya\u015fanan geli\u015fmeleri de ele ald\u0131klar\u0131n\u0131 belirten Erdo\u011fan, \u201cBu vesile ile Suriye\u2019nin toprak b\u00fct\u00fcnl\u00fc\u011f\u00fcne olan ba\u011fl\u0131l\u0131\u011f\u0131m\u0131z\u0131 bir kez daha teyit ettik. Rusya\u2019n\u0131n yan\u0131 s\u0131ra \u0130ran ve  Birle\u015fmi\u015f Milletler (BM) ile y\u00fcr\u00fctt\u00fc\u011f\u00fcm\u00fcz \u00e7abalar neticesinde Anayasa Komitesi\u2019nin kurulu\u015f \u00e7al\u0131\u015fmalar\u0131nda son a\u015famaya gelmi\u015f bulunuyoruz. Son p\u00fcr\u00fczleri de gidererek komitenin ilan\u0131n\u0131 en k\u0131sa s\u00fcrede yapmak istiyoruz\u201d \u015feklinde konu\u015ftu.<\/p>\n<p>\u201cGayemiz akan kan\u0131n durmas\u0131 Suriye\u2019nin \u00f6zlemini \u00e7ekti\u011fi huzur ortam\u0131na kavu\u015fmas\u0131d\u0131r\u201d<\/p>\n<p>\u201c\u0130ki  \u00fclke olarak birbirimizin g\u00fcvenlik hassasiyetlerinin fark\u0131nday\u0131z\u201d vurgusunu yapan Cumhurba\u015fkan\u0131 Erdo\u011fan, \u201cBug\u00fcne kadar de\u011ferli dostumla Suriye\u2019nin istikrar\u0131 yolunda \u00f6nemli ad\u0131mlar att\u0131k. \u0130n\u015fallah \u00f6n\u00fcm\u00fczdeki d\u00f6nemde de bu \u00e7abalar\u0131 s\u00fcrd\u00fcrece\u011fiz. Gayemiz akan kan\u0131n durmas\u0131 kom\u015fumuz Suriye\u2019nin 8 y\u0131ld\u0131r \u00f6zlemini \u00e7ekti\u011fi huzur ortam\u0131na bir an \u00f6nce kavu\u015fmas\u0131d\u0131r. Rusya federasyonu ile tesis etti\u011fimiz yak\u0131n diyalog sadece T\u00fcrkler ve Ruslar i\u00e7in de\u011fil b\u00f6lgemiz i\u00e7in de \u00f6nemlidir. Bu g\u00f6r\u00fc\u015fmemizde bu anlay\u0131\u015f\u0131m\u0131z\u0131 bir kez daha teyit etme f\u0131rsat\u0131 bulduk\u201d ifadelerini kulland\u0131.<\/p>\n<p>\u201c\u0130kili g\u00f6r\u00fc\u015fmemizde Libya, Ke\u015fmir sorununu ve Orta Do\u011fu\u2019daki son geli\u015fmeleri ele ald\u0131k\u201d<\/p>\n<p>Putin ile yap\u0131lan ikili g\u00f6r\u00fc\u015fme hakk\u0131nda da bilgi veren Cumhurba\u015fkan\u0131 Erdo\u011fan, \u201cDostum Putin ile ikili g\u00f6r\u00fc\u015fmemizde Libya sorununu ele ald\u0131k. Bunun yan\u0131nda Ke\u015fmir sorununu ele ald\u0131k, bunun yan\u0131nda Orta Do\u011fu\u2019daki son geli\u015fmeleri ele alma f\u0131rsat\u0131n\u0131 bulduk. Ve b\u00fct\u00fcn bunlarla beraber temaslar\u0131m\u0131z\u0131n \u00f6zelikle b\u00f6lgenin bar\u0131\u015f\u0131 i\u00e7in b\u00fcy\u00fck \u00f6nem ta\u015f\u0131d\u0131\u011f\u0131n\u0131 de\u011ferlendirmek sureti ile bu ziyaretimizi b\u00f6ylece tamamlad\u0131k\u201d \u015feklinde konu\u015ftu.<\/p>\n","protected":false},"excerpt":{"rendered":"<p>CUMHURBA\u015eKANI RECEP TAYY\u0130P ERDO\u011eAN VE RUSYA DEVLET BA\u015eKANI VLAD\u0130M\u0130R PUT\u0130N, BA\u015eKENT MOSKOVA\u2019DA GER\u00c7EKLE\u015eT\u0130RD\u0130KLER\u0130 HEYETLER ARASI G\u00d6R\u00dc\u015eMEN\u0130N ARDINDAN BASIN A\u00c7IKLAMASI YAPTI.<\/p>\n","protected":false},"author":1,"featured_media":196746,"comment_status":"closed","ping_status":"open","sticky":false,"template":"","format":"standard","meta":{"jetpack_post_was_ever_published":false,"_jetpack_newsletter_access":"","_jetpack_dont_email_post_to_subs":false,"_jetpack_newsletter_tier_id":0,"_jetpack_memberships_contains_paywalled_content":false,"_jetpack_memberships_contains_paid_content":false,"footnotes":"","jetpack_publicize_message":"","jetpack_publicize_feature_enabled":true,"jetpack_social_post_already_shared":true,"jetpack_social_options":{"image_generator_settings":{"template":"highway","default_image_id":0,"font":"","enabled":false},"version":2}},"categories":[10],"tags":[9151,49425,503,7151,649,47587,192,1325],"class_list":["post-196745","post","type-post","status-publish","format-standard","has-post-thumbnail","hentry","category-dunya","tag-aldik","tag-boyutlari","tag-cumhurbaskani","tag-durumu","tag-erdogan","tag-idlibteki","tag-ile","tag-tum"],"jetpack_publicize_connections":[],"jetpack_featured_media_url":"https:\/\/i0.wp.com\/www.tvturk.com\/wp-content\/uploads\/2019\/08\/cumhurbaskani-erdogan-idlibteki-durumu-tum-boyutlari-ile-el-aldik_41214b3.jpg?fit=1000%2C781","jetpack_sharing_enabled":true,"jetpack_shortlink":"https:\/\/wp.me\/paKIfm-Pbj","_links":{"self":[{"href":"http:\/\/www.tvturk.com\/index.php\/wp-json\/wp\/v2\/posts\/196745","targetHints":{"allow":["GET"]}}],"collection":[{"href":"http:\/\/www.tvturk.com\/index.php\/wp-json\/wp\/v2\/posts"}],"about":[{"href":"http:\/\/www.tvturk.com\/index.php\/wp-json\/wp\/v2\/types\/post"}],"author":[{"embeddable":true,"href":"http:\/\/www.tvturk.com\/index.php\/wp-json\/wp\/v2\/users\/1"}],"replies":[{"embeddable":true,"href":"http:\/\/www.tvturk.com\/index.php\/wp-json\/wp\/v2\/comments?post=196745"}],"version-history":[{"count":0,"href":"http:\/\/www.tvturk.com\/index.php\/wp-json\/wp\/v2\/posts\/196745\/revisions"}],"wp:featuredmedia":[{"embeddable":true,"href":"http:\/\/www.tvturk.com\/index.php\/wp-json\/wp\/v2\/media\/196746"}],"wp:attachment":[{"href":"http:\/\/www.tvturk.com\/index.php\/wp-json\/wp\/v2\/media?parent=196745"}],"wp:term":[{"taxonomy":"category","embeddable":true,"href":"http:\/\/www.tvturk.com\/index.php\/wp-json\/wp\/v2\/categories?post=196745"},{"taxonomy":"post_tag","embeddable":true,"href":"http:\/\/www.tvturk.com\/index.php\/wp-json\/wp\/v2\/tags?post=196745"}],"curies":[{"name":"wp","href":"https:\/\/api.w.org\/{rel}","templated":true}]}}