{"id":196753,"date":"2019-08-27T20:17:24","date_gmt":"2019-08-27T17:17:24","guid":{"rendered":"http:\/\/www.tvturk.com\/index.php\/2020-dunya-gencler-oryantiring-sampiyonasinin-resmi-antrenmanlari-basladi\/"},"modified":"2019-08-27T20:17:24","modified_gmt":"2019-08-27T17:17:24","slug":"2020-dunya-gencler-oryantiring-sampiyonasinin-resmi-antrenmanlari-basladi","status":"publish","type":"post","link":"http:\/\/www.tvturk.com\/index.php\/2020-dunya-gencler-oryantiring-sampiyonasinin-resmi-antrenmanlari-basladi\/","title":{"rendered":"2020 D\u00fcnya Gen\u00e7ler Oryantiring \u015eampiyonas\u0131\u2019n\u0131n resmi antrenmanlar\u0131 ba\u015flad\u0131"},"content":{"rendered":"<p>Kocaeli\u2019de ger\u00e7ekle\u015fecek olan 2020 D\u00fcnya Gen\u00e7ler Oryantiring \u015eampiyonas\u0131\u2019n\u0131n resmi antrenmanlar\u0131 ba\u015flad\u0131. Antrenmanlar\u0131 takip eden T\u00fcrkiye Oryantiring Federasyonu Ba\u015fkan\u0131 Hacer Aky\u00fcz, \u201cYakla\u015f\u0131k 50 \u00fclkeden 4-5 bin aral\u0131\u011f\u0131nda sporcunun kat\u0131lmas\u0131n\u0131 bekliyoruz\u201d dedi.<\/p>\n<p>Kocaeli B\u00fcy\u00fck\u015fehir Belediyesi\u2019nin ev sahipli\u011finde ger\u00e7ekle\u015fecek olan 2020 D\u00fcnya Gen\u00e7ler Oryantiring \u015eampiyonas\u0131\u2019n\u0131n haz\u0131rl\u0131klar\u0131 devam ediyor. 26 Haziran-4 Temmuz 2020 tarihlerinde d\u00fczenlenecek olan \u015fampiyonan\u0131n ilk resmi antrenman\u0131 yap\u0131ld\u0131. 2 Eyl\u00fcl\u2019e kadar devam edecek olan ilk antrenman kamp\u0131, Dar\u0131ca, G\u00f6lc\u00fck, Kartepe, Ba\u015fiskele ve \u0130zmit\u2019teki alanlarda d\u00fczenlendi. T\u00fcrk Milli Tak\u0131m\u0131\u2019n\u0131n yan\u0131 s\u0131ra, \u0130ngiltere ve Slovenya tak\u0131mlar\u0131n\u0131n kat\u0131ld\u0131\u011f\u0131 Kocaeli\u2019nin Ba\u015fiskele il\u00e7esindeki resmi antrenmanlarda sporcular, pusula yard\u0131m\u0131 ile haritadan y\u00f6n bularak biti\u015f \u00e7izgisine ula\u015fmak i\u00e7in k\u0131yas\u0131ya yar\u0131\u015ft\u0131. Antrenman\u0131 T\u00fcrkiye Oryantiring Federasyonu Ba\u015fkan\u0131 Hacer Aky\u00fcz, Kocaeli B\u00fcy\u00fck\u015fehir Belediyesi Genel Sekreteri Ali Ye\u015fildal ve bas\u0131n mensuplar\u0131 takip etti.<\/p>\n<p>\u201cYakla\u015f\u0131k 50 \u00fclkeden 4-5 bin aral\u0131\u011f\u0131nda sporcunun kat\u0131lmas\u0131n\u0131 bekliyoruz\u201d<\/p>\n<p>Bas\u0131n mensuplar\u0131n\u0131n sorular\u0131n\u0131 yan\u0131tlayan Federasyon Ba\u015fkan\u0131 Hacer Aky\u00fcz, \u201cYakla\u015f\u0131k 2 y\u0131l \u00f6nce bu s\u00fcrecin ba\u015flamas\u0131 harita \u00e7izimleri ile oldu. Kocaeli Valili\u011fi\u2019nin destekleri ile burada, \u00e7ok geni\u015f bir alanda yakla\u015f\u0131k 12 b\u00f6lgenin haritas\u0131 \u00e7izildi. Oryantiring haritas\u0131 bizim i\u00e7in bir tesistir. Bu \u015fampiyona sayesinde \u00e7ok \u00f6nemli bir tesisi kazand\u0131rm\u0131\u015f olduk. Her hangi bir imar olmad\u0131\u011f\u0131 s\u00fcrece, yang\u0131n \u00e7\u0131kmad\u0131k\u00e7a yakla\u015f\u0131k 40-50 y\u0131l boyunca biz bu oryantiring haritalar\u0131n\u0131 kullanabiliriz. Buradaki gen\u00e7lerimiz, ailelerimiz i\u00e7in son derece \u00f6nemli olacak bir yat\u0131r\u0131md\u0131r. Oryantiring sporu\/\u2019den 70\u2019e herkesin m\u00fccadele verebilece\u011fi bir spor olabildi\u011fi i\u00e7in sadece gen\u00e7leri de\u011fil, ailelerini ve \u00fclkelerindeki vatanda\u015flar\u0131n da kat\u0131ld\u0131\u011f\u0131 bir yar\u0131\u015f. 2020 y\u0131l\u0131nda biz burada yakla\u015f\u0131k 50 \u00fclke ile birlikte T\u00fcrk ve yabanc\u0131 sporcular\u0131 baz ald\u0131\u011f\u0131m\u0131zda 4-5 bin aral\u0131\u011f\u0131nda sporcunun kat\u0131lmas\u0131n\u0131 bekliyoruz. Biz bunlar\u0131 buralara kazand\u0131r\u0131rken sadece bir spor olarak de\u011ferlendirmedik. \u00dclkemizin tan\u0131t\u0131m\u0131, \u00f6zellikle spor turizmi a\u00e7\u0131s\u0131ndan de\u011ferlendirilmesi bu a\u00e7\u0131dan bizim i\u00e7in \u00e7ok \u00f6nemli. Bir sporcunun gelip burada bu organizasyona bu haritalar\u0131 g\u00f6rmesi, bu sporun burada yap\u0131ld\u0131\u011f\u0131n\u0131 bilmesi, \u00fclkenin di\u011fer g\u00fczelliklerini g\u00f6rmesi reklam boyutundad\u0131r\u201d dedi.<\/p>\n<p>\u201cHaz\u0131rl\u0131k \u00e7al\u0131\u015fmalar\u0131 ba\u015flam\u0131\u015f vaziyette\u201c<\/p>\n<p>Konuyla ilgili a\u00e7\u0131klama yapan Kocaeli B\u00fcy\u00fck\u015fehir Belediye Ba\u015fkan\u0131 Tahir B\u00fcy\u00fckak\u0131n, \u201cTabi bizim a\u00e7\u0131m\u0131zdan kentimizi spor \u015fehri yapma a\u00e7\u0131s\u0131ndan bu son derece \u00e7ok \u00f6nemli bir f\u0131rsat. Daha \u00f6nce federasyon Ba\u015fkan\u0131m\u0131zla yapt\u0131\u011f\u0131m\u0131z g\u00f6r\u00fc\u015fmelerde seve seve b\u00f6yle bir organizasyona ev sahipli\u011fi yapaca\u011f\u0131m\u0131z\u0131 ifade etmi\u015ftik.  \u015eimdi onla ilgi haz\u0131rl\u0131k \u00e7al\u0131\u015fmalar\u0131 ba\u015flam\u0131\u015f vaziyette. \u0130ngiltere ve Slovenya bug\u00fcn geldiler. Milli tak\u0131m sporcular\u0131m\u0131z da burada. \u0130n\u015fallah 2020\u2019de yap\u0131lacak olan D\u00fcnya Gen\u00e7ler \u015eampiyonas\u0131nda \u00f6nemli bir ba\u015far\u0131ya imza atacaklar. T\u00fcrkiye i\u00e7in yeni bir spor. Gen\u00e7lerin g\u00f6zlerinde ki p\u0131r\u0131l p\u0131r\u0131l ifadeleri g\u00f6r\u00fcnce onlar\u0131n ba\u015far\u0131l\u0131 olaca\u011f\u0131na inan\u0131yoruz. \u0130n\u015fallah Kocaeli yapm\u0131\u015f oldu\u011fu bu ev sahipliyle hem \u015fehrimizi d\u00fcnyaya tan\u0131tmak i\u00e7in f\u0131rsat olur hem de oryantiring sporu kentimizde ve \u00fclkemizde sevilsin diye katk\u0131 sunmu\u015f oluruz\u201d diye konu\u015ftu.<\/p>\n","protected":false},"excerpt":{"rendered":"<p>KOCAEL\u0130\u2019DE GER\u00c7EKLE\u015eECEK OLAN 2020 D\u00dcNYA GEN\u00c7LER ORYANT\u0130R\u0130NG \u015eAMP\u0130YONASI\u2019NIN RESM\u0130 ANTRENMANLARI BA\u015eLADI.<\/p>\n","protected":false},"author":1,"featured_media":196754,"comment_status":"closed","ping_status":"open","sticky":false,"template":"","format":"standard","meta":{"jetpack_post_was_ever_published":false,"_jetpack_newsletter_access":"","_jetpack_dont_email_post_to_subs":false,"_jetpack_newsletter_tier_id":0,"_jetpack_memberships_contains_paywalled_content":false,"_jetpack_memberships_contains_paid_content":false,"footnotes":"","jetpack_publicize_message":"","jetpack_publicize_feature_enabled":true,"jetpack_social_post_already_shared":true,"jetpack_social_options":{"image_generator_settings":{"template":"highway","default_image_id":0,"font":"","enabled":false},"version":2}},"categories":[657],"tags":[349,11539,49428,55,1622,394,3690,17103],"class_list":["post-196753","post","type-post","status-publish","format-standard","has-post-thumbnail","hentry","category-spor","tag-dunya","tag-11539","tag-antrenmanlari","tag-basladi","tag-gencler","tag-oryantiring","tag-resmi","tag-sampiyonasinin"],"jetpack_publicize_connections":[],"jetpack_featured_media_url":"https:\/\/i0.wp.com\/www.tvturk.com\/wp-content\/uploads\/2019\/08\/2020-dunya-gencler-oryantiring-sampiyonasinin-resmi-antrenmanlari-basladi_07e9ba5.jpg?fit=1000%2C666","jetpack_sharing_enabled":true,"jetpack_shortlink":"https:\/\/wp.me\/paKIfm-Pbr","_links":{"self":[{"href":"http:\/\/www.tvturk.com\/index.php\/wp-json\/wp\/v2\/posts\/196753","targetHints":{"allow":["GET"]}}],"collection":[{"href":"http:\/\/www.tvturk.com\/index.php\/wp-json\/wp\/v2\/posts"}],"about":[{"href":"http:\/\/www.tvturk.com\/index.php\/wp-json\/wp\/v2\/types\/post"}],"author":[{"embeddable":true,"href":"http:\/\/www.tvturk.com\/index.php\/wp-json\/wp\/v2\/users\/1"}],"replies":[{"embeddable":true,"href":"http:\/\/www.tvturk.com\/index.php\/wp-json\/wp\/v2\/comments?post=196753"}],"version-history":[{"count":0,"href":"http:\/\/www.tvturk.com\/index.php\/wp-json\/wp\/v2\/posts\/196753\/revisions"}],"wp:featuredmedia":[{"embeddable":true,"href":"http:\/\/www.tvturk.com\/index.php\/wp-json\/wp\/v2\/media\/196754"}],"wp:attachment":[{"href":"http:\/\/www.tvturk.com\/index.php\/wp-json\/wp\/v2\/media?parent=196753"}],"wp:term":[{"taxonomy":"category","embeddable":true,"href":"http:\/\/www.tvturk.com\/index.php\/wp-json\/wp\/v2\/categories?post=196753"},{"taxonomy":"post_tag","embeddable":true,"href":"http:\/\/www.tvturk.com\/index.php\/wp-json\/wp\/v2\/tags?post=196753"}],"curies":[{"name":"wp","href":"https:\/\/api.w.org\/{rel}","templated":true}]}}