{"id":196765,"date":"2019-08-27T22:17:28","date_gmt":"2019-08-27T19:17:28","guid":{"rendered":"http:\/\/www.tvturk.com\/index.php\/fenerbahce-trabzonspor-maci-hazirliklarini-surdurdu-4\/"},"modified":"2019-08-27T22:17:28","modified_gmt":"2019-08-27T19:17:28","slug":"fenerbahce-trabzonspor-maci-hazirliklarini-surdurdu-4","status":"publish","type":"post","link":"http:\/\/www.tvturk.com\/index.php\/fenerbahce-trabzonspor-maci-hazirliklarini-surdurdu-4\/","title":{"rendered":"Fenerbah\u00e7e, Trabzonspor ma\u00e7\u0131 haz\u0131rl\u0131klar\u0131n\u0131 s\u00fcrd\u00fcrd\u00fc"},"content":{"rendered":"<p>Fenerbah\u00e7e, S\u00fcper Lig\u2019in 3. haftas\u0131nda sahas\u0131nda oynayaca\u011f\u0131 Trabzonspor ma\u00e7\u0131 haz\u0131rl\u0131klar\u0131n\u0131 s\u00fcrd\u00fcrd\u00fc.<\/p>\n<p>Teknik Direkt\u00f6r Ersun Yanal y\u00f6netiminde ger\u00e7ekle\u015ftirilen antrenman ko\u015fu, \u0131s\u0131nma ve koordinasyon hareketleriyle ba\u015flad\u0131. \u00c7abukluk \u00e7al\u0131\u015fmalar\u0131yla devam eden antrenman, \u00fc\u00e7erli gruplar halinde dar alanda yap\u0131lan \u00e7ift kale ma\u00e7larla tamamland\u0131. Yeni transfer Frans\u0131z savunma oyuncusu Adil Rami de tak\u0131mla birlikte ilk antrenman\u0131na \u00e7\u0131kt\u0131.<\/p>\n<p>Fenerbah\u00e7e, Trabzonspor ma\u00e7\u0131 haz\u0131rl\u0131klar\u0131n\u0131 yar\u0131n yapaca\u011f\u0131 \u00e7al\u0131\u015fmalarla s\u00fcrd\u00fcrecek.<\/p>\n","protected":false},"excerpt":{"rendered":"<p>FENERBAH\u00c7E, S\u00dcPER L\u0130G&#8217;\u0130N 3. HAFTASINDA SAHASINDA OYNAYACA\u011eI TRABZONSPOR MA\u00c7I HAZIRLIKLARINI S\u00dcRD\u00dcRD\u00dc.<\/p>\n","protected":false},"author":1,"featured_media":196766,"comment_status":"closed","ping_status":"open","sticky":false,"template":"","format":"standard","meta":{"jetpack_post_was_ever_published":false,"_jetpack_newsletter_access":"","_jetpack_dont_email_post_to_subs":false,"_jetpack_newsletter_tier_id":0,"_jetpack_memberships_contains_paywalled_content":false,"_jetpack_memberships_contains_paid_content":false,"footnotes":"","jetpack_publicize_message":"","jetpack_publicize_feature_enabled":true,"jetpack_social_post_already_shared":true,"jetpack_social_options":{"image_generator_settings":{"template":"highway","default_image_id":0,"font":"","enabled":false},"version":2}},"categories":[657],"tags":[2626,2628,777,2629,916],"class_list":["post-196765","post","type-post","status-publish","format-standard","has-post-thumbnail","hentry","category-spor","tag-fenerbahce","tag-hazirliklarini","tag-maci","tag-surdurdu","tag-trabzonspor"],"jetpack_publicize_connections":[],"jetpack_featured_media_url":"https:\/\/i0.wp.com\/www.tvturk.com\/wp-content\/uploads\/2019\/08\/fenerbahce-trabzonspor-maci-hazirliklarini-surdurdu_8103a39.jpg?fit=1000%2C745","jetpack_sharing_enabled":true,"jetpack_shortlink":"https:\/\/wp.me\/paKIfm-PbD","_links":{"self":[{"href":"http:\/\/www.tvturk.com\/index.php\/wp-json\/wp\/v2\/posts\/196765","targetHints":{"allow":["GET"]}}],"collection":[{"href":"http:\/\/www.tvturk.com\/index.php\/wp-json\/wp\/v2\/posts"}],"about":[{"href":"http:\/\/www.tvturk.com\/index.php\/wp-json\/wp\/v2\/types\/post"}],"author":[{"embeddable":true,"href":"http:\/\/www.tvturk.com\/index.php\/wp-json\/wp\/v2\/users\/1"}],"replies":[{"embeddable":true,"href":"http:\/\/www.tvturk.com\/index.php\/wp-json\/wp\/v2\/comments?post=196765"}],"version-history":[{"count":0,"href":"http:\/\/www.tvturk.com\/index.php\/wp-json\/wp\/v2\/posts\/196765\/revisions"}],"wp:featuredmedia":[{"embeddable":true,"href":"http:\/\/www.tvturk.com\/index.php\/wp-json\/wp\/v2\/media\/196766"}],"wp:attachment":[{"href":"http:\/\/www.tvturk.com\/index.php\/wp-json\/wp\/v2\/media?parent=196765"}],"wp:term":[{"taxonomy":"category","embeddable":true,"href":"http:\/\/www.tvturk.com\/index.php\/wp-json\/wp\/v2\/categories?post=196765"},{"taxonomy":"post_tag","embeddable":true,"href":"http:\/\/www.tvturk.com\/index.php\/wp-json\/wp\/v2\/tags?post=196765"}],"curies":[{"name":"wp","href":"https:\/\/api.w.org\/{rel}","templated":true}]}}