{"id":196785,"date":"2019-08-28T09:31:41","date_gmt":"2019-08-28T06:31:41","guid":{"rendered":"http:\/\/www.tvturk.com\/index.php\/burun-estetiginde-turkiyeye-ilgi-artiyor\/"},"modified":"2019-08-28T09:31:41","modified_gmt":"2019-08-28T06:31:41","slug":"burun-estetiginde-turkiyeye-ilgi-artiyor","status":"publish","type":"post","link":"http:\/\/www.tvturk.com\/index.php\/burun-estetiginde-turkiyeye-ilgi-artiyor\/","title":{"rendered":"Burun esteti\u011finde T\u00fcrkiye\u2019ye ilgi art\u0131yor"},"content":{"rendered":"<p>Burun esteti\u011finin son zamanlarda \u00e7ok reva\u00e7ta oldu\u011funu ifade eden Kulak Burun Bo\u011faz ve Ba\u015f Boyun Cerrahisi Uzman\u0131 Op. Dr. Y\u00fccel Birinci, T\u00fcrkiye\u2019de kullan\u0131lan yeni kapal\u0131 ameliyat tekni\u011fi nedeniyle yurt d\u0131\u015f\u0131ndan bu ameliyatlara ilginin artt\u0131\u011f\u0131n\u0131 s\u00f6yledi.<\/p>\n<p>Burun esteti\u011finin son zamanlarda \u00e7ok reva\u00e7ta oldu\u011funu ifade eden Egesante T\u0131p Merkezi Kulak Burun Bo\u011faz ve Ba\u015f Boyun Cerrahisi Uzman\u0131 Op. Dr. Y\u00fccel Birinci, \u201cSon y\u0131llarda say\u0131s\u0131 en h\u0131zl\u0131 artan ameliyat burun esteti\u011fi ameliyatlar\u0131d\u0131r. Bunda biz T\u00fcrk cerrahlar\u0131n ald\u0131\u011f\u0131 iyi sonu\u00e7lar ve kulland\u0131\u011f\u0131m\u0131z teknolojik aletler sayesinde bu ameliyat\u0131n hem s\u00fcresini hem de ameliyat sonras\u0131 iyile\u015fme s\u00fcresini k\u0131saltmam\u0131z b\u00fcy\u00fck rol oynuyor\u201d dedi.<\/p>\n<p>T\u00fcrkiye\u2019ye yurt d\u0131\u015f\u0131ndan bir\u00e7ok hastan\u0131n estetik ameliyat i\u00e7in geldi\u011fini s\u00f6yleyen Op. Dr. Birinci, \u201cKapal\u0131 ameliyat tekni\u011finin taraf\u0131m\u0131zca \u00e7ok yo\u011fun kullan\u0131lmas\u0131 bunlar\u0131n ba\u015fl\u0131ca sebeplerinden. Ciltte herhangi bir kesim i\u015flemi yap\u0131lm\u0131yor. Burun dokular\u0131na, ba\u011flar\u0131na, damarlar\u0131na gayet sa\u011fl\u0131kl\u0131 bir \u015fekilde yakla\u015farak, bu yap\u0131lar korunarak yap\u0131lan bir ameliyat tekni\u011fi. Tabii bu yap\u0131lan ameliyatlar\u0131n, ameliyat sonras\u0131 hastalar\u0131n iyile\u015fmesine, sonucuna direkt olarak yans\u0131yor\u201d diye konu\u015ftu.<\/p>\n<p>&#8220;Burunlar \u00e7ok daha do\u011fal oluyor&#8221;<\/p>\n<p>Eski d\u00f6nemlerden kalan demir aletlerle t\u00f6rp\u00fcleme ve kal\u0131n keskilerle kemi\u011fi \u015fekillendirme gibi y\u00f6ntemlerin art\u0131k terk edildi\u011fini s\u00f6yleyen Op. Dr. Birinci, \u201cHer \u015fey son derece teknolojik. Bu ameliyatlar\u0131 cildi kesmeden yapt\u0131\u011f\u0131n\u0131z zaman ve bunu d\u00fczg\u00fcn bir \u015fekilde yapt\u0131\u011f\u0131n\u0131z zaman sonu\u00e7 tabii ki daha g\u00fczel oluyor. Burunlar \u00e7ok daha do\u011fal oluyor\u201d dedi.<\/p>\n<p>Eskisi gibi ameliyat sonras\u0131 ilk 1 ay \u015fi\u015fliklerin olmad\u0131\u011f\u0131n\u0131 ifade eden Op. Dr. Birinci, \u201c\u015ei\u015flikler olsa bile ilk haftada ge\u00e7iyor. \u00c7\u00fcnk\u00fc dokular daha h\u0131zl\u0131 iyile\u015fiyor. Cilt kesi\u011fi olmad\u0131\u011f\u0131 i\u00e7in de iz kalm\u0131yor. Yine kesi olmad\u0131\u011f\u0131 i\u00e7in diki\u015f yok, diki\u015f izi yok, diki\u015f alma sorunu yok. Kullan\u0131lan tamponlarla hasta rahat nefes al\u0131yor. \u0130lk 3 g\u00fcn tampondaki deliklerden hava ge\u00e7ti\u011fi i\u00e7in tampona ba\u011fl\u0131 burun t\u0131kan\u0131kl\u0131\u011f\u0131 da olmuyor\u201d ifadelerini kulland\u0131.<\/p>\n<p>Burun esteti\u011fi i\u00e7in en ideal mevsimin bahar oldu\u011funu anlatan Op. Dr. Birinci, \u201cYaz\u0131n \u00e7ok s\u0131caklardan g\u00fcne\u015f g\u00f6zl\u00fc\u011f\u00fc takmak, havuza girmek ilk 1 ay s\u0131k\u0131nt\u0131l\u0131 olabilir. Bunu istemeyen hastalar olabilir. Ama k\u0131\u015f\u0131n da a\u015f\u0131r\u0131 so\u011fuklardan gribal enfeksiyonlar burun ameliyat\u0131ndan sonra g\u00f6r\u00fclebilir. Bu da baz\u0131 insanlar\u0131 rahats\u0131z edebilir. Tabii en g\u00fczeli bahar ay\u0131d\u0131r. Ama bu ameliyat her mevsim yap\u0131l\u0131r. Yaz\u0131n da \u00e7ok s\u0131kl\u0131kla yap\u0131l\u0131r\u201d dedi.<\/p>\n","protected":false},"excerpt":{"rendered":"<p>BURUN ESTET\u0130\u011e\u0130N\u0130N SON ZAMANLARDA \u00c7OK REVA\u00c7TA OLDU\u011eUNU \u0130FADE EDEN KULAK BURUN BO\u011eAZ VE BA\u015e BOYUN CERRAH\u0130S\u0130 UZMANI OP. DR. Y\u00dcCEL B\u0130R\u0130NC\u0130, T\u00dcRK\u0130YE\u2019DE KULLANILAN YEN\u0130 KAPALI AMEL\u0130YAT TEKN\u0130\u011e\u0130 NEDEN\u0130YLE YURTDI\u015eINDAN BU AMEL\u0130YATLARA \u0130LG\u0130N\u0130N ARTTI\u011eINI S\u00d6YLED\u0130.<\/p>\n","protected":false},"author":1,"featured_media":196786,"comment_status":"closed","ping_status":"open","sticky":false,"template":"","format":"standard","meta":{"jetpack_post_was_ever_published":false,"_jetpack_newsletter_access":"","_jetpack_dont_email_post_to_subs":false,"_jetpack_newsletter_tier_id":0,"_jetpack_memberships_contains_paywalled_content":false,"_jetpack_memberships_contains_paid_content":false,"footnotes":"","jetpack_publicize_message":"","jetpack_publicize_feature_enabled":true,"jetpack_social_post_already_shared":true,"jetpack_social_options":{"image_generator_settings":{"template":"highway","default_image_id":0,"font":"","enabled":false},"version":2}},"categories":[1],"tags":[4552,5957,19365,1726,4071],"class_list":["post-196785","post","type-post","status-publish","format-standard","has-post-thumbnail","hentry","category-genel","tag-artiyor","tag-burun","tag-estetiginde","tag-ilgi","tag-turkiyeye"],"jetpack_publicize_connections":[],"jetpack_featured_media_url":"https:\/\/i0.wp.com\/www.tvturk.com\/wp-content\/uploads\/2019\/08\/burun-estetiginde-turkiyeye-ilgi-artiyor_2be1c60.jpg?fit=1000%2C666","jetpack_sharing_enabled":true,"jetpack_shortlink":"https:\/\/wp.me\/paKIfm-PbX","_links":{"self":[{"href":"http:\/\/www.tvturk.com\/index.php\/wp-json\/wp\/v2\/posts\/196785","targetHints":{"allow":["GET"]}}],"collection":[{"href":"http:\/\/www.tvturk.com\/index.php\/wp-json\/wp\/v2\/posts"}],"about":[{"href":"http:\/\/www.tvturk.com\/index.php\/wp-json\/wp\/v2\/types\/post"}],"author":[{"embeddable":true,"href":"http:\/\/www.tvturk.com\/index.php\/wp-json\/wp\/v2\/users\/1"}],"replies":[{"embeddable":true,"href":"http:\/\/www.tvturk.com\/index.php\/wp-json\/wp\/v2\/comments?post=196785"}],"version-history":[{"count":0,"href":"http:\/\/www.tvturk.com\/index.php\/wp-json\/wp\/v2\/posts\/196785\/revisions"}],"wp:featuredmedia":[{"embeddable":true,"href":"http:\/\/www.tvturk.com\/index.php\/wp-json\/wp\/v2\/media\/196786"}],"wp:attachment":[{"href":"http:\/\/www.tvturk.com\/index.php\/wp-json\/wp\/v2\/media?parent=196785"}],"wp:term":[{"taxonomy":"category","embeddable":true,"href":"http:\/\/www.tvturk.com\/index.php\/wp-json\/wp\/v2\/categories?post=196785"},{"taxonomy":"post_tag","embeddable":true,"href":"http:\/\/www.tvturk.com\/index.php\/wp-json\/wp\/v2\/tags?post=196785"}],"curies":[{"name":"wp","href":"https:\/\/api.w.org\/{rel}","templated":true}]}}