{"id":196789,"date":"2019-08-28T09:46:12","date_gmt":"2019-08-28T06:46:12","guid":{"rendered":"http:\/\/www.tvturk.com\/index.php\/mersinde-sakli-selale-turizme-kazandiriliyor\/"},"modified":"2019-08-28T09:46:12","modified_gmt":"2019-08-28T06:46:12","slug":"mersinde-sakli-selale-turizme-kazandiriliyor","status":"publish","type":"post","link":"http:\/\/www.tvturk.com\/index.php\/mersinde-sakli-selale-turizme-kazandiriliyor\/","title":{"rendered":"Mersin\u2019de \u2019Sakl\u0131 \u015eelale\u2019 turizme kazand\u0131r\u0131l\u0131yor"},"content":{"rendered":"<p>Mersin\u2019in Erdemli il\u00e7esinde yeni ke\u015ffedilen \u2019Sakl\u0131 \u015eelale\u2019ye ula\u015f\u0131m\u0131 kolayla\u015ft\u0131r\u0131p, \u015felalenin turizme kazand\u0131r\u0131lmas\u0131 amac\u0131yla y\u00fcr\u00fcy\u00fc\u015f yolu yap\u0131ld\u0131. Merdivenlerin de bulundu\u011fu yakla\u015f\u0131k 100 metrelik y\u00fcr\u00fcy\u00fc\u015f yolu parkuru ile do\u011faseverler art\u0131k \u015felaleye daha \u00e7abuk ve daha g\u00fcvenli ula\u015fabilecek.<\/p>\n<p>2 y\u0131l \u00f6nce ke\u015ffedilen ancak vadi i\u00e7inde ula\u015f\u0131m\u0131nda b\u00fcy\u00fck g\u00fc\u00e7l\u00fck ya\u015fanan \u015felalenin turizme kazand\u0131r\u0131lmas\u0131 i\u00e7in Erdemli Belediyesi taraf\u0131ndan \u00e7al\u0131\u015fma ba\u015flat\u0131ld\u0131. Bu \u00e7al\u0131\u015fmalar\u0131n ilk etab\u0131nda \u015felaleye ula\u015f\u0131m\u0131n kolayla\u015ft\u0131r\u0131lmas\u0131 ama\u00e7lanarak vadi i\u00e7inde yakla\u015f\u0131k 100 metrelik y\u00fcr\u00fcy\u00fc\u015f yolu yap\u0131ld\u0131.<\/p>\n<p>Y\u00fcr\u00fcy\u00fc\u015f yoluyla birlikte kolayl\u0131kla \u015felaleye ula\u015fan vatanda\u015flar, do\u011fa harikas\u0131 \u015felaleyi g\u00f6rmenin mutlulu\u011funu ya\u015f\u0131yor.<\/p>\n<p>Erdemli Belediye Ba\u015fkan\u0131 M\u00fckerrem Tollu, il\u00e7eye ba\u011fl\u0131 Koram\u015fal\u0131 Mahallesi\u2019nde ke\u015ffedilen \u015felaleyi turizme kazand\u0131rmak amac\u0131nda olduklar\u0131n\u0131 belirtti. Tollu, &#8220;Erdemlimizin her yan\u0131 ayr\u0131 bir g\u00fczel, nereye gitseniz tarih f\u0131\u015fk\u0131r\u0131yor, g\u00fczellik, m\u00fckemmel bir do\u011fa f\u0131\u015fk\u0131r\u0131yor. Sakl\u0131 \u015eelale yeni yeni bilinen ve ilk defa g\u00fcn y\u00fcz\u00fcne \u00e7\u0131kar\u0131lan bir yer. Belediyemiz burada ciddi bir \u00e7al\u0131\u015fma yapt\u0131. Daha \u00f6nce insanlar \u015felalenin oldu\u011fu yere ula\u015famazken, \u015fu an rahatl\u0131kla merdivenler vas\u0131tas\u0131 ile \u015felaleye ula\u015fabilecekler&#8221; dedi.<\/p>\n<p>B\u00f6lgeye ula\u015f\u0131m\u0131 sa\u011flayacak yol alt yap\u0131s\u0131 ile otopark ve \u00e7evre d\u00fczenlemesi yapmay\u0131 da planlad\u0131klar\u0131n\u0131 ifade eden Tollu, &#8220;Bu \u00e7evreyi, turizme kazand\u0131rmay\u0131 ama\u00e7l\u0131yoruz. Zaten Erdemli\u2019nin her taraf\u0131 g\u00fczelliklerle dolu. Bize d\u00fc\u015fen de var olan bu g\u00fczellikleri g\u00fcn y\u00fcz\u00fcne \u00e7\u0131kar\u0131p, daha da g\u00fczel hale getirmek&#8221; diye konu\u015ftu.<\/p>\n<p>Koram\u015fal\u0131 Mahalle Muhtar\u0131 Hasan Kurt da yap\u0131lan \u00e7al\u0131\u015fmalar\u0131 y\u00f6renin tan\u0131t\u0131m\u0131 a\u00e7\u0131s\u0131ndan \u00f6nemli bulduklar\u0131n\u0131 aktararak &#8220;\u00c7al\u0131\u015fmalardan g\u00fczel bir sonu\u00e7 elde edece\u011fiz, \u00e7evre d\u00fczenlemesi yap\u0131ld\u0131\u011f\u0131nda daha da iyi olacak&#8221; \u015feklinde konu\u015ftu.<\/p>\n<p>\u00d6vg\u00fc \u00fczerine geldiklerini anlatan ziyaret\u00e7iler ise \u015felalenin do\u011fa harikas\u0131 oldu\u011funu dile getirdi.<\/p>\n<p>Y\u00fcr\u00fcy\u00fc\u015f yolunun yap\u0131lmas\u0131yla kolayl\u0131kla \u015felaleye ula\u015fan vatanda\u015flar ve foto\u011fraf\u00e7\u0131lar \u015felalenin manzaras\u0131n\u0131n tad\u0131n\u0131 \u00e7\u0131kard\u0131.<\/p>\n","protected":false},"excerpt":{"rendered":"<p>MERS\u0130N&#8217;\u0130N ERDEML\u0130 \u0130L\u00c7ES\u0130NDE YEN\u0130 KE\u015eFED\u0130LEN &#8216;SAKLI \u015eELALE&#8217;YE ULA\u015eIMI KOLAYLA\u015eTIRIP, \u015eELALEN\u0130N TUR\u0130ZME KAZANDIRILMASI AMACIYLA Y\u00dcR\u00dcY\u00dc\u015e YOLU YAPILDI.<\/p>\n","protected":false},"author":1,"featured_media":196790,"comment_status":"closed","ping_status":"open","sticky":false,"template":"","format":"standard","meta":{"jetpack_post_was_ever_published":false,"_jetpack_newsletter_access":"","_jetpack_dont_email_post_to_subs":false,"_jetpack_newsletter_tier_id":0,"_jetpack_memberships_contains_paywalled_content":false,"_jetpack_memberships_contains_paid_content":false,"footnotes":"","jetpack_publicize_message":"","jetpack_publicize_feature_enabled":true,"jetpack_social_post_already_shared":true,"jetpack_social_options":{"image_generator_settings":{"template":"highway","default_image_id":0,"font":"","enabled":false},"version":2}},"categories":[1],"tags":[1433,14948,2218,27536,4148],"class_list":["post-196789","post","type-post","status-publish","format-standard","has-post-thumbnail","hentry","category-genel","tag-sakli","tag-kazandiriliyor","tag-mersinde","tag-selale","tag-turizme"],"jetpack_publicize_connections":[],"jetpack_featured_media_url":"https:\/\/i0.wp.com\/www.tvturk.com\/wp-content\/uploads\/2019\/08\/mersinde-sakli-selale-turizme-kazandiriliyor_57b1e12.jpg?fit=1000%2C666","jetpack_sharing_enabled":true,"jetpack_shortlink":"https:\/\/wp.me\/paKIfm-Pc1","_links":{"self":[{"href":"http:\/\/www.tvturk.com\/index.php\/wp-json\/wp\/v2\/posts\/196789","targetHints":{"allow":["GET"]}}],"collection":[{"href":"http:\/\/www.tvturk.com\/index.php\/wp-json\/wp\/v2\/posts"}],"about":[{"href":"http:\/\/www.tvturk.com\/index.php\/wp-json\/wp\/v2\/types\/post"}],"author":[{"embeddable":true,"href":"http:\/\/www.tvturk.com\/index.php\/wp-json\/wp\/v2\/users\/1"}],"replies":[{"embeddable":true,"href":"http:\/\/www.tvturk.com\/index.php\/wp-json\/wp\/v2\/comments?post=196789"}],"version-history":[{"count":0,"href":"http:\/\/www.tvturk.com\/index.php\/wp-json\/wp\/v2\/posts\/196789\/revisions"}],"wp:featuredmedia":[{"embeddable":true,"href":"http:\/\/www.tvturk.com\/index.php\/wp-json\/wp\/v2\/media\/196790"}],"wp:attachment":[{"href":"http:\/\/www.tvturk.com\/index.php\/wp-json\/wp\/v2\/media?parent=196789"}],"wp:term":[{"taxonomy":"category","embeddable":true,"href":"http:\/\/www.tvturk.com\/index.php\/wp-json\/wp\/v2\/categories?post=196789"},{"taxonomy":"post_tag","embeddable":true,"href":"http:\/\/www.tvturk.com\/index.php\/wp-json\/wp\/v2\/tags?post=196789"}],"curies":[{"name":"wp","href":"https:\/\/api.w.org\/{rel}","templated":true}]}}