{"id":196807,"date":"2019-08-28T10:02:05","date_gmt":"2019-08-28T07:02:05","guid":{"rendered":"http:\/\/www.tvturk.com\/index.php\/20nci-ulusal-anatomi-kongresi-basladi\/"},"modified":"2019-08-28T10:02:05","modified_gmt":"2019-08-28T07:02:05","slug":"20nci-ulusal-anatomi-kongresi-basladi","status":"publish","type":"post","link":"http:\/\/www.tvturk.com\/index.php\/20nci-ulusal-anatomi-kongresi-basladi\/","title":{"rendered":"20\u2019nci Ulusal Anatomi Kongresi ba\u015flad\u0131"},"content":{"rendered":"<p>T\u0131p alan\u0131nda en prestijli kongreler aras\u0131nda yer alan Ulusal Anatomi Kongresi \u0130stanbul Medipol \u00dcniversitesinin ev sahipli\u011finde ba\u015flad\u0131. 5 g\u00fcn s\u00fcrecek kongrede \u00f6\u011fretim elemanlar\u0131, lisans\u00fcst\u00fc \u00f6\u011frencileri ve uzman klinisyenler \u201cDaha \u00e7ok klinik anatomi, daha iyi hekim\u201d slogan\u0131yla bulu\u015ftu.<\/p>\n<p>\u0130stanbul Medipol \u00dcniversitesi ile T\u00fcrk Anatomi ve Klinik Anatomi Derne\u011fi i\u015f birli\u011finde ger\u00e7ekle\u015ftirilen 20\u2019nci Ulusal Anatomi Kongresi; akademisyenler, lisans\u00fcst\u00fc \u00f6\u011frenciler ve klinisyenleri bir araya getirdi. Kavac\u0131k G\u00fcney Kamp\u00fcste d\u00fczenlenen kongrenin a\u00e7\u0131l\u0131\u015f\u0131na T\u00dcBA Ba\u015fkan\u0131 Prof. Dr. Muzaffer \u015eeker, Medipol E\u011fitim ve Sa\u011fl\u0131k Grubu Y\u00f6netim Kurulu Ba\u015fkan\u0131 \u00d6zer Koca, \u0130stanbul Medipol \u00dcniversitesi M\u00fctevelli Heyeti Ba\u015fkan\u0131 Prof. Dr. Gazi Yi\u011fitba\u015f\u0131, \u0130stanbul Medipol \u00dcniversitesi Rekt\u00f6r\u00fc Prof. Dr. Sabahattin Ayd\u0131n, Samsun Ondokuz May\u0131s \u00dcniversitesi Rekt\u00f6r\u00fc Prof. Dr. Sait Bilgi\u00e7, Bal\u0131kesir \u00dcniversitesi Rekt\u00f6r\u00fc Prof. Dr. \u0130lter Ku\u015f, Tokat Gaziosmanpa\u015fa \u00dcniversitesi Rekt\u00f6r\u00fc Prof. Dr. B\u00fcnyamin \u015eahin, Ankara Medipol \u00dcniversitesi Rekt\u00f6r\u00fc Prof. Dr. Ahmet Zeki \u015eengil, \u0130stanbul Medipol \u00dcniversitesi Rekt\u00f6r Yard\u0131mc\u0131s\u0131 Prof. Dr. \u00d6mer Ceran, T\u00fcrk Anatomi ve Klinik Anatomi Derne\u011fi Ba\u015fkan\u0131 Prof. Dr. Esat Ad\u0131g\u00fczel ile T\u00fcrk N\u00f6ro\u015fir\u00fcrji Derne\u011fi Ba\u015fkan\u0131 Prof. Dr. Sava\u015f Ceylan\u2019\u0131n da aralar\u0131nda oldu\u011fu akademisyenler, dernek y\u00f6neticileri, klinisyenler ve lisans\u00fcst\u00fc \u00f6\u011frencileri kat\u0131ld\u0131.<\/p>\n<p>\u015eakul: &#8220;Kongreyi ilk kez bir vak\u0131f \u00fcniversitesi d\u00fczenliyor&#8221;<\/p>\n<p>A\u00e7\u0131\u015f konu\u015fmas\u0131n\u0131 ger\u00e7ekle\u015ftiren Kongre Ba\u015fkan\u0131 ve \u0130stanbul Medipol \u00dcniversitesi T\u0131p Fak\u00fcltesi Anatomi Anabilim Dal\u0131 B\u015fk. Prof. Dr. Bayram Ufuk \u015eakul, Medipol\u2019\u00fcn anatomi kongresi d\u00fczenleyen ilk vak\u0131f \u00fcniversitesi oldu\u011funu s\u00f6yledi. Kongrenin t\u0131p ba\u015fta olmak \u00fczere sa\u011fl\u0131k bran\u015flar\u0131nda yer t\u00fcm mesleklerin sayg\u0131nl\u0131\u011f\u0131na katk\u0131 sa\u011flayaca\u011f\u0131n\u0131 kaydeden \u015eakul, klini\u011fin anatomiden, anatominin ise klinikten ayr\u0131 tutulamayaca\u011f\u0131n\u0131 ifade etti.<\/p>\n<p>Kongre E\u015f Ba\u015fkan\u0131 ve T\u00fcrk Anatomi ve Klinik Anatomi Derne\u011fi Ba\u015fkan\u0131 Prof. Dr. Esat Ad\u0131g\u00fczel ise anatomi alan\u0131nda \u00e7al\u0131\u015fmalar y\u00fcr\u00fctmek i\u00e7in kadavra ba\u011f\u0131\u015f say\u0131s\u0131n\u0131n yetersiz oldu\u011funu ve say\u0131n\u0131n artmas\u0131 i\u00e7in \u00e7al\u0131\u015fmalar y\u00fcr\u00fctt\u00fcklerini s\u00f6yledi.<\/p>\n<p>\u0130stanbul Medipol \u00dcniversitesi T\u0131p Fak\u00fcltesi Dekan\u0131 Prof. Dr. Naci Karacao\u011flan da anatominin \u00f6\u011frenilmesi zor, unutmas\u0131 ise kolay bir bilim dal\u0131 oldu\u011funu belirtti.<\/p>\n<p>Anatomi dersi almas\u0131n\u0131n \u00fczerinden 40 y\u0131l ge\u00e7ti\u011fini kaydeden \u0130stanbul Medipol \u00dcniversitesi Rekt\u00f6r\u00fc Prof. Dr. Sabahattin Ayd\u0131n ise anatomist Prof. Dr. Sami Zan\u2019a at\u0131f yaparak &#8220;Anatomi bilmeyen cerrahlarla k\u00f6stebekler birbirlerine benzerler, ikisi de arkalar\u0131nda toprak y\u0131\u011f\u0131n\u0131n b\u0131rak\u0131rlar&#8221; dedi.<\/p>\n<p>Kadavra \u00fczerinde klinik uygulama yap\u0131ld\u0131<\/p>\n<p>Kongrenin ana konu\u015fmac\u0131lar\u0131 aras\u0131nda Prof. Dr. Richard T. Ambron, Do\u00e7. Dr. Juan R. Garcia ve \u0130stanbul Medipol \u00dcniversitesi Uluslararas\u0131 T\u0131p Fak\u00fcltesi Dekan\u0131 Prof. Dr. Abdulkadir \u00d6mer yer al\u0131yor. \u201cDaha \u00e7ok klinik anatomi, daha iyi hekim\u201d temas\u0131 ile yap\u0131lan kongrede kadavra \u00fczerinde klinik uygulamalar yap\u0131ld\u0131. Kongre kapsam\u0131nda ayr\u0131ca beyin cerrahisi, ortopedi, di\u015f hekimli\u011fi ve radyolojinin de aralar\u0131nda oldu\u011fu 7 farkl\u0131 bran\u015fta kurs, yaz\u0131l\u0131 ve s\u00f6zl\u00fc bildirim ger\u00e7ekle\u015ftiriliyor.<\/p>\n","protected":false},"excerpt":{"rendered":"<p>TIP ALANINDA EN PREST\u0130JL\u0130 KONGRELER ARASINDA YER ALAN ULUSAL ANATOM\u0130 KONGRES\u0130 \u0130STANBUL MED\u0130POL \u00dcN\u0130VERS\u0130TES\u0130N\u0130N EV SAH\u0130PL\u0130\u011e\u0130NDE BA\u015eLADI.<\/p>\n","protected":false},"author":1,"featured_media":196808,"comment_status":"closed","ping_status":"open","sticky":false,"template":"","format":"standard","meta":{"jetpack_post_was_ever_published":false,"_jetpack_newsletter_access":"","_jetpack_dont_email_post_to_subs":false,"_jetpack_newsletter_tier_id":0,"_jetpack_memberships_contains_paywalled_content":false,"_jetpack_memberships_contains_paid_content":false,"footnotes":"","jetpack_publicize_message":"","jetpack_publicize_feature_enabled":true,"jetpack_social_post_already_shared":true,"jetpack_social_options":{"image_generator_settings":{"template":"highway","default_image_id":0,"font":"","enabled":false},"version":2}},"categories":[1],"tags":[35520,49441,55,6792,2683],"class_list":["post-196807","post","type-post","status-publish","format-standard","has-post-thumbnail","hentry","category-genel","tag-20nci","tag-anatomi","tag-basladi","tag-kongresi","tag-ulusal"],"jetpack_publicize_connections":[],"jetpack_featured_media_url":"https:\/\/i0.wp.com\/www.tvturk.com\/wp-content\/uploads\/2019\/08\/20nci-ulusal-anatomi-kongresi-basladi_c9e0796.jpg?fit=1000%2C666","jetpack_sharing_enabled":true,"jetpack_shortlink":"https:\/\/wp.me\/paKIfm-Pcj","_links":{"self":[{"href":"http:\/\/www.tvturk.com\/index.php\/wp-json\/wp\/v2\/posts\/196807","targetHints":{"allow":["GET"]}}],"collection":[{"href":"http:\/\/www.tvturk.com\/index.php\/wp-json\/wp\/v2\/posts"}],"about":[{"href":"http:\/\/www.tvturk.com\/index.php\/wp-json\/wp\/v2\/types\/post"}],"author":[{"embeddable":true,"href":"http:\/\/www.tvturk.com\/index.php\/wp-json\/wp\/v2\/users\/1"}],"replies":[{"embeddable":true,"href":"http:\/\/www.tvturk.com\/index.php\/wp-json\/wp\/v2\/comments?post=196807"}],"version-history":[{"count":0,"href":"http:\/\/www.tvturk.com\/index.php\/wp-json\/wp\/v2\/posts\/196807\/revisions"}],"wp:featuredmedia":[{"embeddable":true,"href":"http:\/\/www.tvturk.com\/index.php\/wp-json\/wp\/v2\/media\/196808"}],"wp:attachment":[{"href":"http:\/\/www.tvturk.com\/index.php\/wp-json\/wp\/v2\/media?parent=196807"}],"wp:term":[{"taxonomy":"category","embeddable":true,"href":"http:\/\/www.tvturk.com\/index.php\/wp-json\/wp\/v2\/categories?post=196807"},{"taxonomy":"post_tag","embeddable":true,"href":"http:\/\/www.tvturk.com\/index.php\/wp-json\/wp\/v2\/tags?post=196807"}],"curies":[{"name":"wp","href":"https:\/\/api.w.org\/{rel}","templated":true}]}}