{"id":196823,"date":"2019-08-28T10:32:18","date_gmt":"2019-08-28T07:32:18","guid":{"rendered":"http:\/\/www.tvturk.com\/index.php\/ozel-haber-vanli-atlet-bir-yandan-kafede-calisiyor-bir-yandan-olimpiyatlara-hazirlaniyor\/"},"modified":"2019-08-28T10:32:18","modified_gmt":"2019-08-28T07:32:18","slug":"ozel-haber-vanli-atlet-bir-yandan-kafede-calisiyor-bir-yandan-olimpiyatlara-hazirlaniyor","status":"publish","type":"post","link":"http:\/\/www.tvturk.com\/index.php\/ozel-haber-vanli-atlet-bir-yandan-kafede-calisiyor-bir-yandan-olimpiyatlara-hazirlaniyor\/","title":{"rendered":"(\u00d6zel haber) Vanl\u0131 atlet bir yandan kafede \u00e7al\u0131\u015f\u0131yor, bir yandan olimpiyatlara haz\u0131rlan\u0131yor"},"content":{"rendered":"<p>2012\u2019den beri milli tak\u0131mda g\u00f6rev alan ve atletizmde say\u0131s\u0131z ba\u015far\u0131lara imza atan Vanl\u0131 atlet Ersin Tacir, bir yandan kafede \u00e7al\u0131\u015farak ge\u00e7imini sa\u011flamaya \u00e7al\u0131\u015f\u0131rken, bir yandan da olimpiyatlara haz\u0131rlan\u0131yor.<\/p>\n<p>2012 y\u0131l\u0131nda kafede \u00e7al\u0131\u015ft\u0131\u011f\u0131 s\u0131rada Vanl\u0131 bir antren\u00f6r sayesinde sporla tan\u0131\u015fan Ersin Tacir, 2013 y\u0131l\u0131nda milli tak\u0131ma se\u00e7ildi. \u0130kinci yar\u0131\u015fmas\u0131nda y\u00fcr\u00fcy\u00fc\u015f bran\u015f\u0131nda T\u00fcrkiye\u2019ye madalya getiren Tacir, bir\u00e7ok rekora imza att\u0131. Avrupa\u2019da ilk be\u015fe giren Tacir, 5 y\u0131l boyunca \u00fcst \u00fcste T\u00fcrkiye \u015fampiyonu olarak rekorlara ad\u0131n\u0131 yazd\u0131rd\u0131. 2016-2017 y\u0131l\u0131nda olimpiyat baraj\u0131n\u0131 ge\u00e7erek Rio de Janero Olimpiyat Oyunlar\u0131\u2019nda T\u00fcrkiye\u2019yi temsil eden Tacir, burada \u00fcst\u00fcn ba\u015far\u0131 sa\u011flayarak en iyi s\u0131ralamada derece getiren sporcu oldu. Van\u2019\u0131n tarihinde atletizm bran\u015f\u0131nda olimpiyatlara kat\u0131lan tek sporcusu olan Ersin Tacir, ge\u00e7im s\u0131k\u0131nt\u0131s\u0131 nedeniyle bir yandan kafede \u00e7al\u0131\u015f\u0131yor, bir yandan da 2020 ve 2024 Olimpiyatlar\u0131\u2019na haz\u0131rlan\u0131yor. Bir yandan \u00e7al\u0131\u015fmak, bir yandan da olimpiyatlara haz\u0131rlanman\u0131n zor oldu\u011funu ifade eden Vanl\u0131 sporcu Ersin Tacir, \u0130HA muhabirine yapt\u0131\u011f\u0131 a\u00e7\u0131klamada, \u201cProfesyonel bir sporcu olarak g\u00fcnde en az \u00e7ift antrenman yapmam gerekiyor. Ama ge\u00e7im derdi nedeniyle \u00e7al\u0131\u015fmak zorunday\u0131m. Antrenmanlara fazla vakit ay\u0131ram\u0131yorum. Bir yandan kafede \u00e7al\u0131\u015f\u0131yor bir yandan da 2020 ve 2024 olimpiyatlara haz\u0131rlan\u0131yorum\u201d dedi.<\/p>\n<p>\u201c\u00dclkeme daha iyi sporcu yeti\u015ftirmek istiyorum\u201d<\/p>\n<p>Devlet taraf\u0131ndan herhangi bir destek sa\u011flanmad\u0131\u011f\u0131 i\u00e7in kafede \u00e7al\u0131\u015ft\u0131\u011f\u0131 s\u00f6yleyen Ersin Tacir, &#8220;5, 10 ve 20 kilometre T\u00fcrkiye rekortmeni olan bir sporcuyum. \u0130ste\u011fim yetkililerin bana ve benim gibi sporculara sahip \u00e7\u0131kmalar\u0131d\u0131r. \u0130nan\u0131yorum ki devletin bana sa\u011flayaca\u011f\u0131 desteklerle bu rekorlar\u0131m\u0131 daha \u00fcst seviyelere \u00e7\u0131karabilirim. Federasyonun bir alt b\u00fcnyesinde \u00e7al\u0131\u015fmam halinde yar\u0131\u015fmalarda \u00fclkemi daha iyi temsil edece\u011fini d\u00fc\u015f\u00fcn\u00fcyorum. Spor belli bir ya\u015fa kadar yap\u0131labilir ama ben hayat\u0131m\u0131n ileriki y\u0131llar\u0131nda da antren\u00f6r olarak g\u00f6rev almak ve bu kapsamda Gen\u00e7lik ve Spor Bakanl\u0131\u011f\u0131\u2019n\u0131n beni bir antren\u00f6r olarak de\u011ferlendirmelerini istiyorum. Ben lisans mezunuyum. \u00dc\u00e7\u00fcnc\u00fc kademe antren\u00f6rl\u00fck ve beden e\u011fitimi belgelerim var. \u00dclkeme daha verimli sporcular yeti\u015ftirmem i\u00e7in bana imkan sa\u011flanmas\u0131n\u0131 istiyorum\u201d ifadelerini kulland\u0131.<\/p>\n<p>\u201cVanl\u0131 sporculara imkan verilmesi halinde bir\u00e7ok ba\u015far\u0131ya imza atacaklar\u201d<\/p>\n<p>Olimpiyat sporcular\u0131na sahip \u00e7\u0131k\u0131lmas\u0131 gerekti\u011finin alt\u0131n\u0131 \u00e7izen Tacir, \u201c\u015eu anda ilimizde benim gibi bir s\u00fcr\u00fc ba\u015far\u0131l\u0131 sporcu var. Bunlar\u0131n elinden tutulmas\u0131 gerekti\u011fini d\u00fc\u015f\u00fcn\u00fcyorum. \u0130nan\u0131yorum ki onlara imkan tan\u0131nmalar\u0131 halinde Vanl\u0131 sporcular\u0131n bir \u00e7ok madalya alaca\u011f\u0131n\u0131 d\u00fc\u015f\u00fcn\u00fcyorum. Sadece olimpiyatlarda, d\u00fcnya \u015fampiyonas\u0131 veya Avrupa \u015fampiyonas\u0131nda ilk \u00fc\u00e7e giren sporcular\u0131n atanmas\u0131 de\u011fil, olimpiyata kat\u0131lan t\u00fcm sporcular\u0131n atanmas\u0131 gerekti\u011fini d\u00fc\u015f\u00fcn\u00fcyorum. \u00c7\u00fcnk\u00fc bug\u00fcn d\u00fcnya ve Avrupa \u015fampiyonas\u0131nda bir\u00e7ok sporcunun olimpiyat baraj\u0131n\u0131 ge\u00e7emedi\u011fine herkes \u015fahit. Zaten 4 y\u0131lda bir olan d\u00fcnya ve olimpiyat gibi b\u00fcy\u00fck organizasyonlara T\u00fcrkiye\u2019den kat\u0131l\u0131m az oldu\u011fu i\u00e7in kat\u0131l\u0131m sa\u011flayan ve olimpiyatlarda T\u00fcrkiye\u2019yi temsil eden t\u00fcm sporcular\u0131n atanmas\u0131n\u0131 talep ediyoruz. \u00c7\u00fcnk\u00fc olimpiyat sporcusu az yeti\u015fiyor. Bu anlamda yeti\u015fen olimpiyat sporcular\u0131n\u0131n kaybedilmemesi i\u00e7in Gen\u00e7lik ve Spor Bakanl\u0131\u011f\u0131 ve ilgili m\u00fcd\u00fcrl\u00fc\u011f\u00fcn bunu dikkate almas\u0131n\u0131 ve bu noktada bizlere destek \u00e7\u0131kmalar\u0131n\u0131 istiyoruz. \u0130nan\u0131yorum ki bizlere sahip \u00e7\u0131k\u0131lmas\u0131 halinde daha g\u00fczel ba\u015far\u0131lar elde edece\u011fimize inan\u0131yorum. \u0130n\u015fallah 2020 ve 2024 Olimpiyatlar\u0131\u2019nda \u00fclkemi ve ilimi en g\u00fczel \u015fekilde temsil edece\u011fim\u201d diye konu\u015ftu.<\/p>\n","protected":false},"excerpt":{"rendered":"<p>2012\u2019DEN BER\u0130 M\u0130LL\u0130 TAKIMDA G\u00d6REV ALAN VE ATLET\u0130ZMDE SAYISIZ BA\u015eARILARA \u0130MZA ATAN VANLI ATLET ERS\u0130N TAC\u0130R, B\u0130R YANDAN KAFEDE \u00c7ALI\u015eARAK GE\u00c7\u0130M\u0130N\u0130 SA\u011eLAMAYA \u00c7ALI\u015eIRKEN B\u0130R YANDAN DA OL\u0130MP\u0130YATLARA HAZIRLANIYOR.<\/p>\n","protected":false},"author":1,"featured_media":196824,"comment_status":"closed","ping_status":"open","sticky":false,"template":"","format":"standard","meta":{"jetpack_post_was_ever_published":false,"_jetpack_newsletter_access":"","_jetpack_dont_email_post_to_subs":false,"_jetpack_newsletter_tier_id":0,"_jetpack_memberships_contains_paywalled_content":false,"_jetpack_memberships_contains_paid_content":false,"footnotes":"","jetpack_publicize_message":"","jetpack_publicize_feature_enabled":true,"jetpack_social_post_already_shared":true,"jetpack_social_options":{"image_generator_settings":{"template":"highway","default_image_id":0,"font":"","enabled":false},"version":2}},"categories":[657],"tags":[1073,3092,125,1422,1545,297,3406,31663,8823,20227],"class_list":["post-196823","post","type-post","status-publish","format-standard","has-post-thumbnail","hentry","category-spor","tag-ozel","tag-atlet","tag-bir","tag-calisiyor","tag-haber","tag-hazirlaniyor","tag-kafede","tag-olimpiyatlara","tag-vanli","tag-yandan"],"jetpack_publicize_connections":[],"jetpack_featured_media_url":"https:\/\/i0.wp.com\/www.tvturk.com\/wp-content\/uploads\/2019\/08\/ozel-haber-vanli-atlet-bir-yandan-kafede-calisiyor-bir-yandan-olimpiyatlara-hazirlaniyor_f8317fb.jpg?fit=1000%2C666","jetpack_sharing_enabled":true,"jetpack_shortlink":"https:\/\/wp.me\/paKIfm-Pcz","_links":{"self":[{"href":"http:\/\/www.tvturk.com\/index.php\/wp-json\/wp\/v2\/posts\/196823","targetHints":{"allow":["GET"]}}],"collection":[{"href":"http:\/\/www.tvturk.com\/index.php\/wp-json\/wp\/v2\/posts"}],"about":[{"href":"http:\/\/www.tvturk.com\/index.php\/wp-json\/wp\/v2\/types\/post"}],"author":[{"embeddable":true,"href":"http:\/\/www.tvturk.com\/index.php\/wp-json\/wp\/v2\/users\/1"}],"replies":[{"embeddable":true,"href":"http:\/\/www.tvturk.com\/index.php\/wp-json\/wp\/v2\/comments?post=196823"}],"version-history":[{"count":0,"href":"http:\/\/www.tvturk.com\/index.php\/wp-json\/wp\/v2\/posts\/196823\/revisions"}],"wp:featuredmedia":[{"embeddable":true,"href":"http:\/\/www.tvturk.com\/index.php\/wp-json\/wp\/v2\/media\/196824"}],"wp:attachment":[{"href":"http:\/\/www.tvturk.com\/index.php\/wp-json\/wp\/v2\/media?parent=196823"}],"wp:term":[{"taxonomy":"category","embeddable":true,"href":"http:\/\/www.tvturk.com\/index.php\/wp-json\/wp\/v2\/categories?post=196823"},{"taxonomy":"post_tag","embeddable":true,"href":"http:\/\/www.tvturk.com\/index.php\/wp-json\/wp\/v2\/tags?post=196823"}],"curies":[{"name":"wp","href":"https:\/\/api.w.org\/{rel}","templated":true}]}}