{"id":196825,"date":"2019-08-28T10:32:22","date_gmt":"2019-08-28T07:32:22","guid":{"rendered":"http:\/\/www.tvturk.com\/index.php\/boks-ile-basladi-wushu-kung-fu-sampiyon-oldu\/"},"modified":"2019-08-28T10:32:22","modified_gmt":"2019-08-28T07:32:22","slug":"boks-ile-basladi-wushu-kung-fu-sampiyon-oldu","status":"publish","type":"post","link":"http:\/\/www.tvturk.com\/index.php\/boks-ile-basladi-wushu-kung-fu-sampiyon-oldu\/","title":{"rendered":"Boks ile ba\u015flad\u0131 wushu kung fu \u015fampiyon oldu!"},"content":{"rendered":"<p>Wushu kung fu sporuyla Elaz\u0131\u011f\u2019\u0131n ilk \u015fampiyonu olan Lara P\u0131nar Avc\u0131 (17), yakalad\u0131\u011f\u0131 ba\u015far\u0131n\u0131n ard\u0131ndan, T\u00fcrk Silahl\u0131 Kuvvetleri\u2019nde g\u00f6rev yapan babas\u0131n\u0131n da tayin fikrini de\u011fi\u015ftirdi. Avrasya Balkan \u015eampiyonu olan gen\u00e7 sporcu, \u015fimdi daha b\u00fcy\u00fck ba\u015far\u0131lara imza atmak i\u00e7in aksatmadan antrenman\u0131na devam ederken, annesi de her antrenmanda ona destek oluyor.<\/p>\n<p>Elaz\u0131\u011f\u2019da 2016 y\u0131l\u0131ndan sonra tan\u0131nan Wushu Kungfu sporunda ilk meyvesini ald\u0131. Kentin ilk ve tek wushu kung fu sporcusu Lara P\u0131nar Avc\u0131 (17), Ankara\u2019da yap\u0131lan Avrasya Balkan Open Wushu Kung-Fu \u015eampiyonas\u0131 45 kilo sanda kategorisinde 572 sporcu aras\u0131nda \u015fampiyon oldu. Gen\u00e7 sporcu yakalad\u0131\u011f\u0131 bu \u00f6nemli dereceyle antren\u00f6r\u00fc ve ailesine b\u00fcy\u00fck mutluluk ya\u015fatt\u0131. \u00d6yle ki T\u00fcrk Silahl\u0131 Kuvvetleri b\u00fcnyesinde g\u00f6rev yapan babas\u0131 Lara\u2019n\u0131n ba\u015far\u0131s\u0131n\u0131n ard\u0131ndan tayin hakk\u0131 olmas\u0131na ra\u011fmen bu hakk\u0131 kullanmayarak k\u0131z\u0131n\u0131n ba\u015far\u0131s\u0131na odakland\u0131. Her antrenmana annesi Derya Avc\u0131 ile birlikte gelen ba\u015far\u0131l\u0131 sporcu, ailesinin g\u00fcvenini bo\u015fa \u00e7\u0131karmak istemiyor.<\/p>\n<p>&#8220;Benim gelece\u011fim i\u00e7in tayin istemediler&#8221;<\/p>\n<p>Wushu kung fu sporuna 2.5 y\u0131l \u00f6nce ba\u015flad\u0131\u011f\u0131 kaydeden Lara P\u0131nar Avc\u0131, \u201cAktivite ama\u00e7l\u0131 ba\u015flam\u0131\u015ft\u0131m. Evdeydim s\u00fcrekli, hocalar\u0131m beni ke\u015ffetti ve yetenekli oldu\u011fumu s\u00f6ylediler. \u00dc\u00e7 ay kendimi geli\u015ftirdikten sonra b\u00f6lgesel ma\u00e7lara \u00e7\u0131kt\u0131m. \u0130lk ma\u00e7\u0131mda yenildikten sonra daha \u00e7ok h\u0131rsland\u0131m. H\u0131rsland\u0131k\u00e7a daha \u00e7ok ba\u015far\u0131 elde ettim. B\u00f6lge ma\u00e7lar\u0131na yeniden \u00e7\u0131kt\u0131m ve \u015fampiyon oldum. Antalya\u2019da T\u00fcrkiye 2.\u2019si oldum. Daha \u00e7ok \u00e7al\u0131\u015ft\u0131m ve Ankara\u2019da Balkan \u015fampiyonu oldum. Ailem her zaman destek\u00e7im. Babam bizden uzakta g\u00f6rev yap\u0131yor. Onun g\u00fcvenini bo\u015fa \u00e7\u0131karmayarak, gururland\u0131rmak hedefindeyim. Bu sene tayin olmam\u0131z laz\u0131md\u0131 ama benim gelece\u011fim i\u00e7in tayin istemediler. Hocalar\u0131ma ve aileme \u00e7ok te\u015fekk\u00fcr ediyorum. Her zaman destek\u00e7ilerim oldu\u201d dedi.<\/p>\n<p>Bu sporun kendisine kazand\u0131rd\u0131\u011f\u0131 en \u00f6nemli \u015feyin \u00f6z g\u00fcven oldu\u011funu an\u0131msatan Avc\u0131, &#8220;Bu spor sosyalle\u015fmemi sa\u011flad\u0131. Zaten salona da annemle birlikte geliyoruz. Hem sosyalle\u015ftim, hem de i\u00e7ime kapan\u0131kl\u0131ktan kurtuldum. Benim i\u00e7in \u00e7ok g\u00fczel bir \u015fey\u201d ifadelerini kulland\u0131.<\/p>\n<p>K\u0131z\u0131n\u0131n her antrenman\u0131na destek i\u00e7in gidiyor<\/p>\n<p>K\u0131z\u0131n\u0131n ba\u015far\u0131lar\u0131n\u0131n kendisini gururland\u0131rd\u0131\u011f\u0131n\u0131 dile getiren anne Derya Avc\u0131 (40), \u201cOnun her zaman yan\u0131nda, destek\u00e7isiyiz. Bu deste\u011fe de devam edece\u011fiz. E\u015fimin g\u00f6revinden dolay\u0131 bizim tayin durumumuz var. Belirli bir s\u00fcre burada kal\u0131p, ba\u015fka bir \u015fehre gitmek zorundayd\u0131k ama k\u0131z\u0131m\u0131z i\u00e7in tayinimizi erteledik. S\u0131rf k\u0131z\u0131m\u0131z daha iyi yerlere gelebilsin diye. B\u00fct\u00fcn ailelere buradan bir mesaj g\u00f6ndermek istiyorum. \u00d6zellikle k\u0131z \u00e7ocuklar\u0131n\u0131 spora te\u015fvik etsinler. Erkek sporu diye k\u0131zlar\u0131n\u0131 salonlardan almas\u0131nlar. \u00c7ok ba\u015far\u0131l\u0131 k\u0131zlar\u0131m\u0131z var, aileleri destek vermedikleri i\u00e7in salonlara gelemiyorlar. Ben ailelere, \u015funu s\u00f6ylemek istiyorum.K\u0131z\u0131mla ben b\u00fct\u00fcn antrenmanlara geliyorum, gidiyorum. B\u00f6lgelere, \u015fehirler aras\u0131 ma\u00e7lara gidiyorum. B\u00fct\u00fcn aileler evlatlar\u0131na destek olsunlar. \u0130nan\u0131yorum ki \u00e7ok ba\u015far\u0131l\u0131 sporcular \u00e7\u0131k\u0131p T\u00fcrk bayra\u011f\u0131n\u0131 g\u00f6ndere \u00e7ekeceklerdir\u201d \u015feklinde konu\u015ftu.<\/p>\n<p>\u201cElaz\u0131\u011f\u2019\u0131n ilk milli sporcusu olacak\u201d<\/p>\n<p>Lara\u2019y\u0131 ke\u015ffeden \u015eanl\u0131 Y\u0131lmaz Spor Kul\u00fcb\u00fc Antren\u00f6r\u00fc Tarkan Y\u0131lmaz (42) ise, \u201cWushuyu Elaz\u0131\u011f\u2019da geli\u015ftiriyoruz. Lara salona ilk geldi\u011finde amac\u0131 bokstu. Kendisine bakt\u0131k daha esnek bir yap\u0131ya sahip oldu\u011funu g\u00f6rd\u00fck ve wushuya y\u00f6nlendirdik. Sporcumuzla ilgilendik, ma\u00e7lara g\u00f6t\u00fcrd\u00fck. Bu y\u0131l Antalya\u2019da derece yapt\u0131, Ankara\u2019da 1. oldu. Elaz\u0131\u011f\u2019\u0131n ilk milli sporcusu olarak tarihe ge\u00e7ece\u011fine inan\u0131yoruz. Ailesi \u00e7ok destek veriyor. \u00c7ocuklar\u0131n\u0131 bize emanet ettiler. Biz de sahip \u00e7\u0131kmaya \u00e7al\u0131\u015f\u0131yoruz. Her zaman destek\u00e7isiyiz\u201d dedi.<\/p>\n","protected":false},"excerpt":{"rendered":"<p>WUSHU KUNGFU&#8217;DA ELAZI\u011e&#8217;IN  \u0130LK  \u015eAMP\u0130YONU LARA PINAR AVCI (17), YAKALADI\u011eI BA\u015eARININ ARDINDAN, T\u00dcRK S\u0130LAHLI KUVVETLER\u0130&#8217;NDE G\u00d6REV YAPAN BABASININ DA TAY\u0130N F\u0130KR\u0130N\u0130 DE\u011e\u0130\u015eT\u0130RD\u0130.<\/p>\n","protected":false},"author":1,"featured_media":196826,"comment_status":"closed","ping_status":"open","sticky":false,"template":"","format":"standard","meta":{"jetpack_post_was_ever_published":false,"_jetpack_newsletter_access":"","_jetpack_dont_email_post_to_subs":false,"_jetpack_newsletter_tier_id":0,"_jetpack_memberships_contains_paywalled_content":false,"_jetpack_memberships_contains_paid_content":false,"footnotes":"","jetpack_publicize_message":"","jetpack_publicize_feature_enabled":true,"jetpack_social_post_already_shared":true,"jetpack_social_options":{"image_generator_settings":{"template":"highway","default_image_id":0,"font":"","enabled":false},"version":2}},"categories":[657],"tags":[55,13404,192,6067,77,2024,9549],"class_list":["post-196825","post","type-post","status-publish","format-standard","has-post-thumbnail","hentry","category-spor","tag-basladi","tag-boks","tag-ile","tag-kung","tag-oldu","tag-sampiyon","tag-wushu"],"jetpack_publicize_connections":[],"jetpack_featured_media_url":"https:\/\/i0.wp.com\/www.tvturk.com\/wp-content\/uploads\/2019\/08\/boks-ile-basladi-wushu-kung-fu-sampiyon-oldu_42cf4fd.jpg?fit=1000%2C666","jetpack_sharing_enabled":true,"jetpack_shortlink":"https:\/\/wp.me\/paKIfm-PcB","_links":{"self":[{"href":"http:\/\/www.tvturk.com\/index.php\/wp-json\/wp\/v2\/posts\/196825","targetHints":{"allow":["GET"]}}],"collection":[{"href":"http:\/\/www.tvturk.com\/index.php\/wp-json\/wp\/v2\/posts"}],"about":[{"href":"http:\/\/www.tvturk.com\/index.php\/wp-json\/wp\/v2\/types\/post"}],"author":[{"embeddable":true,"href":"http:\/\/www.tvturk.com\/index.php\/wp-json\/wp\/v2\/users\/1"}],"replies":[{"embeddable":true,"href":"http:\/\/www.tvturk.com\/index.php\/wp-json\/wp\/v2\/comments?post=196825"}],"version-history":[{"count":0,"href":"http:\/\/www.tvturk.com\/index.php\/wp-json\/wp\/v2\/posts\/196825\/revisions"}],"wp:featuredmedia":[{"embeddable":true,"href":"http:\/\/www.tvturk.com\/index.php\/wp-json\/wp\/v2\/media\/196826"}],"wp:attachment":[{"href":"http:\/\/www.tvturk.com\/index.php\/wp-json\/wp\/v2\/media?parent=196825"}],"wp:term":[{"taxonomy":"category","embeddable":true,"href":"http:\/\/www.tvturk.com\/index.php\/wp-json\/wp\/v2\/categories?post=196825"},{"taxonomy":"post_tag","embeddable":true,"href":"http:\/\/www.tvturk.com\/index.php\/wp-json\/wp\/v2\/tags?post=196825"}],"curies":[{"name":"wp","href":"https:\/\/api.w.org\/{rel}","templated":true}]}}