{"id":196827,"date":"2019-08-28T10:32:27","date_gmt":"2019-08-28T07:32:27","guid":{"rendered":"http:\/\/www.tvturk.com\/index.php\/taraftarlardan-sivas-belediyespora-moral-ziyareti\/"},"modified":"2019-08-28T10:32:27","modified_gmt":"2019-08-28T07:32:27","slug":"taraftarlardan-sivas-belediyespora-moral-ziyareti","status":"publish","type":"post","link":"http:\/\/www.tvturk.com\/index.php\/taraftarlardan-sivas-belediyespora-moral-ziyareti\/","title":{"rendered":"Taraftarlardan Sivas Belediyespor\u2019a moral ziyareti"},"content":{"rendered":"<p>TFF 2. Lig K\u0131rm\u0131z\u0131 Grup tak\u0131mlar\u0131ndan Sivas Belediyespor\u2019da Kardemir Karab\u00fckspor ma\u00e7\u0131n\u0131n haz\u0131rl\u0131klar\u0131 devam ederken, Ye\u015fil Meydan taraftar grubu tak\u0131ma moral ziyaretinde bulundu.<\/p>\n<p>Muhsin Yaz\u0131c\u0131o\u011flu Tesislerinde yap\u0131lan antrenman \u00f6ncesi Ye\u015fil Meydan taraftar grubu, teknik heyet ve futbolculara moral ziyaretinde bulundu. Yeni sezon \u00f6ncesi tak\u0131ma destek olmak amac\u0131yla d\u00fczenlenen ziyarette, grup lideri ye\u015fil-beyazl\u0131lara tatl\u0131 ikram etti.<\/p>\n<p>Ye\u015fil Meydan taraftar grubu lideri, teknik heyete ve futbolculara g\u00fcvendiklerini belirterek, Sivas Belediyespor\u2019un ligin ilk ma\u00e7\u0131ndan iyi bir sonu\u00e7 alaca\u011f\u0131na inand\u0131\u011f\u0131n\u0131 ifade etti. Sivas Belediyespor Teknik Direkt\u00f6r\u00fc Nam\u0131k Altunsoy ise, nezaket ziyareti sebebiyle memnuniyetini belirterek, &#8220;Ye\u015fil Meydan taraftar grubunun Sivas Belediyespor\u2019a iyi g\u00fcnde oldu\u011fu gibi zor zamanlar\u0131nda da destek olaca\u011f\u0131na inan\u0131yorum. Karab\u00fck ma\u00e7\u0131ndan iyi bir sonu\u00e7la ayr\u0131lmak istiyoruz. Kar\u015f\u0131la\u015fma \u00f6ncesinde Ye\u015fil Meydan taraftar grubunun bizleri ziyaret etmesi, teknik heyet ve futbolcular i\u00e7in bir moral oldu&#8221; dedi.<\/p>\n","protected":false},"excerpt":{"rendered":"<p>S\u0130VAS BELED\u0130YESPOR TARAFTAR GRUBU \u201cYE\u015e\u0130L MEYDAN\u201d YEN\u0130 SEZON \u00d6NCES\u0130NDE TEKN\u0130K HEYET VE FUTBOLCULARA MORAL Z\u0130YARET\u0130NDE BULUNDU.<\/p>\n","protected":false},"author":1,"featured_media":196828,"comment_status":"closed","ping_status":"open","sticky":false,"template":"","format":"standard","meta":{"jetpack_post_was_ever_published":false,"_jetpack_newsletter_access":"","_jetpack_dont_email_post_to_subs":false,"_jetpack_newsletter_tier_id":0,"_jetpack_memberships_contains_paywalled_content":false,"_jetpack_memberships_contains_paid_content":false,"footnotes":"","jetpack_publicize_message":"","jetpack_publicize_feature_enabled":true,"jetpack_social_post_already_shared":true,"jetpack_social_options":{"image_generator_settings":{"template":"highway","default_image_id":0,"font":"","enabled":false},"version":2}},"categories":[657],"tags":[13045,68,4247,8922,1730],"class_list":["post-196827","post","type-post","status-publish","format-standard","has-post-thumbnail","hentry","category-spor","tag-belediyespora","tag-moral","tag-sivas","tag-taraftarlardan","tag-ziyareti"],"jetpack_publicize_connections":[],"jetpack_featured_media_url":"https:\/\/i0.wp.com\/www.tvturk.com\/wp-content\/uploads\/2019\/08\/taraftarlardan-sivas-belediyespora-moral-ziyareti_265625d.jpg?fit=1000%2C646","jetpack_sharing_enabled":true,"jetpack_shortlink":"https:\/\/wp.me\/paKIfm-PcD","_links":{"self":[{"href":"http:\/\/www.tvturk.com\/index.php\/wp-json\/wp\/v2\/posts\/196827","targetHints":{"allow":["GET"]}}],"collection":[{"href":"http:\/\/www.tvturk.com\/index.php\/wp-json\/wp\/v2\/posts"}],"about":[{"href":"http:\/\/www.tvturk.com\/index.php\/wp-json\/wp\/v2\/types\/post"}],"author":[{"embeddable":true,"href":"http:\/\/www.tvturk.com\/index.php\/wp-json\/wp\/v2\/users\/1"}],"replies":[{"embeddable":true,"href":"http:\/\/www.tvturk.com\/index.php\/wp-json\/wp\/v2\/comments?post=196827"}],"version-history":[{"count":0,"href":"http:\/\/www.tvturk.com\/index.php\/wp-json\/wp\/v2\/posts\/196827\/revisions"}],"wp:featuredmedia":[{"embeddable":true,"href":"http:\/\/www.tvturk.com\/index.php\/wp-json\/wp\/v2\/media\/196828"}],"wp:attachment":[{"href":"http:\/\/www.tvturk.com\/index.php\/wp-json\/wp\/v2\/media?parent=196827"}],"wp:term":[{"taxonomy":"category","embeddable":true,"href":"http:\/\/www.tvturk.com\/index.php\/wp-json\/wp\/v2\/categories?post=196827"},{"taxonomy":"post_tag","embeddable":true,"href":"http:\/\/www.tvturk.com\/index.php\/wp-json\/wp\/v2\/tags?post=196827"}],"curies":[{"name":"wp","href":"https:\/\/api.w.org\/{rel}","templated":true}]}}